{"id":8831,"date":"2013-01-10T23:58:12","date_gmt":"2013-01-10T21:58:12","guid":{"rendered":"http:\/\/www.bbyhaber.com\/bby\/?p=8831"},"modified":"2015-07-13T09:58:18","modified_gmt":"2015-07-13T06:58:18","slug":"kutuphanesiz-baskent-ankara-feridun-buyukyildiz","status":"publish","type":"post","link":"https:\/\/www.bbyhaber.com\/bby\/2013\/01\/10\/kutuphanesiz-baskent-ankara-feridun-buyukyildiz","title":{"rendered":"K\u00fct\u00fcphanesiz Ba\u015fkent Ankara-Feridun B\u00fcy\u00fcky\u0131ld\u0131z"},"content":{"rendered":"<p style=\"text-align: justify;\"><img loading=\"lazy\" decoding=\"async\" class=\"alignleft\" src=\"http:\/\/www.stargundem.com\/dosyalar\/images\/ba%C5%9Fka%20kent%20ankara%281%29.jpg\" alt=\"\" width=\"150\" height=\"150\" \/>Ba\u015fka Kent Ankara kitab\u0131n\u0131n yazar\u0131\u00a0Feridun B\u00fcy\u00fcky\u0131ld\u0131z,\u00a0Cumhuriyet \/ Ankara &#8216;da &#8220;Ba\u015fka Kent Yaz\u0131lar\u0131&#8221; isimli k\u00f6\u015fesinde k\u00fct\u00fcphane binalar\u0131n\u0131n yetersizli\u011fi ve k\u00fct\u00fcphane say\u0131s\u0131n\u0131n azl\u0131\u011f\u0131ndan bahsetti. Yaz\u0131n\u0131n i\u00e7eri\u011fi a\u015fa\u011f\u0131dad\u0131r.<!--more--><\/p>\n<p style=\"text-align: justify;\">Bilgi, ona g\u00f6sterilen sayg\u0131 gere\u011fi daima g\u00f6rkemli mek\u00e2nlarda korunmu\u015f ve payla\u015f\u0131lm\u0131\u015ft\u0131r. B\u00fcy\u00fck \u015fehirler daima b\u00fcy\u00fck k\u00fct\u00fcphaneleri ile an\u0131lm\u0131\u015ft\u0131r. Avrupa ba\u015fkentlerine bakt\u0131\u011f\u0131m\u0131zda her biri birer sanat eseri olan g\u00f6rkemli k\u00fct\u00fcphane binalar\u0131na rastlaman\u0131z m\u00fcmk\u00fcnd\u00fcr.<\/p>\n<p style=\"text-align: justify;\">D\u00fcnyada ise k\u00fct\u00fcphane binalar\u0131 mimaride ayr\u0131 bir tarz olarak geli\u015fmektedir. T\u00fcrkiye\u2019nin ba\u015fkenti Ankara\u2019da ise g\u00f6rkemli ya da g\u00f6rkemsiz k\u00fct\u00fcphane binas\u0131na rastlaman\u0131z m\u00fcmk\u00fcn de\u011fildir.<\/p>\n<p style=\"text-align: justify;\">Ankara\u2019da ge\u00e7mi\u015fi IV. Y\u00fczy\u0131la uzanan Vatikan K\u00fct\u00fcphanesi gibi eski ve zengin koleksiyona sahip k\u00fct\u00fcphane bulamaya bilirsiniz ancak \u00fclkenin ba\u015fkentine yak\u0131\u015f\u0131r bir Halk K\u00fct\u00fcphanesi\u2019nin \u015fimdiye kadar \u00e7oktan in\u015fa edilmi\u015f olmas\u0131 gerekmez miydi?<\/p>\n<p style=\"text-align: justify;\">Halk k\u00fct\u00fcphanesi olmasa da Ankara\u2019n\u0131n en b\u00fcy\u00fck k\u00fct\u00fcphanesi, ser\u00fcveni Adnan \u00d6t\u00fcken\u2019in rafa koydu\u011fu \u00fc\u00e7 kitap ile ba\u015flayan, 1946\u2019da kurulan Milli K\u00fct\u00fcphanedir. Ancak Milli K\u00fct\u00fcphane bir \u015fehrin de\u011fil bir \u00fclkenin belle\u011fi niteli\u011findedir.<\/p>\n<p style=\"text-align: justify;\">Ankara\u2019dan daha \u00e7ok T\u00fcrkiye\u2019ye aittir.<\/p>\n<p style=\"text-align: justify;\">Derleme kanunu gere\u011fi bas\u0131lan her eserin bir n\u00fcshas\u0131n\u0131 ar\u015fivleyerek, \u00fcniversite \u00f6\u011frencileri ve ara\u015ft\u0131rmac\u0131lara hizmet etmektedir. Kap\u0131s\u0131nda uzun kuyruklar olu\u015fan Milli K\u00fct\u00fcphanenin i\u015flevi Halk K\u00fct\u00fcphanesi g\u00f6revini yerine getirmek de\u011fildir. Bu \u00f6zellik Halk K\u00fct\u00fcphaneleri i\u00e7in ge\u00e7erlidir.<\/p>\n<p style=\"text-align: justify;\">Ankara\u2019daki halk k\u00fct\u00fcphanelerinde durum nedir diye bakt\u0131\u011f\u0131m\u0131zda ise rakamlar \u00e7ok daha ilgin\u00e7le\u015fmektedir. K\u00fclt\u00fcr ve Turizm Bakanl\u0131\u011f\u0131\u2019n\u0131n \u201cHalk K\u00fct\u00fcphaneleri Y\u00f6netmeli\u011fi\u201dnde \u201cher 50.000 ki\u015fi i\u00e7in bir halk k\u00fct\u00fcphanesi kurulur.\u201d ibaresi yer almakta.<\/p>\n<p style=\"text-align: justify;\">400.000\u2019e yakla\u015fan n\u00fcfusu ile Eryaman dahil olmak \u00fczere Etimesgut il\u00e7esi s\u0131n\u0131rlar\u0131 i\u00e7erisinde tek bir Halk K\u00fct\u00fcphanesi yoktur.<\/p>\n<p style=\"text-align: justify;\">500.000\u2019e yakla\u015fan n\u00fcfusu ile Sincan \u0130l\u00e7esinde ise Fatih Mahallesinde, k\u00fc\u00e7\u00fck bir barakadan ibaret en fazla 30 ki\u015fi kapasiteli 1 adet Halk K\u00fct\u00fcphanesi vard\u0131r.<\/p>\n<p style=\"text-align: justify;\">5.000.000\u2019a yakla\u015fan n\u00fcfusu ile Ankara ilinin \u0130l Halk K\u00fct\u00fcphanesi\u2019nin toplam oturma kapasitesi ise sadece 160 ki\u015fidir. 161. ki\u015fi d\u0131\u015far\u0131da kuyruk beklemek zorundad\u0131r. Bir okuyucu \u00e7\u0131karsa ancak bir di\u011feri girebilmektedir.<\/p>\n<p style=\"text-align: justify;\">Adnan \u00d6t\u00fcken \u0130l Halk K\u00fct\u00fcphanesine girememi\u015f ve \u00e7ocu\u011funuzun elinden tutup merkeze yak\u0131n bir k\u00fct\u00fcphane bulmaya \u00e7al\u0131\u015f\u0131rsan\u0131z, Cebeci\u2019ye kadar gitmeniz gerekir. Gidebilece\u011finiz en yak\u0131n halk k\u00fct\u00fcphanesi Cebeci\u2019de otomobil galerilerinin aras\u0131nda, Eceabat sokakta bulunan Cebeci Halk K\u00fct\u00fcphanesidir. Ben gittim, hatta o k\u00fct\u00fcphanede kitaplar\u0131mla ilgili g\u00f6zleri p\u0131r\u0131l p\u0131r\u0131l \u00e7ocuklarla s\u00f6yle\u015fi de yapt\u0131m. Ba\u015fkentin bu k\u00fct\u00fcphanelerinde ba\u015flar\u0131n\u0131 ka\u015f\u0131yacak vakti olmayan k\u00fct\u00fcphanecilere de rastlad\u0131m.<\/p>\n<p style=\"text-align: justify;\">Ankara\u2019n\u0131n ne orta yerinde, ne de kenar\u0131nda g\u00f6z kama\u015ft\u0131r\u0131c\u0131 bir k\u00fct\u00fcphane yoktur. Okurlar\u0131na, i\u00e7erisinde istedi\u011fi yay\u0131na hemen ula\u015fabilece\u011fi, d\u0131\u015far\u0131da kuyruk beklemeden i\u00e7eri girebilece\u011fi, kendisini sanatsal bir ortamda de\u011ferli hissedece\u011fi mek\u00e2nlar sa\u011flayabilmi\u015f de\u011filiz. \u015eehrin birka\u00e7 k\u00fct\u00fcphanesi ise \u00f6\u011frencilerin ders \u00e7al\u0131\u015fmak i\u00e7in s\u0131\u011f\u0131naklar\u0131 haline gelmi\u015ftir. K\u00fct\u00fcphane, sadece bir s\u0131cak mek\u00e2n ve sadece ders \u00e7al\u0131\u015faca\u011f\u0131 bir masadan ibaret de\u011fildir. Raflar\u0131n aras\u0131nda gezerken kaybolaca\u011f\u0131, elini att\u0131\u011f\u0131 kitab\u0131n yan\u0131ndakine tak\u0131l\u0131p kalaca\u011f\u0131, ayakta durmaktan yorulup hemen orac\u0131\u011fa oturaca\u011f\u0131, \u0131\u015f\u0131klar kararana dek zaman\u0131n nas\u0131l ge\u00e7ti\u011fini anlamayaca\u011f\u0131 bilginin mabetleridir.<\/p>\n<p style=\"text-align: justify;\">Bu \u015fehrin kitaplar\u0131n\u0131n, okurlar\u0131n\u0131n, \u00f6\u011frencilerinin, k\u00fct\u00fcphanecilerinin k\u00fct\u00fcphanelere ihtiyac\u0131 vard\u0131r.<\/p>\n<p style=\"text-align: justify;\">Bu \u015fehrin, kolay ula\u015f\u0131labilir, merkezde bir yerde, ba\u015fkente yak\u0131\u015f\u0131r g\u00fczellikte, g\u00f6rkemli k\u00fct\u00fcphanelere ihtiyac\u0131 vard\u0131r.<\/p>\n<p style=\"text-align: justify;\">Bu \u015fehrin, i\u00e7inde heykellerin, de\u011ferli tablolar\u0131n, rahat oturma alanlar\u0131n\u0131n, y\u00fcksek raflarda cilt cilt kitaplar\u0131n oldu\u011fu k\u00fct\u00fcphanelere ihtiyac\u0131 vard\u0131r.<\/p>\n<p style=\"text-align: justify;\">Bu \u015fehrin, kitab\u0131n kapa\u011f\u0131n\u0131 kapatt\u0131\u011f\u0131nda yan salondaki sergiyi gezebilece\u011fi, biraz ilerdeki salonda keman kon\u00e7ertosu dinleyip, kitab\u0131na geri d\u00f6nebilece\u011fi k\u00fct\u00fcphanelere ihtiyac\u0131 vard\u0131r.<\/p>\n<p style=\"text-align: justify;\">Bu \u015fehirde, okuyan\u0131n, ara\u015ft\u0131ran\u0131n, bilgi sahibi olmak isteyenin ba\u015f tac\u0131 yap\u0131lmaya ihtiyac\u0131 vard\u0131r.<\/p>\n","protected":false},"excerpt":{"rendered":"<p>Ba\u015fka Kent Ankara kitab\u0131n\u0131n yazar\u0131\u00a0Feridun B\u00fcy\u00fcky\u0131ld\u0131z,\u00a0Cumhuriyet \/ Ankara &#8216;da &#8220;Ba\u015fka Kent Yaz\u0131lar\u0131&#8221; isimli k\u00f6\u015fesinde k\u00fct\u00fcphane binalar\u0131n\u0131n yetersizli\u011fi ve k\u00fct\u00fcphane say\u0131s\u0131n\u0131n azl\u0131\u011f\u0131ndan bahsetti. Yaz\u0131n\u0131n i\u00e7eri\u011fi a\u015fa\u011f\u0131dad\u0131r.<\/p>\n","protected":false},"author":1,"featured_media":0,"comment_status":"open","ping_status":"open","sticky":false,"template":"","format":"standard","meta":{"footnotes":""},"categories":[],"tags":[435,1408],"class_list":["post-8831","post","type-post","status-publish","format-standard","hentry","tag-feridun-buyukyildiz","tag-kitap-tanitimlari"],"_links":{"self":[{"href":"https:\/\/www.bbyhaber.com\/bby\/wp-json\/wp\/v2\/posts\/8831"}],"collection":[{"href":"https:\/\/www.bbyhaber.com\/bby\/wp-json\/wp\/v2\/posts"}],"about":[{"href":"https:\/\/www.bbyhaber.com\/bby\/wp-json\/wp\/v2\/types\/post"}],"author":[{"embeddable":true,"href":"https:\/\/www.bbyhaber.com\/bby\/wp-json\/wp\/v2\/users\/1"}],"replies":[{"embeddable":true,"href":"https:\/\/www.bbyhaber.com\/bby\/wp-json\/wp\/v2\/comments?post=8831"}],"version-history":[{"count":0,"href":"https:\/\/www.bbyhaber.com\/bby\/wp-json\/wp\/v2\/posts\/8831\/revisions"}],"wp:attachment":[{"href":"https:\/\/www.bbyhaber.com\/bby\/wp-json\/wp\/v2\/media?parent=8831"}],"wp:term":[{"taxonomy":"category","embeddable":true,"href":"https:\/\/www.bbyhaber.com\/bby\/wp-json\/wp\/v2\/categories?post=8831"},{"taxonomy":"post_tag","embeddable":true,"href":"https:\/\/www.bbyhaber.com\/bby\/wp-json\/wp\/v2\/tags?post=8831"}],"curies":[{"name":"wp","href":"https:\/\/api.w.org\/{rel}","templated":true}]}}