{"id":8816,"date":"2013-01-10T10:02:37","date_gmt":"2013-01-10T08:02:37","guid":{"rendered":"http:\/\/www.bbyhaber.com\/bby\/?p=8816"},"modified":"2013-01-10T10:03:13","modified_gmt":"2013-01-10T08:03:13","slug":"muthis-yenilikci-wildau-teknik-universitesi-kutuphanesi-almanya","status":"publish","type":"post","link":"https:\/\/www.bbyhaber.com\/bby\/2013\/01\/10\/muthis-yenilikci-wildau-teknik-universitesi-kutuphanesi-almanya","title":{"rendered":"M\u00fcthi\u015f yenilik\u00e7i-Wildau Teknik \u00dcniversitesi K\u00fct\u00fcphanesi-Almanya"},"content":{"rendered":"<p style=\"text-align: justify;\">Wildau Teknik \u00dcniversitesi K\u00fct\u00fcphanesi, kullan\u0131c\u0131lar\u0131 i\u00e7in gelece\u011fin teknolojilerini geli\u015ftiriyor. K\u00fct\u00fcphane bu yenilik\u00e7i ruhundan \u00f6t\u00fcr\u00fc \u201c2012 Y\u0131l\u0131 K\u00fct\u00fcphanesi\u201d \u00f6d\u00fcl\u00fcn\u00fc kazand\u0131. Wildau, Bahnhofstrasse, 10. Hol: 20. y\u00fczy\u0131l\u0131n ba\u015f\u0131nda lokomotiflere vagonlar\u0131n tak\u0131l\u0131p s\u00f6k\u00fcld\u00fc\u011f\u00fc ve y\u00fcklendi\u011fi bu bina bug\u00fcn sadece Brandenburg\u2019daki Wildau kasabas\u0131n\u0131 de\u011fil, t\u00fcm d\u00fcnyay\u0131 etkileyen m\u00fckemmel bir k\u00fct\u00fcphaneye ev sahipli\u011fi yap\u0131yor.<!--more--><\/p>\n<p style=\"text-align: justify;\">\u201cY\u0131l\u0131n K\u00fct\u00fcphanesi\u201d logosuWildau Teknik \u00dcniversitesi\u2019nin k\u00fct\u00fcphanesi, cam ve \u00e7elik konstr\u00fcksiyonlarla modern bir yap\u0131ya d\u00f6n\u00fc\u015ft\u00fcr\u00fclen, koruma alt\u0131ndaki tarih\u00ee tu\u011fla binaya 2007\u2019de ta\u015f\u0131nd\u0131. K\u00fct\u00fcphane, ortadaki agoray\u0131 \u00e7epe\u00e7evre ku\u015fatan \u00fc\u00e7 katta yer al\u0131yor.<\/p>\n<p style=\"text-align: justify;\"><a href=\"http:\/\/www.goethe.de\/mmo\/priv\/10165048-STANDARD.jpg\"><img loading=\"lazy\" decoding=\"async\" class=\"alignleft\" src=\"http:\/\/www.goethe.de\/mmo\/priv\/10165048-STANDARD.jpg\" alt=\"\" width=\"271\" height=\"116\" \/><\/a>Bu etkileyici ve davetk\u00e2r ortamdan yaln\u0131zca kullan\u0131c\u0131lar de\u011fil, 2012 Y\u0131l\u0131 K\u00fct\u00fcphanesi \u00d6d\u00fcl\u00fc\u2019ne lay\u0131k g\u00f6r\u00fclen k\u00fct\u00fcphanenin \u015fevkle \u00e7al\u0131\u015fan ekibi de b\u00fcy\u00fck keyif al\u0131yor. 30.000 Avro&#8217;luk Y\u0131l\u0131n K\u00fct\u00fcphanesi \u00d6d\u00fcl\u00fc, her y\u0131l Alman K\u00fct\u00fcphaneler Birli\u011fi ve ZEIT-Stiftung Ebelin und Gerhard Bucerius adl\u0131 vak\u0131f taraf\u0131ndan veriliyor.<\/p>\n<h4 style=\"text-align: justify;\">Gururlu bir \u201cr\u00fcya ekip\u201d<\/h4>\n<p style=\"text-align: justify;\">\u00dcniversite k\u00fct\u00fcphanesinin m\u00fcd\u00fcr\u00fc Dr. Frank Seeliger, \u201cBu \u00f6d\u00fcl bizi \u00e7ok mutlu etti! Bu ba\u015far\u0131y\u0131 t\u00fcm\u00fcyle ekibimize bor\u00e7lu oldu\u011fumuzun fak\u0131nday\u0131z,\u201d diyor. Be\u015f ki\u015finin tam g\u00fcn \u00e7al\u0131\u015ft\u0131\u011f\u0131 yedi sabit kadrodan olu\u015fan k\u00fct\u00fcphane ekibine proje \u00e7al\u0131\u015fanlar\u0131, \u00fcniversite \u00f6\u011frencileri ve stajyerler de katk\u0131da bulunuyor. Seeliger\u2019e g\u00f6re, k\u00fct\u00fcphane ekibi \u201ckeskin bir hiyerar\u015finin olmad\u0131\u011f\u0131, son derece yap\u0131c\u0131, sportmen bir ekip ruhuna sahip, \u00e7ok heterojen bir grup.\u201d<\/p>\n<p style=\"text-align: justify;\">Yar\u0131\u015fman\u0131n j\u00fcrisi Wildau\u2019daki ekibin \u00f6zellikle de yenilik\u00e7i ruhunu, yarat\u0131c\u0131l\u0131\u011f\u0131n\u0131 ve yeni deneyimlere a\u00e7\u0131k olu\u015funu etkileyici bulmu\u015f. Ger\u00e7ekten de, k\u00fct\u00fcphane bu alanda \u00e7\u0131\u011f\u0131r a\u00e7an hizmetler geli\u015ftirebilmek i\u00e7in yeni projeler bulmak konusunda \u00e7ok becerikli. \u201cTeknik \u00dcniversite\u2019nin \u00f6\u011frencileri ve \u00e7al\u0131\u015fanlar\u0131yla yap\u0131c\u0131 bir i\u015fbirli\u011fi i\u00e7inde olmam\u0131z bizim i\u00e7in b\u00fcy\u00fck bir avantaj,\u201d diye co\u015fkuyla anlat\u0131yor Seeliger.<\/p>\n<p style=\"text-align: justify;\">Wildau\u2019da k\u00fct\u00fcphanelerin \u00f6zel gereksinimlerini kar\u015f\u0131lamaya y\u00f6nelik yeni bili\u015fim teknolojilerinin geli\u015ftirildi\u011fini s\u00f6yleyen Seeliger, s\u00f6zlerine \u015f\u00f6yle devam ediyor: \u201cBuradaki teknik \u00fcniversitedeki uzmanlar\u0131n bilgisinden yararlan\u0131yoruz ve k\u00fct\u00fcphanemizin hizmetlerini herhangi bir ticari kayg\u0131 g\u00fctmeksizin daha da geli\u015ftirip m\u00fckemmelle\u015ftirebiliyoruz. Geli\u015ftirdi\u011fimiz yeniliklerin di\u011fer k\u00fct\u00fcphaneler taraf\u0131ndan da benimsenip g\u00fcndelik i\u015f rutinine dahil edilmesi bizim i\u00e7in \u00e7ok \u00f6nemli.\u201d<\/p>\n<p style=\"text-align: justify;\"><strong>Say\u0131 sayan raflar, ak\u0131ll\u0131 dummy\u2019ler<\/strong><\/p>\n<p style=\"text-align: justify;\">Bu yenilikler aras\u0131nda, kullan\u0131m istatisti\u011fi \u00e7\u0131karan ak\u0131ll\u0131, hareketli bir s\u00fcreli yay\u0131nlar raf sistemi de var. K\u00fct\u00fcphane kullan\u0131c\u0131s\u0131 bir dergiyi raftan al\u0131p on saniyeden fazla inceledi\u011finde, bu bir \u00f6d\u00fcn\u00e7 alma olarak kayda ge\u00e7iyor. \u201cBu sayede abone oldu\u011fumuz ama \u00f6d\u00fcn\u00e7 verilmeyen dergilerin hangilerine talep oldu\u011funu net bir bi\u00e7imde \u00f6\u011freniyoruz,\u201d diyor Seeliger. Ders kitaplar\u0131 b\u00f6l\u00fcm\u00fcndeki bir kitab\u0131n t\u00fcm n\u00fcshalar\u0131 \u00f6d\u00fcn\u00e7 al\u0131nm\u0131\u015fsa, Wildau\u2019daki \u00f6\u011frenciler raftaki dummy\u2019leri ak\u0131ll\u0131 telefonlar\u0131yla kolayca tarayabiliyorlar. Bildi\u011fimiz barkodlardan \u00e7ok daha fazla bilgi depolayabilen QR kodlar\u0131 sayesinde kullan\u0131c\u0131lar istedikleri kitab\u0131n e-kitap format\u0131n\u0131 do\u011frudan indirebiliyorlar.<\/p>\n<p style=\"text-align: justify;\"><strong>AutoID ve RFID teknolojisi<\/strong><\/p>\n<p style=\"text-align: justify;\">K\u00fct\u00fcphanenin \u00f6zellikle de RFID teknolojisindeki yetkinli\u011fi Almanya\u2019daki k\u00fct\u00fcphaneler d\u0131\u015f\u0131nda da nam salm\u0131\u015f durumda. Nitekim IFLA b\u00fcnyesindeki \u201cRFID Special Interest Group\u201d 2011\u2019de k\u00fct\u00fcphane \u00e7al\u0131\u015fanlar\u0131ndan biri taraf\u0131ndan hayata ge\u00e7irilmi\u015fti.<\/p>\n<p style=\"text-align: justify;\">Wildau K\u00fct\u00fcphanesi ekibi, \u00fcniversitenin lojistik, i\u015fletme enformati\u011fi ve telematik b\u00f6l\u00fcmleriyle i\u015fbirli\u011fi sonucunda do\u011fan \u00e7\u00f6z\u00fcmleri zaman zaman yurt i\u00e7i ve yurtd\u0131\u015f\u0131ndaki konferanslarda da tan\u0131t\u0131yor. Bu arada \u00fcniversitede bir de AutoID\/RFID Merkezi kuruldu. \u00c7ok say\u0131da at\u00f6lyenin de d\u00fczenlendi\u011fi merkezde iki g\u00fcn s\u00fcren uluslararas\u0131 RFID sempozyumlar\u0131n\u0131n be\u015fincisi 2012\u2019de ger\u00e7ekle\u015ftirildi. \u201cBiz kendimizi bir t\u00fcr RFID dan\u0131\u015fma mercii olarak g\u00f6r\u00fcyoruz,\u201d diyor Seeliger. \u201cBu t\u00fcr etkinlikleri daha da kapsaml\u0131 bir hale getirmek istiyoruz.\u201d<\/p>\n<h4 style=\"text-align: justify;\">K\u00fct\u00fcphanenin Wildau kasabas\u0131na etkisi<\/h4>\n<p style=\"text-align: justify;\">K\u00fct\u00fcphane yaln\u0131zca \u00fcniversite i\u00e7in de\u011fil, 10.000 n\u00fcfuslu Wildau kasabas\u0131 i\u00e7in de \u00e7ok \u00f6nemli bir rol oynuyor. Kasaba sakinleri k\u00fct\u00fcphaneden \u00fccretsiz olarak yararlanabiliyorlar. \u201cToplam 5000 kay\u0131tl\u0131 kullan\u0131c\u0131m\u0131z\u0131n 1200\u2019\u00fc \u00fcniversite d\u0131\u015f\u0131ndan,\u201d diyor Frank Seeliger. Bunun yan\u0131 s\u0131ra, insan\u0131 cezbeden 10. Hol\u2019da sergiler, okuma g\u00fcnleri, konserler ya da at\u00f6lyeler gibi halka a\u00e7\u0131k etkinlikler d\u00fczenleniyor.<\/p>\n<p style=\"text-align: justify;\">K\u00fct\u00fcphane kasabadaki okullarla da iyi bir i\u015fbirli\u011fi i\u00e7inde: Okul s\u0131n\u0131flar\u0131 i\u00e7in \u00f6zel k\u00fct\u00fcphane tan\u0131t\u0131m g\u00fcnleri d\u00fczenliyor ve okullardan d\u00fczenli olarak stajyer \u00f6\u011frenci kabul ediyor. Ayr\u0131ca, Wildau Halk K\u00fct\u00fcphanesi\u2019yle de s\u0131k\u0131 bir i\u015fbirli\u011fine giren \u00fcniversite k\u00fct\u00fcphanesi, halk k\u00fct\u00fcphanesindeki meslekta\u015flar\u0131n\u0131n modern bir k\u00fct\u00fcphane y\u00f6netim program\u0131 olu\u015fturmas\u0131na yard\u0131mc\u0131 oldu.<\/p>\n<p style=\"text-align: justify;\">Bug\u00fcn Wildau Halk K\u00fct\u00fcphanesi, dermesini bir \u201copen source\u201d program\u0131yla internet eri\u015fimine a\u00e7an ilk Alman k\u00fct\u00fcphanelerinden biri. \u00c7\u00fcnk\u00fc \u201c2012 Y\u0131l\u0131n\u0131n K\u00fct\u00fcphanesi\u201d \u00e7al\u0131\u015fanlar\u0131 geni\u015f bir ufka sahip olan ve fikirleriyle di\u011fer k\u00fct\u00fcphanelere de yararl\u0131 olmaya \u00e7al\u0131\u015fan bir ekip.<img loading=\"lazy\" decoding=\"async\" src=\"http:\/\/vg04.met.vgwort.de\/na\/1a0a438e9e8447a89d08796858554905\" alt=\"\" width=\"1\" height=\"1\" \/><\/p>\n<p style=\"text-align: justify;\">Dagmar Giersberg<br \/>\nBonn\u2019da serbest muhabir olarak \u00e7al\u0131\u015f\u0131yor.<\/p>\n<p style=\"text-align: justify;\">Copyright: Goethe-Institut e. V., Internet-Redaktion<br \/>\nKas\u0131m 2012<\/p>\n<p style=\"text-align: justify;\">\u00c7eviri: Zehra Aksu Y\u0131lmazer<\/p>\n<p style=\"text-align: justify;\">Kaynak: http:\/\/www.goethe.de\/ins\/tr\/lp\/trindex.htm<\/p>\n","protected":false},"excerpt":{"rendered":"<p>Wildau Teknik \u00dcniversitesi K\u00fct\u00fcphanesi, kullan\u0131c\u0131lar\u0131 i\u00e7in gelece\u011fin teknolojilerini geli\u015ftiriyor. K\u00fct\u00fcphane bu yenilik\u00e7i ruhundan \u00f6t\u00fcr\u00fc \u201c2012 Y\u0131l\u0131 K\u00fct\u00fcphanesi\u201d \u00f6d\u00fcl\u00fcn\u00fc kazand\u0131. Wildau, Bahnhofstrasse, 10. Hol: 20. y\u00fczy\u0131l\u0131n ba\u015f\u0131nda lokomotiflere vagonlar\u0131n tak\u0131l\u0131p s\u00f6k\u00fcld\u00fc\u011f\u00fc ve y\u00fcklendi\u011fi bu bina bug\u00fcn sadece Brandenburg\u2019daki Wildau kasabas\u0131n\u0131 de\u011fil, t\u00fcm d\u00fcnyay\u0131 etkileyen m\u00fckemmel bir k\u00fct\u00fcphaneye ev sahipli\u011fi yap\u0131yor.<\/p>\n","protected":false},"author":1,"featured_media":0,"comment_status":"open","ping_status":"open","sticky":false,"template":"","format":"standard","meta":{"footnotes":""},"categories":[1],"tags":[434,429,1410,1437],"class_list":["post-8816","post","type-post","status-publish","format-standard","hentry","category-genel","tag-qr-kod","tag-rfid","tag-uluslararasi-kutuphane-haberleri","tag-univ-arastirma-kutuphaneleri"],"_links":{"self":[{"href":"https:\/\/www.bbyhaber.com\/bby\/wp-json\/wp\/v2\/posts\/8816"}],"collection":[{"href":"https:\/\/www.bbyhaber.com\/bby\/wp-json\/wp\/v2\/posts"}],"about":[{"href":"https:\/\/www.bbyhaber.com\/bby\/wp-json\/wp\/v2\/types\/post"}],"author":[{"embeddable":true,"href":"https:\/\/www.bbyhaber.com\/bby\/wp-json\/wp\/v2\/users\/1"}],"replies":[{"embeddable":true,"href":"https:\/\/www.bbyhaber.com\/bby\/wp-json\/wp\/v2\/comments?post=8816"}],"version-history":[{"count":0,"href":"https:\/\/www.bbyhaber.com\/bby\/wp-json\/wp\/v2\/posts\/8816\/revisions"}],"wp:attachment":[{"href":"https:\/\/www.bbyhaber.com\/bby\/wp-json\/wp\/v2\/media?parent=8816"}],"wp:term":[{"taxonomy":"category","embeddable":true,"href":"https:\/\/www.bbyhaber.com\/bby\/wp-json\/wp\/v2\/categories?post=8816"},{"taxonomy":"post_tag","embeddable":true,"href":"https:\/\/www.bbyhaber.com\/bby\/wp-json\/wp\/v2\/tags?post=8816"}],"curies":[{"name":"wp","href":"https:\/\/api.w.org\/{rel}","templated":true}]}}