{"id":8812,"date":"2013-01-09T16:09:42","date_gmt":"2013-01-09T14:09:42","guid":{"rendered":"http:\/\/www.bbyhaber.com\/bby\/?p=8812"},"modified":"2013-01-09T16:10:25","modified_gmt":"2013-01-09T14:10:25","slug":"kepez-belediyesinden-cocuklara-ozel-kutuphane-antalya","status":"publish","type":"post","link":"https:\/\/www.bbyhaber.com\/bby\/2013\/01\/09\/kepez-belediyesinden-cocuklara-ozel-kutuphane-antalya","title":{"rendered":"Kepez Belediyesinden \u00c7ocuklara \u00d6zel K\u00fct\u00fcphane-Antalya"},"content":{"rendered":"<p style=\"text-align: justify;\">Kepez Belediyesi, d\u00f6rt ayr\u0131 noktaya \u00e7ocuk k\u00fct\u00fcphanesi in\u015fa edecek. \u00c7ocuk k\u00fct\u00fcphaneleri, \u00f6n\u00fcm\u00fczdeki g\u00fcnlerde hizmete girecek olan \u00e7ocuk kul\u00fcb\u00fc ile bilgi evi projesi kapsam\u0131nda yap\u0131lacak. Antalya&#8217;da bir ilk olacak olan k\u00fct\u00fcphaneler, Kepez Belediyespor Tesisleri&#8217;ndeki \u00e7ocuk kul\u00fcb\u00fcn\u00fcn olaca\u011f\u0131 idari binada, Osman Gazi Semt Kona\u011f\u0131&#8217;nda, Orhan Gazi Semt Kona\u011f\u0131&#8217;nda ve Bar\u0131\u015f Mahallesi&#8217;ne yap\u0131lacak olan bilgi evinde hizmete girecek.<!--more--><\/p>\n<p style=\"text-align: justify;\">Yap\u0131m \u00e7al\u0131\u015fmalar\u0131nda sona gelinen ve bu ay i\u00e7erisinde hizmet vermeye ba\u015flayacak olan k\u00fct\u00fcphanelerde, \u00fccretsiz internet hizmeti de olacak. Antalya&#8217;da \u00e7ocuklara \u00f6zel ilk k\u00fct\u00fcphanenin Kepez&#8217;de hizmete girece\u011finin alt\u0131n\u0131 \u00e7izen belediye Ba\u015fkan\u0131 Hakan T\u00fct\u00fcnc\u00fc, &#8220;\u00c7ocuklara y\u00f6nelik bir e\u011fitim ve k\u00fclt\u00fcr hizmetini daha ger\u00e7ekle\u015ftirmenin mutlulu\u011funu ya\u015f\u0131yoruz. Kepez&#8217;in \u00e7ocuklar\u0131 \u00e7ok \u015fansl\u0131, en g\u00fczel \u00e7al\u0131\u015fmalar\u0131 onlar i\u00e7in yap\u0131yoruz. Her \u015fey \u00e7ok sevdi\u011fimiz \u00e7ocuklar\u0131m\u0131z\u0131n gelece\u011fi i\u00e7in&#8221; dedi. T\u00fct\u00fcnc\u00fc, daha \u00f6nce de evinde bilgisayar olmayan \u00f6\u011frencilerin, internetten yararlan\u0131p ders \u00e7al\u0131\u015fabilmeleri ve kitap okuyabilmeleri amac\u0131yla bilgi evi uygulamas\u0131 ba\u015flatt\u0131klar\u0131n\u0131 kaydetti.<\/p>\n<p style=\"text-align: justify;\"><a href=\"http:\/\/www.kepez-bld.gov.tr\/uploads\/images\/haberler\/2012\/12\/okl2_3.jpg\"><img loading=\"lazy\" decoding=\"async\" class=\"alignnone\" src=\"http:\/\/www.kepez-bld.gov.tr\/uploads\/images\/haberler\/2012\/12\/okl2_3.jpg\" alt=\"\" width=\"150\" height=\"150\" \/><\/a> <a href=\"http:\/\/www.kepez-bld.gov.tr\/uploads\/images\/haberler\/2012\/12\/okl1_3.jpg\"><img loading=\"lazy\" decoding=\"async\" class=\"alignnone\" src=\"http:\/\/www.kepez-bld.gov.tr\/uploads\/images\/haberler\/2012\/12\/okl1_3.jpg\" alt=\"\" width=\"150\" height=\"150\" \/><\/a> <a href=\"http:\/\/www.kepez-bld.gov.tr\/images\/newsphoto\/2013-01-081fb333bc34b8d1f1d1d434f90869367a.jpg\"><img loading=\"lazy\" decoding=\"async\" class=\"alignnone\" src=\"http:\/\/www.kepez-bld.gov.tr\/images\/newsphoto\/2013-01-081fb333bc34b8d1f1d1d434f90869367a.jpg\" alt=\"\" width=\"150\" height=\"150\" \/><\/a><\/p>\n<p style=\"text-align: justify;\">Kaynak: www.kepez-bld.gov.tr<\/p>\n","protected":false},"excerpt":{"rendered":"<p>Kepez Belediyesi, d\u00f6rt ayr\u0131 noktaya \u00e7ocuk k\u00fct\u00fcphanesi in\u015fa edecek. \u00c7ocuk k\u00fct\u00fcphaneleri, \u00f6n\u00fcm\u00fczdeki g\u00fcnlerde hizmete girecek olan \u00e7ocuk kul\u00fcb\u00fc ile bilgi evi projesi kapsam\u0131nda yap\u0131lacak. Antalya&#8217;da bir ilk olacak olan k\u00fct\u00fcphaneler, Kepez Belediyespor Tesisleri&#8217;ndeki \u00e7ocuk kul\u00fcb\u00fcn\u00fcn olaca\u011f\u0131 idari binada, Osman Gazi Semt Kona\u011f\u0131&#8217;nda, Orhan Gazi Semt Kona\u011f\u0131&#8217;nda ve Bar\u0131\u015f Mahallesi&#8217;ne yap\u0131lacak olan bilgi evinde hizmete girecek.<\/p>\n","protected":false},"author":1,"featured_media":0,"comment_status":"open","ping_status":"open","sticky":false,"template":"","format":"standard","meta":{"footnotes":""},"categories":[1],"tags":[1439],"class_list":["post-8812","post","type-post","status-publish","format-standard","hentry","category-genel","tag-cocuk-kutuphaneleri"],"_links":{"self":[{"href":"https:\/\/www.bbyhaber.com\/bby\/wp-json\/wp\/v2\/posts\/8812"}],"collection":[{"href":"https:\/\/www.bbyhaber.com\/bby\/wp-json\/wp\/v2\/posts"}],"about":[{"href":"https:\/\/www.bbyhaber.com\/bby\/wp-json\/wp\/v2\/types\/post"}],"author":[{"embeddable":true,"href":"https:\/\/www.bbyhaber.com\/bby\/wp-json\/wp\/v2\/users\/1"}],"replies":[{"embeddable":true,"href":"https:\/\/www.bbyhaber.com\/bby\/wp-json\/wp\/v2\/comments?post=8812"}],"version-history":[{"count":0,"href":"https:\/\/www.bbyhaber.com\/bby\/wp-json\/wp\/v2\/posts\/8812\/revisions"}],"wp:attachment":[{"href":"https:\/\/www.bbyhaber.com\/bby\/wp-json\/wp\/v2\/media?parent=8812"}],"wp:term":[{"taxonomy":"category","embeddable":true,"href":"https:\/\/www.bbyhaber.com\/bby\/wp-json\/wp\/v2\/categories?post=8812"},{"taxonomy":"post_tag","embeddable":true,"href":"https:\/\/www.bbyhaber.com\/bby\/wp-json\/wp\/v2\/tags?post=8812"}],"curies":[{"name":"wp","href":"https:\/\/api.w.org\/{rel}","templated":true}]}}