{"id":8806,"date":"2013-01-09T09:32:32","date_gmt":"2013-01-09T07:32:32","guid":{"rendered":"http:\/\/www.bbyhaber.com\/bby\/?p=8806"},"modified":"2013-01-09T09:32:32","modified_gmt":"2013-01-09T07:32:32","slug":"lefter-kutuphanesi-aciliyor-solacik1907","status":"publish","type":"post","link":"https:\/\/www.bbyhaber.com\/bby\/2013\/01\/09\/lefter-kutuphanesi-aciliyor-solacik1907","title":{"rendered":"Lefter K\u00fct\u00fcphanesi A\u00e7\u0131l\u0131yor- @SolAcik1907"},"content":{"rendered":"<p style=\"text-align: justify;\"><img loading=\"lazy\" decoding=\"async\" class=\"alignleft\" src=\"http:\/\/www.odatv.com\/images\/2013_01\/2013_01_09\/lefter-kutuphanesi-aciliyor-0901131200_l.jpg\" alt=\"\" width=\"250\" height=\"175\" \/>Fenerbah\u00e7e Sol A\u00e7\u0131k Taraftar Grubu\u2019nun uzun bir s\u00fcredir \u00fczerinde \u00e7al\u0131\u015ft\u0131\u011f\u0131 &#8220;Lefter K\u00fct\u00fcphanesi&#8221; projesi tamamlan\u0131yor. Lefter K\u00fct\u00fcphanesi, Lefter\u2019in \u00f6l\u00fcm y\u0131ld\u00f6n\u00fcm\u00fc olan 13 Ocak\u2019ta kap\u0131lar\u0131n\u0131 a\u00e7acak. Grup,12 Ocak Cumartesi g\u00fcn\u00fc bu k\u00fct\u00fcphane i\u00e7in toplad\u0131klar\u0131 materyalleri Afyon\u2019un \u015euhut il\u00e7esinde Mahmut K\u00f6y\u00fcne, kuracaklar\u0131 k\u00fct\u00fcphaneye g\u00f6t\u00fcrmek i\u00e7in Kad\u0131k\u00f6y&#8217;de bir etkinlik d\u00fczenleyecek.<!--more--><\/p>\n<p style=\"text-align: justify;\">Kad\u0131k\u00f6y Fenerbah\u00e7eliler derne\u011finde 12 Ocak Cumartesi Saat 19:00\u2019da yap\u0131lacak olan etkinli\u011fe Erc\u00fcneyt \u00d6zdemir de \u015fark\u0131lar\u0131yla e\u015flik edecek.<\/p>\n<p style=\"text-align: justify;\">Bilgi i\u00e7in:<\/p>\n<p style=\"text-align: justify;\">Etkinlik sayfas\u0131: www.facebook.com\/events\/255051981290733\/<\/p>\n<p style=\"text-align: justify;\">Adres: Ku\u015fdili Cad. No:3 Kat: 5 \u2013 6 Kad\u0131k\u00f6y<\/p>\n<p style=\"text-align: justify;\">bilgi@solacik.org<\/p>\n<p style=\"text-align: justify;\">Kaynak: http:\/\/www.odatv.com<\/p>\n","protected":false},"excerpt":{"rendered":"<p>Fenerbah\u00e7e Sol A\u00e7\u0131k Taraftar Grubu\u2019nun uzun bir s\u00fcredir \u00fczerinde \u00e7al\u0131\u015ft\u0131\u011f\u0131 &#8220;Lefter K\u00fct\u00fcphanesi&#8221; projesi tamamlan\u0131yor. Lefter K\u00fct\u00fcphanesi, Lefter\u2019in \u00f6l\u00fcm y\u0131ld\u00f6n\u00fcm\u00fc olan 13 Ocak\u2019ta kap\u0131lar\u0131n\u0131 a\u00e7acak. Grup,12 Ocak Cumartesi g\u00fcn\u00fc bu k\u00fct\u00fcphane i\u00e7in toplad\u0131klar\u0131 materyalleri Afyon\u2019un \u015euhut il\u00e7esinde Mahmut K\u00f6y\u00fcne, kuracaklar\u0131 k\u00fct\u00fcphaneye g\u00f6t\u00fcrmek i\u00e7in Kad\u0131k\u00f6y&#8217;de bir etkinlik d\u00fczenleyecek.<\/p>\n","protected":false},"author":1,"featured_media":0,"comment_status":"open","ping_status":"open","sticky":false,"template":"","format":"standard","meta":{"footnotes":""},"categories":[1],"tags":[400,401],"class_list":["post-8806","post","type-post","status-publish","format-standard","hentry","category-genel","tag-lefter-kutuphanesi","tag-sol-acik-taraftar-grubu"],"_links":{"self":[{"href":"https:\/\/www.bbyhaber.com\/bby\/wp-json\/wp\/v2\/posts\/8806"}],"collection":[{"href":"https:\/\/www.bbyhaber.com\/bby\/wp-json\/wp\/v2\/posts"}],"about":[{"href":"https:\/\/www.bbyhaber.com\/bby\/wp-json\/wp\/v2\/types\/post"}],"author":[{"embeddable":true,"href":"https:\/\/www.bbyhaber.com\/bby\/wp-json\/wp\/v2\/users\/1"}],"replies":[{"embeddable":true,"href":"https:\/\/www.bbyhaber.com\/bby\/wp-json\/wp\/v2\/comments?post=8806"}],"version-history":[{"count":0,"href":"https:\/\/www.bbyhaber.com\/bby\/wp-json\/wp\/v2\/posts\/8806\/revisions"}],"wp:attachment":[{"href":"https:\/\/www.bbyhaber.com\/bby\/wp-json\/wp\/v2\/media?parent=8806"}],"wp:term":[{"taxonomy":"category","embeddable":true,"href":"https:\/\/www.bbyhaber.com\/bby\/wp-json\/wp\/v2\/categories?post=8806"},{"taxonomy":"post_tag","embeddable":true,"href":"https:\/\/www.bbyhaber.com\/bby\/wp-json\/wp\/v2\/tags?post=8806"}],"curies":[{"name":"wp","href":"https:\/\/api.w.org\/{rel}","templated":true}]}}