{"id":8804,"date":"2013-01-09T09:25:50","date_gmt":"2013-01-09T07:25:50","guid":{"rendered":"http:\/\/www.bbyhaber.com\/bby\/?p=8804"},"modified":"2014-02-19T13:33:54","modified_gmt":"2014-02-19T11:33:54","slug":"muzaffer-izgunun-zikkimin-koku-kitabina-da-sansur","status":"publish","type":"post","link":"https:\/\/www.bbyhaber.com\/bby\/2013\/01\/09\/muzaffer-izgunun-zikkimin-koku-kitabina-da-sansur","title":{"rendered":"Muzaffer \u0130zg\u00fc&#8217;n\u00fcn &#8220;Z\u0131kk\u0131m\u0131n K\u00f6k\u00fc&#8221; kitab\u0131na da SANS\u00dcR"},"content":{"rendered":"<p style=\"text-align: justify;\">Osmangazi \u0130l\u00e7e Milli E\u011fitim M\u00fcd\u00fcrl\u00fc\u011f\u00fc, \u00e7ocuk edebiyat\u0131n\u0131n usta kalemi Muzaffer \u0130zg\u00fc\u2019n\u00fcn \u201cZ\u0131kk\u0131m\u0131n K\u00f6k\u00fc\u201d isimli kitab\u0131n\u0131n, \u201cergenlik \u00e7a\u011f\u0131ndaki \u00f6\u011frencilere uygun olmad\u0131\u011f\u0131\u201d gerek\u00e7esiyle \u00f6\u011fretmenler taraf\u0131ndan performans \u00f6devi olarak verilmemesini istedi. E\u011fitim Sen, yasa\u011fa tepki g\u00f6sterirken, kitab\u0131n yazar\u0131 Muzaffer \u0130zg\u00fc, bug\u00fcne kadar 24 bask\u0131 yapan kitap hakk\u0131nda ilk defa b\u00f6yle bir karar verildi\u011fine dikkat \u00e7ekti.<!--more--><\/p>\n<p style=\"text-align: justify;\"><strong>\u2018BA\u015eKA K\u0130TAP OKUTUN\u2019<\/strong><\/p>\n<p style=\"text-align: justify;\">Bursa\u2019n\u0131n Osmangazi \u0130l\u00e7esi\u2019nde bulunan Ziya G\u00f6kalp \u0130lk\u00f6\u011fretim Okulu T\u00fcrk\u00e7e \u00d6\u011fretmeni Saadet Kermen, 7. s\u0131n\u0131f \u00f6\u011frencilerine Muzaffer \u0130zg\u00fc\u2019n\u00fcn \u201cZ\u0131kk\u0131m\u0131n K\u00f6k\u00fc\u201d adl\u0131 kitab\u0131n\u0131 okuyup \u00f6zetlemelerini performans \u00f6devi olarak verdi.<\/p>\n<p style=\"text-align: justify;\">Bir velinin konuyla ilgili \u015fikayetini de\u011ferlendiren Osmangazi \u0130l\u00e7e Milli E\u011fitim M\u00fcd\u00fcrl\u00fc\u011f\u00fc, Kaymakaml\u0131k oluruyla komisyon olu\u015fturdu. Komisyon, \u201cZ\u0131kk\u0131m\u0131n K\u00f6k\u00fc\u201d adl\u0131 eseri inceleyerek \u201cBahsi ge\u00e7en okul \u00f6\u011frencisinin s\u0131n\u0131f d\u00fczeyi dikkate al\u0131nd\u0131\u011f\u0131nda, ergenlik d\u00f6neminin ve cinsel geli\u015fimin \u00f6n plana \u00e7\u0131kt\u0131\u011f\u0131 bu d\u00f6nemde, her bireyin haz\u0131r bulunu\u015fluk ve alg\u0131lama d\u00fczeyi farkl\u0131l\u0131k yaratt\u0131\u011f\u0131ndan 7. s\u0131n\u0131f seviyesine uygun farkl\u0131 bir kitap \u00f6nerilmesinin daha yararl\u0131 olaca\u011f\u0131\u201d karar\u0131na vard\u0131. Bu karar 4 Ocak 2013 tarihli yaz\u0131yla 7 Ocak 2013 tarihinde performans \u00f6devini veren \u00f6\u011fretmen Saadet Kermen\u2019e tebli\u011f edildi.<\/p>\n<p style=\"text-align: justify;\"><strong>\u2018YASAK\u00c7I KAFANIN \u00dcR\u00dcN\u00dc\u2019<\/strong><\/p>\n<p style=\"text-align: justify;\">Kitab\u0131n\u0131n yasaklanmas\u0131na dair g\u00f6r\u00fc\u015flerini ald\u0131\u011f\u0131m\u0131z Muzaffer \u0130zg\u00fc yasaklaman\u0131n, karar\u0131 veren komisyonun bak\u0131\u015f a\u00e7\u0131s\u0131n\u0131 yans\u0131tt\u0131\u011f\u0131n\u0131 vurgulad\u0131. \u0130zg\u00fc, \u201cBug\u00fcne kadar 24 bask\u0131 yapan kitab\u0131m\u0131n hakk\u0131nda hi\u00e7bir okuldan hi\u00e7bir veliden olumsuz tepki almad\u0131m. Son g\u00fcnlerde ortaya \u00e7\u0131kan yasak\u00e7\u0131 kafan\u0131n ve tertibin \u00fcr\u00fcn\u00fcd\u00fcr\u201d dedi.<\/p>\n<p style=\"text-align: justify;\"><strong>\u2018\u015e\u0130KAYETLER BAHANE\u2019<\/strong><\/p>\n<p style=\"text-align: justify;\"><strong>E\u011fitim Sen Bursa \u015eube Ba\u015fkan\u0131 Hasan \u00d6zayd\u0131n<\/strong> da, konuyla ilgili gazetemize a\u00e7\u0131klama yapt\u0131. Gericili\u011fin hakim oldu\u011fu t\u00fcm \u00fclkelerde yap\u0131lan ilk sald\u0131r\u0131lar\u0131n k\u00fclt\u00fcre, sanata ve bilime d\u00f6n\u00fck oldu\u011funa dikkat \u00e7eken Hasan \u00d6zayd\u0131n, \u201cAKP iktidar\u0131yla heykellere, televizyon dizilerine yap\u0131lan sald\u0131r\u0131lar d\u00fcnyada ve \u00fclkemizde bilinen, tan\u0131nan, geni\u015f kitlelerce sevilerek okunan kitaplara kadar uzanm\u0131\u015ft\u0131r\u201d dedi. \u00d6zayd\u0131n, \u015eeker Portakal\u0131, Fareler ve \u0130nsanlar adl\u0131 kitaplardan sonra Z\u0131kk\u0131m\u0131n K\u00f6k\u00fc kitab\u0131na \u2018velilerin s\u00f6zde \u015fik\u00e2yetleri\u2019 bahane edilerek inceleme ba\u015flat\u0131lmas\u0131n\u0131n utan\u00e7 verici oldu\u011funu s\u00f6yledi.<\/p>\n<p style=\"text-align: justify;\">Kaynak: http:\/\/evrensel.net\/<\/p>\n","protected":false},"excerpt":{"rendered":"<p>Osmangazi \u0130l\u00e7e Milli E\u011fitim M\u00fcd\u00fcrl\u00fc\u011f\u00fc, \u00e7ocuk edebiyat\u0131n\u0131n usta kalemi Muzaffer \u0130zg\u00fc\u2019n\u00fcn \u201cZ\u0131kk\u0131m\u0131n K\u00f6k\u00fc\u201d isimli kitab\u0131n\u0131n, \u201cergenlik \u00e7a\u011f\u0131ndaki \u00f6\u011frencilere uygun olmad\u0131\u011f\u0131\u201d gerek\u00e7esiyle \u00f6\u011fretmenler taraf\u0131ndan performans \u00f6devi olarak verilmemesini istedi. E\u011fitim Sen, yasa\u011fa tepki g\u00f6sterirken, kitab\u0131n yazar\u0131 Muzaffer \u0130zg\u00fc, bug\u00fcne kadar 24 bask\u0131 yapan kitap hakk\u0131nda ilk defa b\u00f6yle bir karar verildi\u011fine dikkat \u00e7ekti.<\/p>\n","protected":false},"author":1,"featured_media":0,"comment_status":"open","ping_status":"open","sticky":false,"template":"","format":"standard","meta":{"footnotes":""},"categories":[519],"tags":[],"class_list":["post-8804","post","type-post","status-publish","format-standard","hentry","category-sansur-2"],"_links":{"self":[{"href":"https:\/\/www.bbyhaber.com\/bby\/wp-json\/wp\/v2\/posts\/8804"}],"collection":[{"href":"https:\/\/www.bbyhaber.com\/bby\/wp-json\/wp\/v2\/posts"}],"about":[{"href":"https:\/\/www.bbyhaber.com\/bby\/wp-json\/wp\/v2\/types\/post"}],"author":[{"embeddable":true,"href":"https:\/\/www.bbyhaber.com\/bby\/wp-json\/wp\/v2\/users\/1"}],"replies":[{"embeddable":true,"href":"https:\/\/www.bbyhaber.com\/bby\/wp-json\/wp\/v2\/comments?post=8804"}],"version-history":[{"count":0,"href":"https:\/\/www.bbyhaber.com\/bby\/wp-json\/wp\/v2\/posts\/8804\/revisions"}],"wp:attachment":[{"href":"https:\/\/www.bbyhaber.com\/bby\/wp-json\/wp\/v2\/media?parent=8804"}],"wp:term":[{"taxonomy":"category","embeddable":true,"href":"https:\/\/www.bbyhaber.com\/bby\/wp-json\/wp\/v2\/categories?post=8804"},{"taxonomy":"post_tag","embeddable":true,"href":"https:\/\/www.bbyhaber.com\/bby\/wp-json\/wp\/v2\/tags?post=8804"}],"curies":[{"name":"wp","href":"https:\/\/api.w.org\/{rel}","templated":true}]}}