{"id":8791,"date":"2013-01-08T15:43:48","date_gmt":"2013-01-08T13:43:48","guid":{"rendered":"http:\/\/www.bbyhaber.com\/bby\/?p=8791"},"modified":"2016-01-15T19:49:50","modified_gmt":"2016-01-15T17:49:50","slug":"polis-milli-kutuphaneyi-basti","status":"publish","type":"post","link":"https:\/\/www.bbyhaber.com\/bby\/2013\/01\/08\/polis-milli-kutuphaneyi-basti","title":{"rendered":"Polis, Milli K\u00fct\u00fcphane&#8217;yi bast\u0131"},"content":{"rendered":"<div style=\"text-align: justify;\">\n<p>Ankara Emniyeti Ka\u00e7ak\u00e7\u0131l\u0131k ve Organize Su\u00e7larla M\u00fccadele \u015eube M\u00fcd\u00fcrl\u00fc\u011f\u00fc ekipleri bir ihbar \u00fczerine Milli K\u00fct\u00fcphane Ba\u015fkanl\u0131\u011f\u0131\u2019na bu sabah saatlerinde \u015fok bask\u0131n yapt\u0131. Operasyon nedeniyle Milli K\u00fct\u00fcphane Ba\u015fkan\u0131, bir yard\u0131mc\u0131s\u0131 ve Sat\u0131n Alma \u015eube M\u00fcd\u00fcr\u00fc\u2019n\u00fcn de aralar\u0131nda bulundu\u011fu 17 ki\u015fi \u201cihaleye fesat kar\u0131\u015ft\u0131rma ve r\u00fc\u015fvet\u201d iddias\u0131 ile g\u00f6zalt\u0131na al\u0131nd\u0131.<\/p>\n<p>Kaynak: http:\/\/www.hurriyet.com.tr\/<\/p>\n<\/div>\n","protected":false},"excerpt":{"rendered":"<p>Ankara Emniyeti Ka\u00e7ak\u00e7\u0131l\u0131k ve Organize Su\u00e7larla M\u00fccadele \u015eube M\u00fcd\u00fcrl\u00fc\u011f\u00fc ekipleri bir ihbar \u00fczerine Milli K\u00fct\u00fcphane Ba\u015fkanl\u0131\u011f\u0131\u2019na bu sabah saatlerinde \u015fok bask\u0131n yapt\u0131. Operasyon nedeniyle Milli K\u00fct\u00fcphane Ba\u015fkan\u0131, bir yard\u0131mc\u0131s\u0131 ve Sat\u0131n Alma \u015eube M\u00fcd\u00fcr\u00fc\u2019n\u00fcn de aralar\u0131nda bulundu\u011fu 17 ki\u015fi \u201cihaleye fesat kar\u0131\u015ft\u0131rma ve r\u00fc\u015fvet\u201d iddias\u0131 ile g\u00f6zalt\u0131na al\u0131nd\u0131. Kaynak: http:\/\/www.hurriyet.com.tr\/<\/p>\n","protected":false},"author":1,"featured_media":0,"comment_status":"closed","ping_status":"open","sticky":false,"template":"","format":"standard","meta":{"footnotes":""},"categories":[1475,1],"tags":[1450],"class_list":["post-8791","post","type-post","status-publish","format-standard","hentry","category-ankara-milli-kutuphane","category-genel","tag-milli-kutuphaneler"],"_links":{"self":[{"href":"https:\/\/www.bbyhaber.com\/bby\/wp-json\/wp\/v2\/posts\/8791"}],"collection":[{"href":"https:\/\/www.bbyhaber.com\/bby\/wp-json\/wp\/v2\/posts"}],"about":[{"href":"https:\/\/www.bbyhaber.com\/bby\/wp-json\/wp\/v2\/types\/post"}],"author":[{"embeddable":true,"href":"https:\/\/www.bbyhaber.com\/bby\/wp-json\/wp\/v2\/users\/1"}],"replies":[{"embeddable":true,"href":"https:\/\/www.bbyhaber.com\/bby\/wp-json\/wp\/v2\/comments?post=8791"}],"version-history":[{"count":0,"href":"https:\/\/www.bbyhaber.com\/bby\/wp-json\/wp\/v2\/posts\/8791\/revisions"}],"wp:attachment":[{"href":"https:\/\/www.bbyhaber.com\/bby\/wp-json\/wp\/v2\/media?parent=8791"}],"wp:term":[{"taxonomy":"category","embeddable":true,"href":"https:\/\/www.bbyhaber.com\/bby\/wp-json\/wp\/v2\/categories?post=8791"},{"taxonomy":"post_tag","embeddable":true,"href":"https:\/\/www.bbyhaber.com\/bby\/wp-json\/wp\/v2\/tags?post=8791"}],"curies":[{"name":"wp","href":"https:\/\/api.w.org\/{rel}","templated":true}]}}