{"id":8775,"date":"2013-01-08T09:26:11","date_gmt":"2013-01-08T07:26:11","guid":{"rendered":"http:\/\/www.bbyhaber.com\/bby\/?p=8775"},"modified":"2015-02-24T09:52:08","modified_gmt":"2015-02-24T07:52:08","slug":"basaksehirde-siradisi-bir-kutuphane","status":"publish","type":"post","link":"https:\/\/www.bbyhaber.com\/bby\/2013\/01\/08\/basaksehirde-siradisi-bir-kutuphane","title":{"rendered":"Ba\u015fak\u015fehir&#8217;de s\u0131rad\u0131\u015f\u0131 bir k\u00fct\u00fcphane"},"content":{"rendered":"<p style=\"text-align: justify;\">Ba\u015fak\u015fehir Oyak Kent \u0130lk\u00f6\u011fretim okulunda bu hafta s\u0131ra d\u0131\u015f\u0131 bir k\u00fct\u00fcphanenin a\u00e7\u0131l\u0131\u015f\u0131 vard\u0131. Tasar\u0131m\u0131n\u0131 okul m\u00fcd\u00fcr\u00fc Mehmet Y\u00fczg\u00fcl\u00b4\u00fcn yapt\u0131\u011f\u0131 k\u00fct\u00fcphane devlet okullar\u0131nda g\u00f6rmeye al\u0131\u015f\u0131k oldu\u011fumuz k\u00fct\u00fcphanelerden \u00e7ok farkl\u0131. Renkli ve bir o kadar da kaliteli malzemelerle d\u00f6\u015fenen k\u00fct\u00fcphane \u00f6\u011frencilerin kafas\u0131ndaki \u00b4s\u0131k\u0131c\u0131 mekan\u00b4 \u00f6nyarg\u0131s\u0131n\u0131 de\u011fi\u015ftiriyor.<!--more--><\/p>\n<p style=\"text-align: justify;\">E\u011flenirken \u00f6\u011frenmenin m\u00fcmk\u00fcn oldu\u011fu k\u00fct\u00fcphanenin a\u00e7\u0131l\u0131\u015f\u0131nda bulunan bas\u0131n savc\u0131s\u0131 Mehmet Ayan k\u00fct\u00fcphaneye \u00f6nemli miktarda kitap ba\u011f\u0131\u015f\u0131 yapan ki\u015filerden. K\u00fct\u00fcphanenin kurulu\u015funda cumhuriyet savc\u0131s\u0131 Ertu\u011frul Sar\u0131yar\u00b4\u0131n da \u00f6nemli katk\u0131lar\u0131 bulunuyor. \u0130l\u00e7e Milli E\u011fitim M\u00fcd\u00fcr\u00fc \u0130smail Baltac\u0131\u00b4n\u0131n a\u00e7\u0131l\u0131\u015f konu\u015fmas\u0131 yapt\u0131\u011f\u0131 a\u00e7\u0131l\u0131\u015f t\u00f6renine Cumhuriyet Savc\u0131s\u0131 Mehmet Ayan ve Ertu\u011frul Sar\u0131yar, M\u00fcfetti\u015f Mehmet Arslan \u00e7evre okul m\u00fcd\u00fcrleri, belediye yetkilileri ve veliler kat\u0131ld\u0131.<\/p>\n<p style=\"text-align: justify;\">Kaynak: http:\/\/oyakkentioo.meb.k12.tr\/<\/p>\n","protected":false},"excerpt":{"rendered":"<p>Ba\u015fak\u015fehir Oyak Kent \u0130lk\u00f6\u011fretim okulunda bu hafta s\u0131ra d\u0131\u015f\u0131 bir k\u00fct\u00fcphanenin a\u00e7\u0131l\u0131\u015f\u0131 vard\u0131. Tasar\u0131m\u0131n\u0131 okul m\u00fcd\u00fcr\u00fc Mehmet Y\u00fczg\u00fcl\u00b4\u00fcn yapt\u0131\u011f\u0131 k\u00fct\u00fcphane devlet okullar\u0131nda g\u00f6rmeye al\u0131\u015f\u0131k oldu\u011fumuz k\u00fct\u00fcphanelerden \u00e7ok farkl\u0131. Renkli ve bir o kadar da kaliteli malzemelerle d\u00f6\u015fenen k\u00fct\u00fcphane \u00f6\u011frencilerin kafas\u0131ndaki \u00b4s\u0131k\u0131c\u0131 mekan\u00b4 \u00f6nyarg\u0131s\u0131n\u0131 de\u011fi\u015ftiriyor.<\/p>\n","protected":false},"author":1,"featured_media":0,"comment_status":"open","ping_status":"open","sticky":false,"template":"","format":"standard","meta":{"footnotes":""},"categories":[1510],"tags":[845,1447],"class_list":["post-8775","post","type-post","status-publish","format-standard","hentry","category-z-kutuphane","tag-okul-kutuphaneleri","tag-z-zenginlestirilmis-kutuphaneler"],"_links":{"self":[{"href":"https:\/\/www.bbyhaber.com\/bby\/wp-json\/wp\/v2\/posts\/8775"}],"collection":[{"href":"https:\/\/www.bbyhaber.com\/bby\/wp-json\/wp\/v2\/posts"}],"about":[{"href":"https:\/\/www.bbyhaber.com\/bby\/wp-json\/wp\/v2\/types\/post"}],"author":[{"embeddable":true,"href":"https:\/\/www.bbyhaber.com\/bby\/wp-json\/wp\/v2\/users\/1"}],"replies":[{"embeddable":true,"href":"https:\/\/www.bbyhaber.com\/bby\/wp-json\/wp\/v2\/comments?post=8775"}],"version-history":[{"count":0,"href":"https:\/\/www.bbyhaber.com\/bby\/wp-json\/wp\/v2\/posts\/8775\/revisions"}],"wp:attachment":[{"href":"https:\/\/www.bbyhaber.com\/bby\/wp-json\/wp\/v2\/media?parent=8775"}],"wp:term":[{"taxonomy":"category","embeddable":true,"href":"https:\/\/www.bbyhaber.com\/bby\/wp-json\/wp\/v2\/categories?post=8775"},{"taxonomy":"post_tag","embeddable":true,"href":"https:\/\/www.bbyhaber.com\/bby\/wp-json\/wp\/v2\/tags?post=8775"}],"curies":[{"name":"wp","href":"https:\/\/api.w.org\/{rel}","templated":true}]}}