{"id":8773,"date":"2013-01-08T09:22:39","date_gmt":"2013-01-08T07:22:39","guid":{"rendered":"http:\/\/www.bbyhaber.com\/bby\/?p=8773"},"modified":"2015-02-24T09:52:32","modified_gmt":"2015-02-24T07:52:32","slug":"yaglidere-merkez-ortaokulunda-kutuphane-acilisi-yapildi-giresun","status":"publish","type":"post","link":"https:\/\/www.bbyhaber.com\/bby\/2013\/01\/08\/yaglidere-merkez-ortaokulunda-kutuphane-acilisi-yapildi-giresun","title":{"rendered":"Ya\u011fl\u0131dere Merkez Ortaokulunda K\u00fct\u00fcphane A\u00e7\u0131l\u0131\u015f\u0131 Yap\u0131ld\u0131-Giresun"},"content":{"rendered":"<p style=\"text-align: justify;\"><span style=\"color: #000000;\">Vali Yard\u0131mc\u0131s\u0131 Fethi YORULMAZ, Kaymakam Osman AYDO\u011eAN, \u0130l Milli E\u011fitim M\u00fcd\u00fcr\u00fc\u00a0 Necati AKKURT, \u0130l Milli E\u011fitim M\u00fcd\u00fcr Yard\u0131mc\u0131s\u0131 Tuncer TURAN, \u0130l\u00e7e Milli E\u011fitim M\u00fcd\u00fcr\u00fc Tahsin BAYRAM, \u0130l\u00e7e Jandarma Komutan\u0131, Belediye Ba\u015fkan\u0131, Daire Amirleri, \u0130\u015f Adamlar\u0131n\u0131n kat\u0131l\u0131m\u0131yla Ya\u011fl\u0131dere Merkez Ortaokulu K\u00fct\u00fcphanesinin a\u00e7\u0131l\u0131\u015f\u0131 yap\u0131ld\u0131.<!--more--><\/span><\/p>\n<p style=\"text-align: justify;\"><span style=\"color: #000000;\">Okul M\u00fcd\u00fcr\u00fc Yal\u00e7\u0131n ALPAYDIN konu\u015fmas\u0131nda; Ben-Annem-Babam ve \u00d6\u011fretmenim Hep Birlikte Okuyoruz Projesi,Kitapla Ya\u015f\u0131yor Kitapla Yar\u0131\u015f\u0131yoruz Projesi ve son olarak Okullar Hayat Olsun Projesinde k\u00fct\u00fcphanenin etkin bir \u015fekilde kullan\u0131laca\u011f\u0131n\u0131 belirtti.<\/span><\/p>\n<p style=\"text-align: justify;\">Kaynak: http:\/\/giresun.meb.gov.tr<\/p>\n","protected":false},"excerpt":{"rendered":"<p>Vali Yard\u0131mc\u0131s\u0131 Fethi YORULMAZ, Kaymakam Osman AYDO\u011eAN, \u0130l Milli E\u011fitim M\u00fcd\u00fcr\u00fc\u00a0 Necati AKKURT, \u0130l Milli E\u011fitim M\u00fcd\u00fcr Yard\u0131mc\u0131s\u0131 Tuncer TURAN, \u0130l\u00e7e Milli E\u011fitim M\u00fcd\u00fcr\u00fc Tahsin BAYRAM, \u0130l\u00e7e Jandarma Komutan\u0131, Belediye Ba\u015fkan\u0131, Daire Amirleri, \u0130\u015f Adamlar\u0131n\u0131n kat\u0131l\u0131m\u0131yla Ya\u011fl\u0131dere Merkez Ortaokulu K\u00fct\u00fcphanesinin a\u00e7\u0131l\u0131\u015f\u0131 yap\u0131ld\u0131.<\/p>\n","protected":false},"author":1,"featured_media":0,"comment_status":"open","ping_status":"open","sticky":false,"template":"","format":"standard","meta":{"footnotes":""},"categories":[1510],"tags":[845,1447],"class_list":["post-8773","post","type-post","status-publish","format-standard","hentry","category-z-kutuphane","tag-okul-kutuphaneleri","tag-z-zenginlestirilmis-kutuphaneler"],"_links":{"self":[{"href":"https:\/\/www.bbyhaber.com\/bby\/wp-json\/wp\/v2\/posts\/8773"}],"collection":[{"href":"https:\/\/www.bbyhaber.com\/bby\/wp-json\/wp\/v2\/posts"}],"about":[{"href":"https:\/\/www.bbyhaber.com\/bby\/wp-json\/wp\/v2\/types\/post"}],"author":[{"embeddable":true,"href":"https:\/\/www.bbyhaber.com\/bby\/wp-json\/wp\/v2\/users\/1"}],"replies":[{"embeddable":true,"href":"https:\/\/www.bbyhaber.com\/bby\/wp-json\/wp\/v2\/comments?post=8773"}],"version-history":[{"count":0,"href":"https:\/\/www.bbyhaber.com\/bby\/wp-json\/wp\/v2\/posts\/8773\/revisions"}],"wp:attachment":[{"href":"https:\/\/www.bbyhaber.com\/bby\/wp-json\/wp\/v2\/media?parent=8773"}],"wp:term":[{"taxonomy":"category","embeddable":true,"href":"https:\/\/www.bbyhaber.com\/bby\/wp-json\/wp\/v2\/categories?post=8773"},{"taxonomy":"post_tag","embeddable":true,"href":"https:\/\/www.bbyhaber.com\/bby\/wp-json\/wp\/v2\/tags?post=8773"}],"curies":[{"name":"wp","href":"https:\/\/api.w.org\/{rel}","templated":true}]}}