{"id":8771,"date":"2013-01-08T09:17:44","date_gmt":"2013-01-08T07:17:44","guid":{"rendered":"http:\/\/www.bbyhaber.com\/bby\/?p=8771"},"modified":"2015-02-24T09:52:42","modified_gmt":"2015-02-24T07:52:42","slug":"hayirseverlerden-okula-kutuphane-destegi","status":"publish","type":"post","link":"https:\/\/www.bbyhaber.com\/bby\/2013\/01\/08\/hayirseverlerden-okula-kutuphane-destegi","title":{"rendered":"Hay\u0131rseverlerden Okula K\u00fct\u00fcphane Deste\u011fi"},"content":{"rendered":"<p style=\"text-align: justify;\">Tokat\u2019ta bir ilkokulda hay\u0131rseverlerin deste\u011fi ile yapt\u0131r\u0131lan Z k\u00fct\u00fcphanesinin a\u00e7\u0131l\u0131\u015f\u0131 yap\u0131ld\u0131. Milli E\u011fitim Bakanl\u0131\u011f\u0131 taraf\u0131ndan ba\u015flat\u0131lan \u201cOkullar Hayat Olsun\u201d projesi kapsam\u0131nda Ali Osman Tepe Karde\u015fler \u0130lkokulu&#8217;na modern bir k\u00fct\u00fcphane kazand\u0131r\u0131ld\u0131. Bilgisayar odas\u0131 ve k\u00fct\u00fcphane olmak \u00fczere iki s\u0131n\u0131ftan olu\u015fan Z k\u00fct\u00fcphanesinin a\u00e7\u0131l\u0131\u015f t\u00f6reni okul bah\u00e7esinde yap\u0131ld\u0131.<!--more--><\/p>\n<p style=\"text-align: justify;\">Okul Aile Birli\u011fi Ba\u015fkan\u0131 Mehmet Uzun konu\u015fmas\u0131nda hay\u0131rseverlere desteklerinden dolay\u0131 te\u015fekk\u00fcr ederek faaliyetlerinin artarak devam edece\u011fi mesaj\u0131n\u0131 verdi. Okul M\u00fcd\u00fcr\u00fc Mustafa Ta\u015fk\u0131n ise k\u00fct\u00fcphane yap\u0131m\u0131nda isimleri dahi ge\u00e7mesini istemeyen hay\u0131rseverlere te\u015fekk\u00fcr etti. Son olarak k\u00fcrs\u00fcye gelen Tokat Vali Yard\u0131mc\u0131s\u0131 Mehmet S\u00fcphi K\u00fcsbeci, so\u011fuk hava nedeni ile konu\u015fmas\u0131n\u0131 k\u0131sa tutarak, di\u011fer okullar ve kamuya ait yat\u0131r\u0131mlarda hay\u0131rseverlerin artmas\u0131n\u0131 diledi. Yap\u0131lan konu\u015fmalar\u0131n ard\u0131ndan Vali Yard\u0131mc\u0131s\u0131 K\u00fcsbeci, Ali Tepe \u00c7a\u011fda\u015f E\u011fitim ve Sa\u011fl\u0131k Vakf\u0131 M\u00fcd\u00fcr\u00fc Ya\u015far Karaaslan\u2019a plaket takdim etti. \u00d6\u011frenciler taraf\u0131ndan okunan \u015fiirler ve m\u00fczik program\u0131n\u0131n ard\u0131ndan Z k\u00fct\u00fcphanesinin a\u00e7\u0131l\u0131\u015f\u0131 yap\u0131ld\u0131. A\u00e7\u0131l\u0131\u015f sonras\u0131nda konu\u015fma yapan \u0130l Milli E\u011fitim M\u00fcd\u00fcr\u00fc Levent Yaz\u0131c\u0131, proje kapsam\u0131nda okullardaki zenginle\u015ftirilen k\u00fct\u00fcphanelerin geli\u015ftirildi\u011fini s\u00f6yledi. Okullarda art\u0131k sadece \u00f6\u011frenciler de\u011fil mahalle halk\u0131n\u0131n da istifade ederek bu k\u00fct\u00fcphanelerden yararlanabilece\u011fini belirten Yaz\u0131c\u0131, 14 bin TL\u2019ye mal olan yeni k\u00fct\u00fcphanenin hay\u0131rl\u0131 olmas\u0131n\u0131 diledi.<\/p>\n<p style=\"text-align: justify;\">Kaynak: http:\/\/yurthaber.mynet.com<\/p>\n","protected":false},"excerpt":{"rendered":"<p>Tokat\u2019ta bir ilkokulda hay\u0131rseverlerin deste\u011fi ile yapt\u0131r\u0131lan Z k\u00fct\u00fcphanesinin a\u00e7\u0131l\u0131\u015f\u0131 yap\u0131ld\u0131. Milli E\u011fitim Bakanl\u0131\u011f\u0131 taraf\u0131ndan ba\u015flat\u0131lan \u201cOkullar Hayat Olsun\u201d projesi kapsam\u0131nda Ali Osman Tepe Karde\u015fler \u0130lkokulu&#8217;na modern bir k\u00fct\u00fcphane kazand\u0131r\u0131ld\u0131. Bilgisayar odas\u0131 ve k\u00fct\u00fcphane olmak \u00fczere iki s\u0131n\u0131ftan olu\u015fan Z k\u00fct\u00fcphanesinin a\u00e7\u0131l\u0131\u015f t\u00f6reni okul bah\u00e7esinde yap\u0131ld\u0131.<\/p>\n","protected":false},"author":1,"featured_media":0,"comment_status":"open","ping_status":"open","sticky":false,"template":"","format":"standard","meta":{"footnotes":""},"categories":[1510],"tags":[845,1447],"class_list":["post-8771","post","type-post","status-publish","format-standard","hentry","category-z-kutuphane","tag-okul-kutuphaneleri","tag-z-zenginlestirilmis-kutuphaneler"],"_links":{"self":[{"href":"https:\/\/www.bbyhaber.com\/bby\/wp-json\/wp\/v2\/posts\/8771"}],"collection":[{"href":"https:\/\/www.bbyhaber.com\/bby\/wp-json\/wp\/v2\/posts"}],"about":[{"href":"https:\/\/www.bbyhaber.com\/bby\/wp-json\/wp\/v2\/types\/post"}],"author":[{"embeddable":true,"href":"https:\/\/www.bbyhaber.com\/bby\/wp-json\/wp\/v2\/users\/1"}],"replies":[{"embeddable":true,"href":"https:\/\/www.bbyhaber.com\/bby\/wp-json\/wp\/v2\/comments?post=8771"}],"version-history":[{"count":0,"href":"https:\/\/www.bbyhaber.com\/bby\/wp-json\/wp\/v2\/posts\/8771\/revisions"}],"wp:attachment":[{"href":"https:\/\/www.bbyhaber.com\/bby\/wp-json\/wp\/v2\/media?parent=8771"}],"wp:term":[{"taxonomy":"category","embeddable":true,"href":"https:\/\/www.bbyhaber.com\/bby\/wp-json\/wp\/v2\/categories?post=8771"},{"taxonomy":"post_tag","embeddable":true,"href":"https:\/\/www.bbyhaber.com\/bby\/wp-json\/wp\/v2\/tags?post=8771"}],"curies":[{"name":"wp","href":"https:\/\/api.w.org\/{rel}","templated":true}]}}