{"id":876,"date":"2011-09-26T17:18:55","date_gmt":"2011-09-26T17:18:55","guid":{"rendered":"http:\/\/www.bbyhaber.com\/bby\/?p=876"},"modified":"2012-10-23T19:11:30","modified_gmt":"2012-10-23T16:11:30","slug":"16-ataturk-cocuklari-kutuphanesi-acildi","status":"publish","type":"post","link":"https:\/\/www.bbyhaber.com\/bby\/2011\/09\/26\/16-ataturk-cocuklari-kutuphanesi-acildi","title":{"rendered":"16. Atat\u00fcrk \u00c7ocuklar\u0131 K\u00fct\u00fcphanesi A\u00e7\u0131ld\u0131"},"content":{"rendered":"<p style=\"text-align: justify;\">K\u00f6y \u00c7ocuklar\u0131 K\u00fct\u00fcphaneleri Olu\u015fturma K\u00fclt\u00fcr-Sanat ve Dayan\u0131\u015fma Derne\u011fi taraf\u0131ndan k\u00f6ylerde yapt\u0131r\u0131lan \u201cAtat\u00fcrk \u00e7ocuklar\u0131\u201d adl\u0131 k\u00fct\u00fcphanelerinin 16.&#8217;s\u0131 \u00d6demi\u015f&#8217;in Bademli beldesine ba\u011fl\u0131 B\u0131\u00e7ak\u00e7\u0131 K\u00f6y\u00fc Bedriye Bayka\u015f \u0130lk\u00f6\u011fretim Okulu&#8217;nda a\u00e7\u0131ld\u0131. A\u00e7\u0131l\u0131\u015fa Atat\u00fcrk\u00e7\u00fc D\u00fc\u015f\u00fcnce Derne\u011fi \u00d6demi\u015f \u015eube Ba\u015fkan\u0131 Mehmet Eri\u015f ve y\u00f6netim kurulu \u00fcyelerinin yan\u0131 s\u0131ra \u00d6demi\u015f Belediye Meclis \u00dcyesi Necati G\u00fclgen, il\u00e7e milli e\u011fitim \u015fube m\u00fcd\u00fcr\u00fc Ahmet Turan Y\u00fcz\u00fck, il\u00e7e tar\u0131m m\u00fcd\u00fcr\u00fc \u0130brahim Alt\u0131nta\u015f ve vatanda\u015flar kat\u0131ld\u0131. T\u00f6ren Sayg\u0131 Duru\u015fu ve \u0130stiklal Mar\u015f\u0131&#8217;n\u0131n okunmas\u0131 ile ba\u015flad\u0131.<!--more--><\/p>\n<p style=\"text-align: justify;\">A\u00e7\u0131l\u0131\u015f konu\u015fmas\u0131 Okul M\u00fcd\u00fcr\u00fc Ramazan G\u00f6\u00e7en taraf\u0131ndan yap\u0131ld\u0131. G\u00f6\u00e7en, \u201cBize destek veren herkese \u00e7ok te\u015fekk\u00fcr ederim. \u00c7ocuklar\u0131n okumada ve anlamada bir sorunu varsa d\u00fcnyan\u0131n en iyi profes\u00f6rlerini getirin i\u015fe yaramaz. Kitap okumak yaln\u0131zca bilgi sahibi etmez d\u00fc\u015f\u00fcnce ufkunu ve anlama yetene\u011fini geli\u015ftirir.<\/p>\n<p style=\"text-align: justify;\" align=\"justify\">Biz okulumuz b\u00fcnyesinde \u00e7ocuklar\u0131m\u0131z\u0131 okumaya te\u015fvik etmek i\u00e7in en \u00e7ok kitap okuyan \u00f6rgencilerimizi ge\u00e7en sene \u00c7anakkale gezisiyle \u00f6d\u00fcllendirdik bu sene gene kitap okumaya te\u015fvik etmek amac\u0131yla en \u00e7ok kitap okuyan \u00f6\u011frencilerimizi An\u0131tkabir&#8217;e g\u00f6t\u00fcrece\u011fiz.\u201ddedi. K\u00f6y Muhtar\u0131 Mehmet Ya\u011fc\u0131 da \u201cKitaplarla arkada\u015fl\u0131k ya\u015fam\u0131 sevdirir. \u0130\u00e7imizde ya\u015fama sevincini art\u0131r\u0131r. Seneca&#8217;n\u0131n dedi\u011fi gibi \u201cKitaps\u0131z Ya\u015famak, K\u00f6r, Sa\u011f\u0131r ve Dilsiz Ya\u015famakt\u0131r. K\u00f6y\u00fcm\u00fcz 800 hane ve 2 bin varan n\u00fcfusu ve d\u00f6rt ba\u011fl\u0131 k\u00f6y\u00fc bulunmaktad\u0131r. K\u00f6y\u00fcm\u00fczde okuma yazma oran\u0131 y\u00fczde doksand\u0131r. Okullara her \u015fey yapabilirisiniz ama okulun k\u00fct\u00fcphanesi yoksa hi\u00e7bir \u015fey yapamazs\u0131n\u0131z\u201d dedi. B\u0131\u00e7ak\u00e7\u0131 K\u00f6y\u00fc&#8217;nde 42 y\u0131l \u00f6nce \u00f6\u011fretmenlik yapm\u0131\u015f olan H\u00fcseyin Yurtta\u015f da duyguland\u0131\u011f\u0131n\u0131 belirterek, \u201c42 y\u0131l aradan sonra yeniden B\u0131\u00e7ak\u00e7\u0131&#8217;day\u0131m. \u00d6\u011frencilerimi \u00e7ok sevdim gen\u00e7 ve \u00e7al\u0131\u015fkan bir \u00f6\u011fretmendim. Bilginin kayna\u011f\u0131 kitapt\u0131r. Kitaplar bize sadece bilgiyi vermezler, d\u00fc\u015f\u00fcnmeyi de \u00f6\u011fretirler.\u201ddedi. Yurtta\u015f a\u00e7\u0131l\u0131\u015fta eski \u00f6\u011frencileriyle de bulu\u015ftu. Konu\u015fmalar\u0131n ard\u0131ndan a\u00e7\u0131l\u0131\u015f kurdelesi t\u00f6rene kat\u0131lanlar taraf\u0131ndan kesildi.A\u00e7\u0131l\u0131\u015fta sahne alan minik Kemanc\u0131 Damla Turan misafirlere g\u00fczel bir keman dinletisi sundu. \u00d6demi\u015f Belediyesi halk oyunlar\u0131 ekibinin g\u00f6sterisinin ard\u0131ndan t\u00f6ren sona erdi.\u00a0<strong><\/strong><\/p>\n<p style=\"text-align: justify;\">Kaynak: <a href=\"http:\/\/www.nevsehirmedya.com\/\" target=\"_blank\">http:\/\/www.nevsehirmedya.com<\/a><\/p>\n","protected":false},"excerpt":{"rendered":"<p>K\u00f6y \u00c7ocuklar\u0131 K\u00fct\u00fcphaneleri Olu\u015fturma K\u00fclt\u00fcr-Sanat ve Dayan\u0131\u015fma Derne\u011fi taraf\u0131ndan k\u00f6ylerde yapt\u0131r\u0131lan \u201cAtat\u00fcrk \u00e7ocuklar\u0131\u201d adl\u0131 k\u00fct\u00fcphanelerinin 16.&#8217;s\u0131 \u00d6demi\u015f&#8217;in Bademli beldesine ba\u011fl\u0131 B\u0131\u00e7ak\u00e7\u0131 K\u00f6y\u00fc Bedriye Bayka\u015f \u0130lk\u00f6\u011fretim Okulu&#8217;nda a\u00e7\u0131ld\u0131. A\u00e7\u0131l\u0131\u015fa Atat\u00fcrk\u00e7\u00fc D\u00fc\u015f\u00fcnce Derne\u011fi \u00d6demi\u015f \u015eube Ba\u015fkan\u0131 Mehmet Eri\u015f ve y\u00f6netim kurulu \u00fcyelerinin yan\u0131 s\u0131ra \u00d6demi\u015f Belediye Meclis \u00dcyesi Necati G\u00fclgen, il\u00e7e milli e\u011fitim \u015fube m\u00fcd\u00fcr\u00fc Ahmet Turan [&hellip;]<\/p>\n","protected":false},"author":1,"featured_media":0,"comment_status":"open","ping_status":"open","sticky":false,"template":"","format":"standard","meta":{"footnotes":""},"categories":[1539,1,1498],"tags":[],"class_list":["post-876","post","type-post","status-publish","format-standard","hentry","category-ataturk-cocuklari-kutuphanesi","category-genel","category-koy-kutuphaneleri"],"_links":{"self":[{"href":"https:\/\/www.bbyhaber.com\/bby\/wp-json\/wp\/v2\/posts\/876"}],"collection":[{"href":"https:\/\/www.bbyhaber.com\/bby\/wp-json\/wp\/v2\/posts"}],"about":[{"href":"https:\/\/www.bbyhaber.com\/bby\/wp-json\/wp\/v2\/types\/post"}],"author":[{"embeddable":true,"href":"https:\/\/www.bbyhaber.com\/bby\/wp-json\/wp\/v2\/users\/1"}],"replies":[{"embeddable":true,"href":"https:\/\/www.bbyhaber.com\/bby\/wp-json\/wp\/v2\/comments?post=876"}],"version-history":[{"count":0,"href":"https:\/\/www.bbyhaber.com\/bby\/wp-json\/wp\/v2\/posts\/876\/revisions"}],"wp:attachment":[{"href":"https:\/\/www.bbyhaber.com\/bby\/wp-json\/wp\/v2\/media?parent=876"}],"wp:term":[{"taxonomy":"category","embeddable":true,"href":"https:\/\/www.bbyhaber.com\/bby\/wp-json\/wp\/v2\/categories?post=876"},{"taxonomy":"post_tag","embeddable":true,"href":"https:\/\/www.bbyhaber.com\/bby\/wp-json\/wp\/v2\/tags?post=876"}],"curies":[{"name":"wp","href":"https:\/\/api.w.org\/{rel}","templated":true}]}}