{"id":874,"date":"2011-09-28T17:17:47","date_gmt":"2011-09-28T17:17:47","guid":{"rendered":"http:\/\/www.bbyhaber.com\/bby\/?p=874"},"modified":"2012-05-30T13:10:36","modified_gmt":"2012-05-30T13:10:36","slug":"5-yildizli-gezici-kutuphane-hizmeti","status":"publish","type":"post","link":"https:\/\/www.bbyhaber.com\/bby\/2011\/09\/28\/5-yildizli-gezici-kutuphane-hizmeti","title":{"rendered":"5 Y\u0131ld\u0131zl\u0131 Gezici K\u00fct\u00fcphane Hizmeti"},"content":{"rendered":"<p style=\"text-align: justify;\" align=\"justify\">Erzurum&#8217;da, teknolojik donan\u0131ma sahip, yakla\u015f\u0131k 5 bin kitab\u0131n bulundu\u011fu gezici halk k\u00fct\u00fcphanesi, \u00e7ocuklara 5 Y\u0131ld\u0131zl\u0131 k\u00fct\u00fcphane hizmeti verecek. \u0130l K\u00fclt\u00fcr ve Turizm M\u00fcd\u00fcr\u00fc Fikret \u00d6zt\u00fcrk, AA muhabirine yapt\u0131\u011f\u0131 a\u00e7\u0131klamada, kurum olarak verdikleri hizmetlerden birinin de k\u00fct\u00fcphanecilik oldu\u011funu, k\u00fct\u00fcphane hizmetlerinin ula\u015famad\u0131\u011f\u0131 b\u00f6lgelere de gezici k\u00fct\u00fcphane hizmeti verdiklerini s\u00f6yledi.<!--more--><\/p>\n<p style=\"text-align: justify;\" align=\"justify\">K\u00fct\u00fcphanesi olmayan b\u00f6lgelere gezici k\u00fct\u00fcphane hizmeti g\u00f6t\u00fcrd\u00fckleri arac\u0131n uzun y\u0131llar verdi\u011fi hizmetin ard\u0131ndan hurdaya \u00e7\u0131kt\u0131\u011f\u0131n\u0131 belirten \u00d6zt\u00fcrk, &#8220;<a target=\"_blank\">Arac\u0131m\u0131z<\/a> yakla\u015f\u0131k bir y\u0131l \u00f6nce hizmetten kald\u0131r\u0131ld\u0131. Ancak iyi bir \u015fekilde y\u00fcr\u00fctt\u00fc\u011f\u00fcm\u00fcz bu hizmetlerin devam etmesi gerekiyordu. Birka\u00e7 y\u0131l kaynak arad\u0131k, bulamad\u0131k. Y\u00fcr\u00fct\u00fclmekte olan SODES projeleri Erzurum&#8217;da da uygulanmaya ba\u015flay\u0131nca biz de gezici k\u00fct\u00fcphane \u00fczerine bir proje haz\u0131rlad\u0131k&#8221; dedi.<\/p>\n<p style=\"text-align: justify;\">\u00d6\u011frencilerin k\u00fct\u00fcphane hizmetini d\u00f6rt g\u00f6zle bekledi\u011fini ifade eden \u00d6zt\u00fcrk, gezici k\u00fct\u00fcphane arac\u0131n\u0131n hizmetten men edilince ne kadar \u00f6nemli bir hizmet verdiklerinin fark\u0131na vard\u0131klar\u0131n\u0131 belirtti. K\u00fct\u00fcphanesi olmayan semt ve k\u00f6ylerden \u00e7ocuklar\u0131n \u0131srarla k\u00fct\u00fcphane hizmeti istedi\u011fini vurgulayan \u00d6zt\u00fcrk, &#8220;K\u00fct\u00fcphaneye ger\u00e7ekten b\u00fcy\u00fck ilgi varm\u0131\u015f, kaybedince anlad\u0131k. \u00c7ocuklardan, &#8216;k\u00fct\u00fcphanemiz niye gelmiyor, k\u00fct\u00fcphanemizi istiyoruz&#8217; diye yo\u011fun istek oldu. Bu talep bizi kam\u00e7\u0131lad\u0131&#8221; dedi. SODES&#8217;e sunduklar\u0131 projenin &#8220;uygulanabilir bir proje&#8221; olarak 350 bin liraya kabul edildi\u011fini belirten \u00d6zt\u00fcrk, \u015funlar\u0131 ifade etti:<\/p>\n<p style=\"text-align: justify;\">&#8220;SODES&#8217;ten 350 bin liral\u0131k bir kaynak temin ettik. Bakanl\u0131\u011f\u0131m\u0131zdan da 190 bin liral\u0131k bir kaynak ekleyerek, 540 bin liral\u0131k bir kaynakla projeyi hayata ge\u00e7iyoruz. K\u00fct\u00fcphane hizmetinin ula\u015famad\u0131\u011f\u0131 yerlere, \u00f6\u011frencilere k\u00fct\u00fcphane hizmetlerimizi g\u00f6t\u00fcrece\u011fimiz. Sadece kitap de\u011fil, internet, g\u00f6r\u00fcnt\u00fc, e\u011fitim yapabilecekleri hizmet arac\u0131 d\u00fc\u015f\u00fcnd\u00fck. Bu kapsamda 12 metre boyunda uzun bir otob\u00fcs ve i\u00e7erisinde internet, sunum merkezlerinin oldu\u011fu, g\u00f6r\u00fcnt\u00fcl\u00fc e\u011fitim merkezinin bulundu\u011fu bir teknoloji arac\u0131 olu\u015fturduk. Arac\u0131n imalat\u0131 tamamland\u0131, \u00fcstyap\u0131 bitti. Birka\u00e7 hafta i\u00e7inde de arac\u0131m\u0131z tamamen bitmi\u015f olacak. Teknoloji ar\u0131c\u0131m\u0131z, \u00f6\u011frencilerimizin ve halk\u0131m\u0131z\u0131n hizmetinde girecek.&#8221;<\/p>\n<p style=\"text-align: justify;\">&#8220;T\u00dcRK\u0130YE&#8217;DE \u0130LK OLACA\u011eINI D\u00dc\u015e\u00dcN\u00dcYORUM&#8221;<\/p>\n<p style=\"text-align: justify;\" align=\"justify\">Gezici k\u00fct\u00fcphanenin her alanda donan\u0131ml\u0131 oldu\u011funu vurgulayan \u00d6zt\u00fcrk, &#8220;Bu kapsamda d\u00fczenlenen, \u00f6\u011frenci ve hedef kitlenin ihtiya\u00e7 duydu\u011fu kitapla birlikte, teknoloji de sunabilecek gezici k\u00fct\u00fcphanenin T\u00fcrkiye&#8217;de ilk olaca\u011f\u0131n\u0131 d\u00fc\u015f\u00fcn\u00fcyorum. Bu ara\u00e7ta 6 bilgisayar, 2 televizyon, internet, projeksiyonlar, g\u00fc\u00e7 kayna\u011f\u0131, klima, engelli rampas\u0131, kitap okunabilecek bir mekan, g\u00fcr\u00fclt\u00fc yapmayan g\u00fc\u00e7 kayna\u011f\u0131 olacak&#8221; diye konu\u015ftu. Gezici Halk K\u00fct\u00fcphanesi ile gidilecek k\u00f6yler i\u00e7in \u00f6nceden program yap\u0131laca\u011f\u0131n\u0131 vurgulayan \u00d6zt\u00fcrk, ihtiyaca g\u00f6re gittikleri hedef kitleye g\u00fcncel, bilimsel ve ders \u00e7al\u0131\u015fmaya y\u00f6nelik kitaplar g\u00f6t\u00fcreceklerini vurgulad\u0131. Otob\u00fcste en az 5 bin kitab\u0131n bulunaca\u011f\u0131n\u0131 vurgulayan \u00d6zt\u00fcrk, &#8220;\u00c7al\u0131\u015fma metodumuz belirli periyotlarla, hedef kitleye 15 g\u00fcnde bir hizmetten yararlanmas\u0131n\u0131 sa\u011flamakt\u0131r&#8221; dedi.<\/p>\n<p style=\"text-align: justify;\">\u00d6z\u00fcrl\u00fclerin de sandalyeleriyle gelip, k\u00fct\u00fcphane arac\u0131nda hizmet alaca\u011f\u0131n\u0131 vurgulayan \u00d6zt\u00fcrk, \u015f\u00f6yle konu\u015ftu: &#8220;Dolas\u0131yla engelli engelsiz b\u00fct\u00fcn vatanda\u015flar\u0131m\u0131z\u0131n yararlanaca\u011f\u0131 bir gezici k\u00fct\u00fcphane olu\u015fturaca\u011f\u0131z. Gezici k\u00fct\u00fcphane sayesinde internetle tan\u0131\u015fmayan hedef kitleyi internetle de tan\u0131\u015ft\u0131raca\u011f\u0131z. E\u011fitim-\u00f6\u011fretimin ba\u015f\u0131nday\u0131z. Bir ay i\u00e7inde arac\u0131m\u0131z\u0131 hizmete sokarak, sadece k\u00f6ydekiler de\u011fil, baz\u0131 uzak semtlerimize de teknolojiyle donat\u0131lm\u0131\u015f k\u00fct\u00fcphane hizmeti g\u00f6t\u00fcrece\u011fiz. Bizim amac\u0131m\u0131z, hedef kitleye 5 Y\u0131ld\u0131zl\u0131, m\u00fckemmel hizmet vermektir.&#8221;\u00a0<strong><\/strong><\/p>\n","protected":false},"excerpt":{"rendered":"<p>Erzurum&#8217;da, teknolojik donan\u0131ma sahip, yakla\u015f\u0131k 5 bin kitab\u0131n bulundu\u011fu gezici halk k\u00fct\u00fcphanesi, \u00e7ocuklara 5 Y\u0131ld\u0131zl\u0131 k\u00fct\u00fcphane hizmeti verecek. \u0130l K\u00fclt\u00fcr ve Turizm M\u00fcd\u00fcr\u00fc Fikret \u00d6zt\u00fcrk, AA muhabirine yapt\u0131\u011f\u0131 a\u00e7\u0131klamada, kurum olarak verdikleri hizmetlerden birinin de k\u00fct\u00fcphanecilik oldu\u011funu, k\u00fct\u00fcphane hizmetlerinin ula\u015famad\u0131\u011f\u0131 b\u00f6lgelere de gezici k\u00fct\u00fcphane hizmeti verdiklerini s\u00f6yledi.<\/p>\n","protected":false},"author":1,"featured_media":0,"comment_status":"open","ping_status":"open","sticky":false,"template":"","format":"standard","meta":{"footnotes":""},"categories":[1486],"tags":[1440],"class_list":["post-874","post","type-post","status-publish","format-standard","hentry","category-gezici-kutuphane","tag-gezici-kutuphaneler"],"_links":{"self":[{"href":"https:\/\/www.bbyhaber.com\/bby\/wp-json\/wp\/v2\/posts\/874"}],"collection":[{"href":"https:\/\/www.bbyhaber.com\/bby\/wp-json\/wp\/v2\/posts"}],"about":[{"href":"https:\/\/www.bbyhaber.com\/bby\/wp-json\/wp\/v2\/types\/post"}],"author":[{"embeddable":true,"href":"https:\/\/www.bbyhaber.com\/bby\/wp-json\/wp\/v2\/users\/1"}],"replies":[{"embeddable":true,"href":"https:\/\/www.bbyhaber.com\/bby\/wp-json\/wp\/v2\/comments?post=874"}],"version-history":[{"count":0,"href":"https:\/\/www.bbyhaber.com\/bby\/wp-json\/wp\/v2\/posts\/874\/revisions"}],"wp:attachment":[{"href":"https:\/\/www.bbyhaber.com\/bby\/wp-json\/wp\/v2\/media?parent=874"}],"wp:term":[{"taxonomy":"category","embeddable":true,"href":"https:\/\/www.bbyhaber.com\/bby\/wp-json\/wp\/v2\/categories?post=874"},{"taxonomy":"post_tag","embeddable":true,"href":"https:\/\/www.bbyhaber.com\/bby\/wp-json\/wp\/v2\/tags?post=874"}],"curies":[{"name":"wp","href":"https:\/\/api.w.org\/{rel}","templated":true}]}}