{"id":869,"date":"2018-04-06T20:55:00","date_gmt":"2018-04-06T17:55:00","guid":{"rendered":"http:\/\/ihalekutuphane.com\/?p=869"},"modified":"2018-04-06T20:55:00","modified_gmt":"2018-04-06T17:55:00","slug":"osmanlilarda-kutuphaneler-ve-kutuphanecilik-ismail-e-erunsal","status":"publish","type":"post","link":"https:\/\/www.bbyhaber.com\/bby\/2018\/04\/06\/osmanlilarda-kutuphaneler-ve-kutuphanecilik-ismail-e-erunsal","title":{"rendered":"Osmanl\u0131larda K\u00fct\u00fcphaneler ve K\u00fct\u00fcphanecilik \/ \u0130smail E. Er\u00fcnsal"},"content":{"rendered":"<p>Merhabalar,<\/p>\n<p>Uzun zamand\u0131r incelmek istedi\u011fim fakat zaman ay\u0131rmad\u0131\u011f\u0131m bir kitab\u0131 sizlere tan\u0131tmak istedim.<\/p>\n<p><strong><span style=\"font-size: 16px;\"><img loading=\"lazy\" decoding=\"async\" class=\"alignleft size-medium wp-image-874\" src=\"http:\/\/ihalekutuphane.com\/wp-content\/uploads\/2018\/04\/Osmanl\u0131larda-k\u00fct\u00fcphaneler-ve-k\u00fct\u00fcphanecilik-d\u0131\u015f-kapak-169x300.jpg\" alt=\"\" width=\"169\" height=\"300\" \/>Osmanl\u0131larda K\u00fct\u00fcphaneler ve K\u00fct\u00fcphanecilik\u00a0\u00a0<\/span><\/strong>adl\u0131 kitap\u00a0<strong>\u0130smail E. Er\u00fcnsal<\/strong> bey taraf\u0131ndan kaleme al\u0131nm\u0131\u015f.<\/p>\n<p>Mesle\u011fimiz tarihine \u0131\u015f\u0131k tutan bu eseri b\u00fct\u00fcn meslekta\u015flara tavsiye ederim. Yo\u011fun bir ara\u015ft\u0131rma s\u00fcrecinden ge\u00e7erek haz\u0131rlanan kitap Osmanl\u0131 devrinde K\u00fct\u00fcphane ve K\u00fct\u00fcphanecilik hakk\u0131nda kapsaml\u0131 bilgiler sunmaktad\u0131r.<\/p>\n<p>Yazar\u0131n web sitesi:\u00a0<a href=\"http:\/\/www.ismailerunsal.com\/\" target=\"_blank\" rel=\"noopener\">http:\/\/www.ismailerunsal.com\/<\/a><\/p>\n<p>&nbsp;<\/p>\n<table class=\"detay\">\n<tbody>\n<tr>\n<td class=\"etiket\" rowspan=\"1\">Eser ad\u0131:<\/td>\n<td class=\"bilgi\">Osmanl\u0131larda k\u00fct\u00fcphaneler ve k\u00fct\u00fcphanecilik : tarihi geli\u015fimi ve organizasyonu \/ \u0130smail E. Er\u00fcnsal.<\/td>\n<\/tr>\n<tr>\n<td class=\"etiket\" rowspan=\"1\">Bas\u0131m:<\/td>\n<td class=\"bilgi\">2. bsk.<\/td>\n<\/tr>\n<tr>\n<td class=\"etiket\" rowspan=\"1\">Yay\u0131m yeri:<\/td>\n<td class=\"bilgi\">\u0130stanbul : Tima\u015f, 2015.<\/td>\n<\/tr>\n<tr>\n<td class=\"etiket\" rowspan=\"1\">Fiziksel yap\u0131:<\/td>\n<td class=\"bilgi\">728 s. : \u015fkl. ; 24 cm.<\/td>\n<\/tr>\n<tr>\n<td class=\"etiket\" rowspan=\"1\">Dizi kayd\u0131:<\/td>\n<td class=\"bilgi\">Tima\u015f yay\u0131nlar\u0131 ; 3793. Tarih inceleme ara\u015ft\u0131rma dizisi ; 71<\/td>\n<\/tr>\n<tr>\n<td class=\"etiket\" rowspan=\"1\">ISBN:<\/td>\n<td class=\"bilgi\">ISBN 9786050819434<\/td>\n<\/tr>\n<tr>\n<td class=\"etiket\" rowspan=\"1\">Notlar:<\/td>\n<td class=\"bilgi\">Dizin ve kaynak\u00e7a var.<\/td>\n<\/tr>\n<tr>\n<td class=\"etiket\" rowspan=\"3\">Konu ek giri\u015fleri:<\/td>\n<td class=\"bilgi\">K\u00fct\u00fcphaneler&#8211;T\u00fcrkiye&#8211;Tarih<\/td>\n<\/tr>\n<tr>\n<td class=\"bilgi\">Vak\u0131f k\u00fct\u00fcphaneleri&#8211;T\u00fcrkiye&#8211;Tarih<\/td>\n<\/tr>\n<tr>\n<td class=\"bilgi\">K\u00fct\u00fcphanecilik&#8211;T\u00fcrkiye&#8211;Tarih<\/td>\n<\/tr>\n<tr>\n<td class=\"etiket\" rowspan=\"1\">Dizi ek giri\u015fleri:<\/td>\n<td class=\"bilgi\">Tima\u015f yay\u0131nlar\u0131. Tarih inceleme ara\u015ft\u0131rma dizisi ; 71<\/td>\n<\/tr>\n<\/tbody>\n<\/table>\n<p><img loading=\"lazy\" decoding=\"async\" class=\"alignleft size-large wp-image-874\" src=\"http:\/\/ihalekutuphane.com\/wp-content\/uploads\/2018\/04\/Osmanl\u0131larda-k\u00fct\u00fcphaneler-ve-k\u00fct\u00fcphanecilik-d\u0131\u015f-kapak-576x1024.jpg\" alt=\"\" width=\"576\" height=\"1024\" \/><\/p>\n<p><img loading=\"lazy\" decoding=\"async\" class=\"alignleft wp-image-875 size-large\" src=\"http:\/\/ihalekutuphane.com\/wp-content\/uploads\/2018\/04\/Osmanl\u0131larda-k\u00fct\u00fcphaneler-ve-k\u00fct\u00fcphanecilik-s\u0131rt-576x1024.jpg\" alt=\"\" width=\"576\" height=\"1024\" \/><\/p>\n<p>&nbsp;<\/p>\n<p>&nbsp;<\/p>\n<p>&nbsp;<\/p>\n<p>&nbsp;<\/p>\n<p>&nbsp;<\/p>\n<p>&nbsp;<\/p>\n<p>&nbsp;<\/p>\n<p>&nbsp;<\/p>\n<p>&nbsp;<\/p>\n<p>&nbsp;<\/p>\n<p>&nbsp;<\/p>\n<p>&nbsp;<\/p>\n<p>&nbsp;<\/p>\n<p>&nbsp;<\/p>\n<p>&nbsp;<\/p>\n<p>&nbsp;<\/p>\n<p>&nbsp;<\/p>\n<p>&nbsp;<\/p>\n<p>&nbsp;<\/p>\n<p>&nbsp;<\/p>\n<p>&nbsp;<\/p>\n<p>&nbsp;<\/p>\n<p>&nbsp;<\/p>\n<p><img loading=\"lazy\" decoding=\"async\" class=\"alignleft size-large wp-image-873\" src=\"http:\/\/ihalekutuphane.com\/wp-content\/uploads\/2018\/04\/Osmanl\u0131larda-k\u00fct\u00fcphaneler-ve-k\u00fct\u00fcphanecilik-arka-kapak-576x1024.jpg\" alt=\"\" width=\"576\" height=\"1024\" \/><\/p>\n<p>&nbsp;<\/p>\n<p>&nbsp;<\/p>\n<p>&nbsp;<\/p>\n<p>&nbsp;<\/p>\n<p>&nbsp;<\/p>\n<p>&nbsp;<\/p>\n<p>&nbsp;<\/p>\n<p>&nbsp;<\/p>\n<p>&nbsp;<\/p>\n<p>&nbsp;<\/p>\n<p>&nbsp;<\/p>\n<p>&nbsp;<\/p>\n<p>&nbsp;<\/p>\n<p>&nbsp;<\/p>\n<p>&nbsp;<\/p>\n<p>&nbsp;<\/p>\n<p>&nbsp;<\/p>\n<p>&nbsp;<\/p>\n<p>&nbsp;<\/p>\n<p>&nbsp;<\/p>\n<p>&nbsp;<\/p>\n<p>&nbsp;<\/p>\n<p>&nbsp;<\/p>\n<p>&nbsp;<\/p>\n<p><img loading=\"lazy\" decoding=\"async\" class=\"alignleft size-large wp-image-876\" src=\"http:\/\/ihalekutuphane.com\/wp-content\/uploads\/2018\/04\/Osmanl\u0131larda-k\u00fct\u00fcphaneler-ve-k\u00fct\u00fcphanecilik-i\u00e7indekiler-1-576x1024.jpg\" alt=\"\" width=\"576\" height=\"1024\" \/> <img loading=\"lazy\" decoding=\"async\" class=\"alignleft size-large wp-image-877\" src=\"http:\/\/ihalekutuphane.com\/wp-content\/uploads\/2018\/04\/Osmanl\u0131larda-k\u00fct\u00fcphaneler-ve-k\u00fct\u00fcphanecilik-i\u00e7indekiler-2-576x1024.jpg\" alt=\"\" width=\"576\" height=\"1024\" \/> <img loading=\"lazy\" decoding=\"async\" class=\"alignleft size-large wp-image-878\" src=\"http:\/\/ihalekutuphane.com\/wp-content\/uploads\/2018\/04\/Osmanl\u0131larda-k\u00fct\u00fcphaneler-ve-k\u00fct\u00fcphanecilik-i\u00e7indekiler-3-576x1024.jpg\" alt=\"\" width=\"576\" height=\"1024\" \/><\/p>\n<p><a href=\"http:\/\/ihalekutuphane.com\/2018\/04\/06\/osmanlilarda-kutuphaneler-ve-kutuphanecilik-ismail-e-erunsal\/\" target=\"_blank\" rel=\"noopener\">Kaynak<\/a><\/p>\n","protected":false},"excerpt":{"rendered":"<p>Merhabalar, Uzun zamand\u0131r incelmek istedi\u011fim fakat zaman ay\u0131rmad\u0131\u011f\u0131m bir kitab\u0131 sizlere tan\u0131tmak istedim. Osmanl\u0131larda K\u00fct\u00fcphaneler ve K\u00fct\u00fcphanecilik\u00a0\u00a0adl\u0131 kitap\u00a0\u0130smail E. Er\u00fcnsal bey taraf\u0131ndan kaleme al\u0131nm\u0131\u015f. Mesle\u011fimiz tarihine \u0131\u015f\u0131k tutan bu eseri b\u00fct\u00fcn meslekta\u015flara tavsiye ederim. Yo\u011fun bir ara\u015ft\u0131rma s\u00fcrecinden ge\u00e7erek haz\u0131rlanan kitap Osmanl\u0131 devrinde K\u00fct\u00fcphane ve K\u00fct\u00fcphanecilik hakk\u0131nda kapsaml\u0131 bilgiler sunmaktad\u0131r. Yazar\u0131n web sitesi:\u00a0http:\/\/www.ismailerunsal.com\/ &nbsp; Eser [&hellip;]<\/p>\n","protected":false},"author":154,"featured_media":880,"comment_status":"open","ping_status":"open","sticky":false,"template":"","format":"standard","meta":{"footnotes":""},"categories":[],"tags":[1160,1459,1162],"class_list":["post-869","post","type-post","status-publish","format-standard","has-post-thumbnail","hentry","tag-ismail-e-erunsal","tag-kitap-tanitimi","tag-osmanlilarda-kutuphaneler-ve-kutuphanecilik"],"_links":{"self":[{"href":"https:\/\/www.bbyhaber.com\/bby\/wp-json\/wp\/v2\/posts\/869"}],"collection":[{"href":"https:\/\/www.bbyhaber.com\/bby\/wp-json\/wp\/v2\/posts"}],"about":[{"href":"https:\/\/www.bbyhaber.com\/bby\/wp-json\/wp\/v2\/types\/post"}],"author":[{"embeddable":true,"href":"https:\/\/www.bbyhaber.com\/bby\/wp-json\/wp\/v2\/users\/154"}],"replies":[{"embeddable":true,"href":"https:\/\/www.bbyhaber.com\/bby\/wp-json\/wp\/v2\/comments?post=869"}],"version-history":[{"count":0,"href":"https:\/\/www.bbyhaber.com\/bby\/wp-json\/wp\/v2\/posts\/869\/revisions"}],"wp:featuredmedia":[{"embeddable":true,"href":"https:\/\/www.bbyhaber.com\/bby\/wp-json\/wp\/v2\/posts\/880"}],"wp:attachment":[{"href":"https:\/\/www.bbyhaber.com\/bby\/wp-json\/wp\/v2\/media?parent=869"}],"wp:term":[{"taxonomy":"category","embeddable":true,"href":"https:\/\/www.bbyhaber.com\/bby\/wp-json\/wp\/v2\/categories?post=869"},{"taxonomy":"post_tag","embeddable":true,"href":"https:\/\/www.bbyhaber.com\/bby\/wp-json\/wp\/v2\/tags?post=869"}],"curies":[{"name":"wp","href":"https:\/\/api.w.org\/{rel}","templated":true}]}}