{"id":8680,"date":"2013-01-05T15:45:52","date_gmt":"2013-01-05T13:45:52","guid":{"rendered":"http:\/\/www.bbyhaber.com\/bby\/?p=8680"},"modified":"2016-08-29T09:47:18","modified_gmt":"2016-08-29T06:47:18","slug":"sozlemeli-personelin-kutuphaneci-ucret-tavanlari-belli-oldu","status":"publish","type":"post","link":"https:\/\/www.bbyhaber.com\/bby\/2013\/01\/05\/sozlemeli-personelin-kutuphaneci-ucret-tavanlari-belli-oldu","title":{"rendered":"S\u00f6zle\u015fmeli personelin (K\u00fct\u00fcphaneci) \u00fccret tavanlar\u0131 belli oldu-Ocak 2013"},"content":{"rendered":"<p style=\"text-align: justify;\">Mahalli \u0130dare <span style=\"color: #ff0000;\"><strong>S\u00f6zle\u015fmeli Personeli<\/strong><\/span> \u00dccret Tavanlar\u0131na g\u00f6re kamuda g\u00f6rev yapan k\u00fct\u00fcphanecilerilerin net \u00fccret tavanlar\u0131 a\u015fa\u011f\u0131daki tabloda verilmi\u015ftir.<!--more--><\/p>\n<table style=\"width: 500px; border-collapse: collapse; color: #000000; font-family: sans-serif; font-size: 13px; line-height: 22px;\" border=\"1\" width=\"429\">\n<tbody>\n<tr>\n<td style=\"vertical-align: top; padding: 0px; margin: 0px;\" colspan=\"6\">(1) SAYILI CETVEL<\/td>\n<\/tr>\n<tr>\n<td style=\"vertical-align: top; padding: 0px; margin: 0px;\" colspan=\"6\"><strong>1\/1\/2013 TAR\u0130H\u0130NDEN GE\u00c7ERL\u0130 OLMAK \u00dcZERE, 5393 SAYILI KANUN \u00c7ER\u00c7EVES\u0130NDE \u00c7ALI\u015eTIRILACAK <span style=\"color: #ff0000;\">S\u00d6ZLE\u015eMEL\u0130 PERSONEL\u0130N<\/span> UNVAN BAZINDA \u00dcCRET TAVANLARI (TL)<\/strong><\/td>\n<\/tr>\n<tr>\n<td style=\"vertical-align: top; padding: 0px; margin: 0px;\">UNVAN<\/td>\n<td style=\"vertical-align: top; padding: 0px; margin: 0px;\">SINIF<\/td>\n<td style=\"vertical-align: top; padding: 0px; margin: 0px;\">DERECE<\/td>\n<td style=\"vertical-align: top; padding: 0px; margin: 0px;\">657 SAYILI KANUNA G\u00d6RE NET AYLIK TUTAR<\/td>\n<td style=\"vertical-align: top; padding: 0px; margin: 0px;\">KISM\u0130 ZAMANLI S\u00d6ZLE\u015eMEL\u0130 PERSONEL NET \u00dcCRET TAVANI<\/td>\n<td style=\"vertical-align: top; padding: 0px; margin: 0px;\">TAM ZAMANLI S\u00d6ZLE\u015eMEL\u0130 PERSONEL NET \u00dcCRET TAVANI<\/td>\n<\/tr>\n<tr>\n<td style=\"vertical-align: top; padding: 0px; margin: 0px;\"><span style=\"color: #000000; font-family: sans-serif; font-size: 13px; line-height: 22px;\"><strong><span style=\"color: #0000ff;\">K\u00fct\u00fcphaneci<\/span><\/strong> (Y\u00fcksek\u00f6\u011frenim Mezunu)<\/span><\/td>\n<td style=\"vertical-align: top; padding: 0px; margin: 0px;\">TH<\/td>\n<td style=\"vertical-align: top; padding: 0px; margin: 0px;\"><span style=\"color: #000000; font-family: sans-serif; font-size: 13px; line-height: 22px;\">1\/1<\/span><\/td>\n<td style=\"vertical-align: top; padding: 0px; margin: 0px;\"><span style=\"color: #000000; font-family: sans-serif; font-size: 13px; line-height: 22px;\">1.578,36<\/span><\/td>\n<td style=\"vertical-align: top; padding: 0px; margin: 0px;\">&#8212;<\/td>\n<td style=\"vertical-align: top; padding: 0px; margin: 0px;\"><span style=\"color: #000000; font-family: sans-serif; font-size: 13px; line-height: 22px;\">1.972,95<\/span><\/td>\n<\/tr>\n<\/tbody>\n<\/table>\n<p><strong>\u00a0<span style=\"color: #000000; font-family: sans-serif; font-size: 13px; line-height: 22px;\">5393 SAYILI KANUN \u00c7ER\u00c7VES\u0130NDE \u00c7ALI\u015eTIRILACAK TAM ZAMANLI S\u00d6ZLE\u015eMEL\u0130 PERSONEL\u0130N EK \u00d6DEME ORAN VE TUTARLARI<\/span><\/strong><\/p>\n<table style=\"width: 500px; border-collapse: collapse; color: #000000; font-family: sans-serif; font-size: 13px; line-height: 22px;\" border=\"1\" width=\"449\">\n<tbody>\n<tr>\n<td style=\"vertical-align: top; padding: 0px; margin: 0px;\" rowspan=\"11\">Restorat\u00f6r, Tekniker, Grafiker, Kaptan, Teknik Ressam, Hidrobiyolog, Pilot, Sanat Tarih\u00e7isi, Sosyolog, Ekonomist, Topograf, Teknisyen, Laborant, \u00d6l\u00e7\u00fc Ayar Memuru, <span style=\"color: #0000ff;\"><strong>K\u00fct\u00fcphaneci<\/strong><\/span><\/td>\n<td style=\"vertical-align: top; padding: 0px; margin: 0px;\" rowspan=\"4\">Lisans mezunu olanlar<\/td>\n<td style=\"vertical-align: top; padding: 0px; margin: 0px;\">a) 21 y \u0131 l ve daha iazla olanlar<\/td>\n<td style=\"vertical-align: top; padding: 0px; margin: 0px;\">110<\/td>\n<td style=\"vertical-align: top; padding: 0px; margin: 0px;\">771,60<\/td>\n<\/tr>\n<tr>\n<td style=\"vertical-align: top; padding: 0px; margin: 0px;\">b) 15-20 (dahil) y \u0131 l aras \u0131 nda olanlar<\/td>\n<td style=\"vertical-align: top; padding: 0px; margin: 0px;\">100<\/td>\n<td style=\"vertical-align: top; padding: 0px; margin: 0px;\">701,45<\/td>\n<\/tr>\n<tr>\n<td style=\"vertical-align: top; padding: 0px; margin: 0px;\">c) 6-14 (dahil) y \u0131 l aras \u0131 nda olanlar<\/td>\n<td style=\"vertical-align: top; padding: 0px; margin: 0px;\">90<\/td>\n<td style=\"vertical-align: top; padding: 0px; margin: 0px;\">631,31<\/td>\n<\/tr>\n<tr>\n<td style=\"vertical-align: top; padding: 0px; margin: 0px;\">d) 0-5 (dahil) y \u0131 l aras \u0131 nda olanlar<\/td>\n<td style=\"vertical-align: top; padding: 0px; margin: 0px;\">85<\/td>\n<td style=\"vertical-align: top; padding: 0px; margin: 0px;\">596,23<\/td>\n<\/tr>\n<tr>\n<td style=\"vertical-align: top; padding: 0px; margin: 0px;\" rowspan=\"4\">\u00d6nlisans mezunu olanlar<\/td>\n<td style=\"vertical-align: top; padding: 0px; margin: 0px;\">a) 23 y \u0131 l ve daha iazla olanlar<\/td>\n<td style=\"vertical-align: top; padding: 0px; margin: 0px;\">110<\/td>\n<td style=\"vertical-align: top; padding: 0px; margin: 0px;\">771,60<\/td>\n<\/tr>\n<tr>\n<td style=\"vertical-align: top; padding: 0px; margin: 0px;\">b) 17-22 (dahil) y \u0131 l aras \u0131 nda olanlar<\/td>\n<td style=\"vertical-align: top; padding: 0px; margin: 0px;\">100<\/td>\n<td style=\"vertical-align: top; padding: 0px; margin: 0px;\">701,45<\/td>\n<\/tr>\n<tr>\n<td style=\"vertical-align: top; padding: 0px; margin: 0px;\">c) 8-16 (dahil) y \u0131 l aras \u0131 nda olanlar<\/td>\n<td style=\"vertical-align: top; padding: 0px; margin: 0px;\">90<\/td>\n<td style=\"vertical-align: top; padding: 0px; margin: 0px;\">631,31<\/td>\n<\/tr>\n<tr>\n<td style=\"vertical-align: top; padding: 0px; margin: 0px;\">d) 0-7 (dahil) y \u0131 l aras \u0131 nda olanlar<\/td>\n<td style=\"vertical-align: top; padding: 0px; margin: 0px;\">85<\/td>\n<td style=\"vertical-align: top; padding: 0px; margin: 0px;\">596,23<\/td>\n<\/tr>\n<tr>\n<td style=\"vertical-align: top; padding: 0px; margin: 0px;\" rowspan=\"3\">Di\u011ferleri<\/td>\n<td style=\"vertical-align: top; padding: 0px; margin: 0px;\">a) 25 y \u0131 l ve daha iazla olanlar<\/td>\n<td style=\"vertical-align: top; padding: 0px; margin: 0px;\">100<\/td>\n<td style=\"vertical-align: top; padding: 0px; margin: 0px;\">701,45<\/td>\n<\/tr>\n<tr>\n<td style=\"vertical-align: top; padding: 0px; margin: 0px;\">b) 16-24 (dahil) y \u0131 l aras \u0131 nda olanlar<\/td>\n<td style=\"vertical-align: top; padding: 0px; margin: 0px;\">90<\/td>\n<td style=\"vertical-align: top; padding: 0px; margin: 0px;\">631,31<\/td>\n<\/tr>\n<tr>\n<td style=\"vertical-align: top; padding: 0px; margin: 0px;\">c) 0-15 (dahil) y \u0131 l aras \u0131 nda olanlar<\/td>\n<td style=\"vertical-align: top; padding: 0px; margin: 0px;\">85<\/td>\n<td style=\"vertical-align: top; padding: 0px; margin: 0px;\">596,23<\/td>\n<\/tr>\n<\/tbody>\n<\/table>\n<p style=\"text-align: justify;\">T.C.<br \/>\nMAL\u0130YE BAKANLI\u011eI<br \/>\nB\u00fct\u00e7e ve Mali Kontrol Genel M\u00fcd\u00fcrl\u00fc\u011f\u00fc<\/p>\n<p style=\"text-align: justify;\">Say\u0131 : B.07.0.BMK.0.19.115708-184<br \/>\nKonu : Mahalli \u0130dare S\u00f6zle\u015fmeli Personeli \u00dccret Tavanlar\u0131<\/p>\n<p style=\"text-align: justify;\">GENELGE<\/p>\n<p style=\"text-align: justify;\">(S\u0131ra No: 2)<\/p>\n<p style=\"text-align: justify;\">1\/6\/2012 tarihli ve 28310 say\u0131l\u0131 Resmi Gazetede yay\u0131mlanm\u0131\u015f olan 29\/5\/2012 tarihli ve 2012\/1 numaral\u0131 Kamu G\u00f6revlileri Hakem Kurulu Karar\u0131n\u0131n 4 \u00fcnc\u00fc ve 6 nc\u0131 maddeleri \u00e7er\u00e7evesinde Bakanl\u0131\u011f\u0131m\u0131z taraf\u0131ndan \u00e7\u0131kar\u0131lan 03.01.2013 tarihli ve B.07.0.BMK.0.22.115913\/33 say\u0131l\u0131 Genelge ile 1\/1\/2013\u201330\/6\/2013 d\u00f6neminde ge\u00e7erli olmak \u00fczere;<\/p>\n<p style=\"text-align: justify;\">657 say\u0131l\u0131 Devlet Memurlar\u0131 Kanununun 154 \u00fcnc\u00fc maddesi uyar\u0131nca ayl\u0131k g\u00f6sterge tablosunda yer alan rakamlar ile ek g\u00f6sterge rakamlar\u0131n\u0131n ayl\u0131k tutarlara \u00e7evrilmesinde uygulanacak ayl\u0131k katsay\u0131s\u0131 (0,073837) olarak; memuriyet taban ayl\u0131\u011f\u0131 g\u00f6stergesine uygulanacak taban ayl\u0131k katsay\u0131s\u0131 (0,98798) olarak; i\u015f g\u00fc\u00e7l\u00fc\u011f\u00fc, i\u015f riski, temininde g\u00fc\u00e7l\u00fck ve mali sorumluluk zamlar\u0131n\u0131n ayl\u0131k tutarlara \u00e7evrilmesinde uygulanacak yan \u00f6deme katsay\u0131s\u0131 ise (0,0234128) olarak belirlenmi\u015ftir.<\/p>\n<p style=\"text-align: justify;\">Bu itibarla, 5393 say\u0131l\u0131 Belediye Kanununun 49 uncu maddesi \u00e7er\u00e7evesinde 2013 y\u0131l\u0131nda s\u00f6zle\u015fmeli personel olarak \u00e7al\u0131\u015ft\u0131r\u0131lacaklar\u0131n s\u00f6zle\u015fmelerinin d\u00fczenlenmesinde, s\u00f6zle\u015fme \u00fccretlerinin tespitinde ve \u00f6denmesinde a\u015fa\u011f\u0131da belirtilen hususlara uygun olarak i\u015flem tesis edilmesi gerekmektedir.<\/p>\n<p style=\"text-align: justify;\">1- 24\/7\/2008 tarihli ve 5793 say\u0131l\u0131 Kanunun 46 nc\u0131 maddesiyle yap\u0131lan d\u00fczenleme neticesinde, 5393 say\u0131l\u0131 Belediye Kanununun 49 uncu maddesinin be\u015finci f\u0131kras\u0131nda yer alan \u201c\u0130\u00e7i\u015fleri Bakanl\u0131\u011f\u0131na ve Maliye Bakanl\u0131\u011f\u0131na\u201d ibaresi, \u201c\u0130\u00e7i\u015fleri Bakanl\u0131\u011f\u0131na\u201d \u015feklinde de\u011fi\u015ftirilmi\u015ftir. Bu nedenle, 5393 say\u0131l\u0131 Belediye Kanununun 49 uncu maddesinin \u00fc\u00e7\u00fcnc\u00fc ve d\u00f6rd\u00fcnc\u00fc f\u0131kralar\u0131 gere\u011fince d\u00fczenlenecek s\u00f6zle\u015fmelerin \u00f6rnekleri Maliye Bakanl\u0131\u011f\u0131na g\u00f6nderilmeyecektir.<\/p>\n<p style=\"text-align: justify;\">2- 5393 say\u0131l\u0131 Belediye Kanununun 49 uncu maddesi \u00e7er\u00e7evesinde \u00e7al\u0131\u015ft\u0131r\u0131lacak s\u00f6zle\u015fmeli personel i\u00e7in 1\/1\/2013 tarihinden itibaren ge\u00e7erli olan ayl\u0131k net \u00fccret tavanlar\u0131,asgari ge\u00e7im indirimi tutar\u0131 uygulanmaks\u0131z\u0131n ve yukar\u0131da belirtilen katsay\u0131 rakamlar\u0131 dikkate al\u0131nmak suretiyle unvanlar itibar\u0131yla hesaplanm\u0131\u015f ve ekli (1) Say\u0131l\u0131 S\u00f6zle\u015fme \u00dccreti Cetveli\u2019nde g\u00f6sterilmi\u015ftir.<\/p>\n<p style=\"text-align: justify;\">Buna g\u00f6re;<\/p>\n<p style=\"text-align: justify;\">a) Belediyeler ve il \u00f6zel idareleri ile mahalli idare birliklerinin meclisleri veya b\u00fcy\u00fck\u015fehir belediyeleri ba\u011fl\u0131 kurulu\u015flar\u0131n\u0131n y\u00f6netim kurullar\u0131, 5393 say\u0131l\u0131 Kanunun 49 uncu maddesi \u00e7er\u00e7evesinde 1\/1\/2013 tarihinden sonra da \u00e7al\u0131\u015ft\u0131r\u0131lmaya devam olunacak veya 2013 y\u0131l\u0131 ilk alt\u0131 ayl\u0131k d\u00f6neminde ilk defa istihdam edilmeye ba\u015flanacak s\u00f6zle\u015fmeli personel i\u00e7in ekli (1) Say\u0131l\u0131 S\u00f6zle\u015fme \u00dccreti Cetveli\u2019nde g\u00f6sterilen \u00fccret tavanlar\u0131n\u0131 a\u015fmamak kayd\u0131yla net \u00fccret tespitine yetkilidir.<\/p>\n<p style=\"text-align: justify;\">b) 5393 say\u0131l\u0131 Kanunun 49 uncu maddesi \u00e7er\u00e7evesinde 2012 y\u0131l\u0131nda \u00e7al\u0131\u015ft\u0131r\u0131lan s\u00f6zle\u015fmeli personelden 2013 y\u0131l\u0131nda da g\u00f6revlerine devam etmeleri uygun g\u00f6r\u00fclenlerin net \u00fccretlerinin tespitine ili\u015fkin yetkili meclis veya y\u00f6netim kurulu karar\u0131 Ocak\/2013 ay\u0131 i\u00e7erisinde al\u0131nacak ve ilgililerle 1\/1\/2013 tarihinden itibaren ge\u00e7erli olacak \u015fekilde yap\u0131lacak s\u00f6zle\u015fmelerin yenileme i\u015flemleri de yine Ocak\/2013 ay\u0131 i\u00e7erisinde tamamlanacakt\u0131r.<\/p>\n<p style=\"text-align: justify;\">Yenilenen bu s\u00f6zle\u015fme \u00f6rnekleri ile birlikte s\u00f6zle\u015fmenin imzaland\u0131\u011f\u0131 tarihteki memur kadrolar\u0131n\u0131n kadro unvan ve dereceleri itibar\u0131yla dolu-bo\u015f durumlar\u0131n\u0131 g\u00f6steren cetvellerin, s\u00f6zle\u015fmeli personele \u00f6denecek net \u00fccretin tespitine ili\u015fkin meclis karar\u0131n\u0131n ve s\u00f6zle\u015fmeli personel olarak \u00e7al\u0131\u015ft\u0131r\u0131lacaklar\u0131n \u00f6\u011frenim durumlar\u0131n\u0131 g\u00f6sterir belgenin bir \u00f6rne\u011fi de en ge\u00e7 1\/2\/2013 tarihine kadar \u0130\u00e7i\u015fleri Bakanl\u0131\u011f\u0131na g\u00f6nderilecektir.<\/p>\n<p style=\"text-align: justify;\">Ayr\u0131ca, 5393 say\u0131l\u0131 Kanunun 49 uncu maddesi \u00e7er\u00e7evesinde tam zamanl\u0131 s\u00f6zle\u015fmeli personel istihdam\u0131na ili\u015fkin uygulamalar\u0131n ilgili meclis veya y\u00f6netim kurulu karar\u0131 ile verilen iznin amac\u0131na uygun olarak y\u00fcr\u00fct\u00fcl\u00fcp y\u00fcr\u00fct\u00fclmedi\u011finin tespiti i\u00e7in, tam zamanl\u0131 s\u00f6zle\u015fmeli personel istihdam\u0131na y\u00f6nelik olarak al\u0131nacak meclis veya y\u00f6netim kurulu kararlar\u0131nda her bir kadro unvan\u0131 i\u00e7in ka\u00e7 adet tam zamanl\u0131 s\u00f6zle\u015fmeli personel istihdam\u0131na izin verildi\u011fi de a\u00e7\u0131k\u00e7a karara ba\u011flanacakt\u0131r.<\/p>\n<p style=\"text-align: justify;\">c) 193 say\u0131l\u0131 Gelir Vergisi Kanununun 32 nci maddesi uyar\u0131nca hesaplanmas\u0131 gereken asgari ge\u00e7im indirimi tutar\u0131, ayl\u0131k net s\u00f6zle\u015fme \u00fccretinin belirlenmesi a\u015famas\u0131nda dikkate al\u0131nmayacak ve bu nedenle ayl\u0131k net s\u00f6zle\u015fme \u00fccretlerinin tespitinde ekli (1) Say\u0131l\u0131 S\u00f6zle\u015fme \u00dccreti Cetveli\u2019nde g\u00f6sterilen tutarlar a\u015f\u0131lmayacakt\u0131r. S\u00f6zle\u015fmeli personel olarak istihdam edilenlerin asgari ge\u00e7im indirimi uygulamas\u0131ndan yararland\u0131r\u0131lmas\u0131nda genel h\u00fck\u00fcmlere uygun olarak i\u015flem tesis edilecektir.<\/p>\n<p style=\"text-align: justify;\">3- 5393 say\u0131l\u0131 Kanunun 49 uncu maddesinin \u00fc\u00e7\u00fcnc\u00fc f\u0131kras\u0131 \u00e7er\u00e7evesinde tam zamanl\u0131 s\u00f6zle\u015fmeli personel olarak istihdam edilenlere 375 say\u0131l\u0131 Kanun H\u00fckm\u00fcnde Kararnamenin ek 9 uncu maddesinin dokuzuncu f\u0131kras\u0131na g\u00f6re ek \u00f6deme verilmesine ili\u015fkin uygulama, 01\/06\/2012 tarihli ve 28310 say\u0131l\u0131 Resmi Gazetede yay\u0131mlanan \u201cYerel Y\u00f6netim Hizmet Koluna \u0130li\u015fkin Mali ve Sosyal Haklara Dair Toplu S\u00f6zle\u015fme\u201dnin 6 nc\u0131 maddesinde farkl\u0131 bir d\u00fczenlemeye tabi tutulmu\u015ftur. Bu \u00e7er\u00e7evede, ilgili personel hakk\u0131nda uygulanmas\u0131 gereken ek \u00f6deme oranlar\u0131 ile bu oranlar\u0131n kar\u015f\u0131l\u0131\u011f\u0131 olan ek \u00f6deme tutar\u0131 tavanlar\u0131 ekli (2) Say\u0131l\u0131 Ek \u00d6deme Oranlar\u0131 Cetveli\u2019nde g\u00f6sterilmi\u015ftir. \u00d6te yandan, s\u00f6z konusu s\u00f6zle\u015fmeli personelin ek \u00f6deme uygulamas\u0131ndan yararland\u0131r\u0131lmas\u0131nda, 3\/1\/2012 tarihli ve 2012\/2665 say\u0131l\u0131 Bakanlar Kurulu Karar\u0131 ile y\u00fcr\u00fcrl\u00fc\u011fe konulan \u201cS\u00f6zle\u015fmeli Personele Ek \u00d6deme Yap\u0131lmas\u0131na Dair Karar\u201dda belirtilen usul ve esaslar ile birlikte a\u015fa\u011f\u0131daki hususlara uyulacakt\u0131r.<\/p>\n<p style=\"text-align: justify;\">a) \u0130lgili personel i\u00e7in, ayr\u0131ca bir meclis karar\u0131 veya y\u00f6netim kurulu karar\u0131 al\u0131nmaks\u0131z\u0131n ve 1\/1\/2013 tarihinden ge\u00e7erli olmak \u00fczere; 2013 y\u0131l\u0131na ili\u015fkin s\u00f6zle\u015fmesinde belirtilen kadro unvan\u0131 ile s\u0131n\u0131rl\u0131 olmak kayd\u0131yla s\u00f6zle\u015fmeli personelin ayn\u0131 mahalli idarede ge\u00e7en hizmets\u00fcresi hesaplanmak suretiyle ve hesaplanan hizmet s\u00fcrelerine kar\u015f\u0131l\u0131k olarak bu Genelge\u2019ye ekli (2) Say\u0131l\u0131 Ek \u00d6deme Oranlar\u0131 Cetveli\u2019nde denk gelen ek \u00f6deme oran\u0131 \u00fczerinden ek \u00f6deme hesab\u0131 yap\u0131lacakt\u0131r.<\/p>\n<p style=\"text-align: justify;\">b) 5393 say\u0131l\u0131 Kanunun 49 uncu maddesinin d\u00f6rd\u00fcnc\u00fc f\u0131kras\u0131 \u00e7er\u00e7evesinde k\u0131smi zamanl\u0131 olarak \u00e7al\u0131\u015ft\u0131r\u0131lan s\u00f6zle\u015fmeli personel ek \u00f6deme uygulamas\u0131ndan yararland\u0131r\u0131lmayacakt\u0131r.<\/p>\n<p style=\"text-align: justify;\">c) Ek \u00f6demeler, sigorta primine esas kazanca dahil edilmeyecek ve bu \u00f6demelerden sigorta primi kesilmeyecek olup, bu ek \u00f6demeden sadece damga vergisi kesilecektir.<\/p>\n<p style=\"text-align: justify;\">\u00e7) Ek \u00f6deme tutar\u0131, mevcut s\u00f6zle\u015fme \u00f6rne\u011finin \u00fccret maddesinden sonra gelmek \u00fczere yeni bir madde olarak s\u00f6zle\u015fmede g\u00f6sterilecektir.<\/p>\n<p style=\"text-align: justify;\">d) Ek \u00f6deme tutar\u0131, maa\u015f bordrosunda s\u00f6zle\u015fme \u00fccreti ile birle\u015ftirilmeksizin ayr\u0131 bir s\u00fctun halinde ayr\u0131ca g\u00f6sterilecektir.<\/p>\n<p style=\"text-align: justify;\">4- Kamu G\u00f6revlileri Hakem Kurulu Karar\u0131n\u0131n 8 inci maddesinde, s\u00f6zle\u015fmeli personel pozisyonlar\u0131nda \u00e7al\u0131\u015fanlar\u0131n 1\/7\/2012 tarihinden ge\u00e7erli olmak \u00fczere, 19\/11\/1986 tarihli ve 86\/11220 say\u0131l\u0131 Bakanlar Kurulu Karar\u0131yla y\u00fcr\u00fcrl\u00fc\u011fe konulan Devlet Memurlar\u0131 Yiyecek Yard\u0131m\u0131 Y\u00f6netmeli\u011fi h\u00fck\u00fcmlerinden ayn\u0131 usul ve esaslar \u00e7er\u00e7evesinde yararlanaca\u011f\u0131 h\u00fckme ba\u011flanm\u0131\u015ft\u0131r. Buna g\u00f6re, 5393 say\u0131l\u0131 Kanunun 49 uncu maddesi \u00e7er\u00e7evesinde mahalli idarelerde s\u00f6zle\u015fmeli personel olarak istihdam edilenler, s\u00f6zle\u015fmelerinde belirtilen unvanda Devlet memuru olarak \u00e7al\u0131\u015fmakta olanlar\u0131n \u00f6demekte olduklar\u0131 yemek bedeli kendilerinden tahsil edilmek suretiyle ve an\u0131lan Y\u00f6netmelik\u2019te belirtilen usul ve esaslar dikkate al\u0131narak 31\/12\/2013 tarihine kadar yiyecek yard\u0131m\u0131ndan yararland\u0131r\u0131lmaya devam olunacakt\u0131r.<\/p>\n<p style=\"text-align: justify;\">Bilgilerini ve gere\u011fini rica ederim.<\/p>\n<p style=\"text-align: justify;\">Kaynak: <a href=\"http:\/\/www.bumko.gov.tr\/TR,1038\/mali-ve-sosyal-haklarda-yapilan-artislar-ile-ayliklarin-.html\" target=\"_blank\">BUMKO<\/a><\/p>\n<p style=\"text-align: justify;\">Haberi \u0130leten: \u0130.Karaca<\/p>\n","protected":false},"excerpt":{"rendered":"<p>Mahalli \u0130dare S\u00f6zle\u015fmeli Personeli \u00dccret Tavanlar\u0131na g\u00f6re kamuda g\u00f6rev yapan k\u00fct\u00fcphanecilerilerin net \u00fccret tavanlar\u0131 a\u015fa\u011f\u0131daki tabloda verilmi\u015ftir.<\/p>\n","protected":false},"author":1,"featured_media":0,"comment_status":"open","ping_status":"open","sticky":false,"template":"","format":"standard","meta":{"footnotes":""},"categories":[1604],"tags":[1398],"class_list":["post-8680","post","type-post","status-publish","format-standard","hentry","category-sozlesmeli-kutuphaneci","tag-bby-ozluk-haklari"],"_links":{"self":[{"href":"https:\/\/www.bbyhaber.com\/bby\/wp-json\/wp\/v2\/posts\/8680"}],"collection":[{"href":"https:\/\/www.bbyhaber.com\/bby\/wp-json\/wp\/v2\/posts"}],"about":[{"href":"https:\/\/www.bbyhaber.com\/bby\/wp-json\/wp\/v2\/types\/post"}],"author":[{"embeddable":true,"href":"https:\/\/www.bbyhaber.com\/bby\/wp-json\/wp\/v2\/users\/1"}],"replies":[{"embeddable":true,"href":"https:\/\/www.bbyhaber.com\/bby\/wp-json\/wp\/v2\/comments?post=8680"}],"version-history":[{"count":0,"href":"https:\/\/www.bbyhaber.com\/bby\/wp-json\/wp\/v2\/posts\/8680\/revisions"}],"wp:attachment":[{"href":"https:\/\/www.bbyhaber.com\/bby\/wp-json\/wp\/v2\/media?parent=8680"}],"wp:term":[{"taxonomy":"category","embeddable":true,"href":"https:\/\/www.bbyhaber.com\/bby\/wp-json\/wp\/v2\/categories?post=8680"},{"taxonomy":"post_tag","embeddable":true,"href":"https:\/\/www.bbyhaber.com\/bby\/wp-json\/wp\/v2\/tags?post=8680"}],"curies":[{"name":"wp","href":"https:\/\/api.w.org\/{rel}","templated":true}]}}