{"id":8676,"date":"2013-01-05T12:08:35","date_gmt":"2013-01-05T09:08:35","guid":{"rendered":"http:\/\/www.bbyhaber.com\/bby\/?p=8676"},"modified":"2017-01-11T15:01:47","modified_gmt":"2017-01-11T12:01:47","slug":"8-sehit-anisina-8-kutuphane-polis-abi-kutuphanesi-projesi","status":"publish","type":"post","link":"https:\/\/www.bbyhaber.com\/bby\/2013\/01\/05\/8-sehit-anisina-8-kutuphane-polis-abi-kutuphanesi-projesi","title":{"rendered":"8 \u015eehit An\u0131s\u0131na 8 K\u00fct\u00fcphane-Polis Abi K\u00fct\u00fcphanesi Projesi"},"content":{"rendered":"<p style=\"text-align: justify;\">Bing\u00f6l Emniyet M\u00fcd\u00fcrl\u00fc\u011f\u00fc, ge\u00e7en y\u0131l Karl\u0131ova il\u00e7esinden g\u00f6revden d\u00f6nerken Hac\u0131lar mevkiinde menfeze yerle\u015ftirilen bomban\u0131n infilak etmesi sonucu \u015fehit d\u00fc\u015fen polis memurlar\u0131 an\u0131s\u0131na 8 okulda k\u00fct\u00fcphane a\u00e7t\u0131. \u0130l Emniyet M\u00fcd\u00fcrl\u00fc\u011f\u00fc&#8217;nce haz\u0131rlanan, &#8220;Polis Abi K\u00fct\u00fcphanesi&#8221; projesi kapsam\u0131nda kurulan k\u00fct\u00fcphanelerin hizmete a\u00e7\u0131lmas\u0131 i\u00e7in d\u00fcn Murat ve Yavuz Selim ilk\u00f6\u011fretim okullar\u0131nda t\u00f6ren d\u00fczenlendi. <!--more-->D\u00fczenlenen t\u00f6rene Bing\u00f6l Valisi Mustafa Hakan G\u00fcven\u00e7er, \u0130l Emniyet M\u00fcd\u00fcr\u00fc Ercan Ta\u015ftekin, Bing\u00f6l Milli E\u011fitim M\u00fcd\u00fcr\u00fc Yakup Sar\u0131, \u0130l Emniyet M\u00fcd\u00fcr Yard\u0131mc\u0131lar\u0131 ve polis memurlar\u0131 kat\u0131ld\u0131.<\/p>\n<p style=\"text-align: justify;\"><a href=\"http:\/\/www.bingol.gov.tr\/ortak_icerik\/bingol\/galeri\/\/299\/IMG_0045.JPG\"><img loading=\"lazy\" decoding=\"async\" class=\"alignleft\" src=\"http:\/\/www.bingol.gov.tr\/ortak_icerik\/bingol\/galeri\/\/299\/IMG_0045.JPG\" alt=\"\" width=\"222\" height=\"112\" \/><\/a>T\u00f6rende bir konu\u015fma yapan Bing\u00f6l Valisi Mustafa Hakan G\u00fcven\u00e7er, Emniyet M\u00fcd\u00fcrl\u00fc\u011f\u00fc taraf\u0131ndan haz\u0131rlanan &#8220;Polis Abi K\u00fct\u00fcphanesi&#8221; projesi kapsam\u0131nda a\u00e7\u0131lan k\u00fct\u00fcphaneler ile \u00e7ocuklar\u0131n e\u011fitimine verilecek katk\u0131n\u0131n son derece \u00f6nemli oldu\u011funu s\u00f6yledi. Projeden \u00f6t\u00fcr\u00fc Emniyet yetkililerine te\u015fekk\u00fcr eden Vali G\u00fcven\u00e7er, &#8221; 2012&#8217;de \u00f6mr\u00fcm\u00fcz boyunca unutmayaca\u011f\u0131m\u0131z \u015fehitlerimiz oldu. Emniyet te\u015fkilat\u0131m\u0131z 2012 y\u0131l\u0131nda verdi\u011fi \u015fehitlerin hat\u0131rlar\u0131n\u0131 ya\u015fatmak \u00fczere onlar ad\u0131na okullarda k\u00fct\u00fcphane a\u00e7\u0131yor. A\u00e7\u0131lacak 8 k\u00fct\u00fcphaneden 2&#8217;si merkeze ba\u011fl\u0131 okullarda, 6&#8217;s\u0131 da il\u00e7elerimizdeki okullarda. Bu vesile ile k\u00fct\u00fcphanelerin hay\u0131rl\u0131 olmas\u0131n\u0131 diliyor, \u015fehitlerimizi rahmetle yad ediyorum&#8221; dedi.<\/p>\n<p style=\"text-align: justify;\">Vali G\u00fcven\u00e7er\u2019in konu\u015fmas\u0131n\u0131n ard\u0131ndan k\u00fct\u00fcphane a\u00e7\u0131l\u0131\u015flar\u0131 yap\u0131ld\u0131. A\u00e7\u0131l\u0131\u015f yap\u0131ld\u0131ktan sonra okullar taraf\u0131ndan d\u00fczenlenen kitap okuma yar\u0131\u015fmalar\u0131nda derece yapanlara \u00e7e\u015fitli \u00f6d\u00fcller verildi. Yavuz Selim \u0130lk \u00d6\u011fretim Okulunda derece yapan \u00f6\u011frencilerden\u00a0 birinci olan Song\u00fcl \u00c7akman, diz\u00fcst\u00fc bilgisayar, ikinci olan R\u00fcmeysa Kolak\u2019a bisiklet, \u00fc\u00e7\u00fcnc\u00fc olan Abdulmutalip Sad\u0131k\u2019a, ise kol saati polis memurlar\u0131 taraf\u0131ndan hediye edildi. \u00d6\u011frenciler ile yak\u0131ndan ilgilenen Vali G\u00fcven\u00e7er, \u00f6\u011frenci velileriyle hat\u0131ra foto\u011fraf\u0131 \u00e7ektirdi.<\/p>\n<p style=\"text-align: justify;\">8 \u015fehidin an\u0131s\u0131na a\u00e7\u0131lan k\u00fct\u00fcphaneler \u015f\u00f6yle:<\/p>\n<p style=\"text-align: justify;\">Karl\u0131ova il\u00e7esindeki bir g\u00f6revden d\u00f6nerken 16 Eyl\u00fcl 2012&#8217;de Hac\u0131lar k\u00f6y\u00fc mevkisinde menfeze yerle\u015ftirilen bomban\u0131n infilak etmesi sonucu \u015fehit olan polis memuru \u015eeyhmuz Karakut&#8217;un ad\u0131 Gen\u00e7 Lisesi&#8217;nde, \u015eehit Samet K\u0131rcal\u0131&#8217;n\u0131n ad\u0131 Karl\u0131ova il\u00e7esi Kantarkaya \u0130lk\u00f6\u011fretim Okulu&#8217;nda, \u015eehit Cuma Mercimek&#8217;in ad\u0131 Solhan Yat\u0131l\u0131 \u0130lk\u00f6\u011fretim B\u00f6lge Okulu&#8217;nda, \u015eehit Murat Toprak&#8217;\u0131n ad\u0131 Adakl\u0131 Yat\u0131l\u0131 \u0130lk\u00f6\u011fretim B\u00f6lge Okulu&#8217;nda, \u015eehit Fatih Celay\u0131r&#8217;\u0131n ad\u0131 Yayladere \u0130lk\u00f6\u011fretim Okulu&#8217;nda, \u015eehit G\u00f6khan Kuzu&#8217;nun ad\u0131n Ki\u011fi il\u00e7esindeki Yusuf Ziya De\u011fnek\u00e7i \u0130lk\u00f6\u011fretim Okulu&#8217;nda, \u015eehit Osman K\u00fc\u00e7\u00fckdilan&#8217;n\u0131n ad\u0131 Murat \u0130lk\u00f6\u011fretim Okulu&#8217;nda, \u015eehit \u00dcmit Y\u0131ld\u0131r\u0131m&#8217;\u0131n ad\u0131 Murat \u0130lk\u00f6\u011fretim Okulu&#8217;nda a\u00e7\u0131lan k\u00fct\u00fcphaneye verildi.<\/p>\n<p style=\"text-align: justify;\">Kaynak: http:\/\/www.bingol.gov.tr<\/p>\n","protected":false},"excerpt":{"rendered":"<p>Bing\u00f6l Emniyet M\u00fcd\u00fcrl\u00fc\u011f\u00fc, ge\u00e7en y\u0131l Karl\u0131ova il\u00e7esinden g\u00f6revden d\u00f6nerken Hac\u0131lar mevkiinde menfeze yerle\u015ftirilen bomban\u0131n infilak etmesi sonucu \u015fehit d\u00fc\u015fen polis memurlar\u0131 an\u0131s\u0131na 8 okulda k\u00fct\u00fcphane a\u00e7t\u0131. \u0130l Emniyet M\u00fcd\u00fcrl\u00fc\u011f\u00fc&#8217;nce haz\u0131rlanan, &#8220;Polis Abi K\u00fct\u00fcphanesi&#8221; projesi kapsam\u0131nda kurulan k\u00fct\u00fcphanelerin hizmete a\u00e7\u0131lmas\u0131 i\u00e7in d\u00fcn Murat ve Yavuz Selim ilk\u00f6\u011fretim okullar\u0131nda t\u00f6ren d\u00fczenlendi.<\/p>\n","protected":false},"author":1,"featured_media":0,"comment_status":"open","ping_status":"open","sticky":false,"template":"","format":"standard","meta":{"footnotes":""},"categories":[1,1603],"tags":[],"class_list":["post-8676","post","type-post","status-publish","format-standard","hentry","category-genel","category-sehit-kutuphaneleri"],"_links":{"self":[{"href":"https:\/\/www.bbyhaber.com\/bby\/wp-json\/wp\/v2\/posts\/8676"}],"collection":[{"href":"https:\/\/www.bbyhaber.com\/bby\/wp-json\/wp\/v2\/posts"}],"about":[{"href":"https:\/\/www.bbyhaber.com\/bby\/wp-json\/wp\/v2\/types\/post"}],"author":[{"embeddable":true,"href":"https:\/\/www.bbyhaber.com\/bby\/wp-json\/wp\/v2\/users\/1"}],"replies":[{"embeddable":true,"href":"https:\/\/www.bbyhaber.com\/bby\/wp-json\/wp\/v2\/comments?post=8676"}],"version-history":[{"count":1,"href":"https:\/\/www.bbyhaber.com\/bby\/wp-json\/wp\/v2\/posts\/8676\/revisions"}],"predecessor-version":[{"id":20835,"href":"https:\/\/www.bbyhaber.com\/bby\/wp-json\/wp\/v2\/posts\/8676\/revisions\/20835"}],"wp:attachment":[{"href":"https:\/\/www.bbyhaber.com\/bby\/wp-json\/wp\/v2\/media?parent=8676"}],"wp:term":[{"taxonomy":"category","embeddable":true,"href":"https:\/\/www.bbyhaber.com\/bby\/wp-json\/wp\/v2\/categories?post=8676"},{"taxonomy":"post_tag","embeddable":true,"href":"https:\/\/www.bbyhaber.com\/bby\/wp-json\/wp\/v2\/tags?post=8676"}],"curies":[{"name":"wp","href":"https:\/\/api.w.org\/{rel}","templated":true}]}}