{"id":8665,"date":"2013-01-04T19:47:25","date_gmt":"2013-01-04T17:47:25","guid":{"rendered":"http:\/\/www.bbyhaber.com\/bby\/?p=8665"},"modified":"2013-01-04T19:47:25","modified_gmt":"2013-01-04T17:47:26","slug":"pala-hasan-bir-yilda-55-kitap-okudu-antalya","status":"publish","type":"post","link":"https:\/\/www.bbyhaber.com\/bby\/2013\/01\/04\/pala-hasan-bir-yilda-55-kitap-okudu-antalya","title":{"rendered":"Pala Hasan, Bir Y\u0131lda 55 Kitap Okudu-Antalya"},"content":{"rendered":"<p style=\"text-align: justify;\"><a href=\"http:\/\/img6.mynet.com\/yurthaber2\/2013\/01\/antalya\/pala-hasan-bir-yilda-55-kitap-okudu-ornek-kly.jpg\"><img loading=\"lazy\" decoding=\"async\" class=\"alignleft\" src=\"http:\/\/img6.mynet.com\/yurthaber2\/2013\/01\/antalya\/pala-hasan-bir-yilda-55-kitap-okudu-ornek-kly.jpg\" alt=\"\" width=\"300\" height=\"200\" \/><\/a>Antalya&#8217;n\u0131n\u00a0Manavgat\u00a0il\u00e7esine Pala lakapl\u0131 Hasan Kaymak (57),\u00a0hem\u00a086 santimlik b\u0131y\u0131klar\u0131na bakmaya hem de g\u00fcnl\u00fck en az 3 saat kitap okumaya\u00a0vakit ay\u0131r\u0131yor.\u00a0Manavgat Belediyesi Park\u00a0ve\u00a0Bah\u00e7eler M\u00fcd\u00fcrl\u00fc\u011f\u00fc&#8217;nde \u00e7al\u0131\u015fan Hasan Kaymak, 2012 y\u0131l\u0131nda 55 kitap okuyarak, \u0130l\u00e7e Halk K\u00fct\u00fcphanesi M\u00fcd\u00fcrl\u00fc\u011f\u00fc taraf\u0131ndan \u00f6rnek okuyucu g\u00f6sterildi.<!--more--><\/p>\n<p style=\"text-align: justify;\">\u0130l\u00e7ede\u00a0herkesin\u00a0b\u0131y\u0131klar\u0131n\u0131n uzunlu\u011fundan Pala Hasan ismiyle bildi\u011fini belirten Kaymak, b\u0131y\u0131klar\u0131n\u0131n bak\u0131m\u0131n\u0131 da\u00a0g\u00fcnl\u00fck\u00a010 dakika\u00a0vakit ay\u0131rd\u0131\u011f\u0131n\u0131 s\u00f6yledi. 40 y\u0131ld\u0131r g\u00fcnl\u00fck en az 3 saat kitap okumadan yata\u011fa girmedi\u011fini belirten Kaymak, 3 y\u0131l \u00f6nce kalp ameliyat\u0131 ge\u00e7irdikten sonra sese kar\u015f\u0131 duyarl\u0131l\u0131\u011f\u0131ndan \u00f6t\u00fcr\u00fc okumay\u0131 a\u00e7\u0131k alanlarda yapt\u0131\u011f\u0131n\u0131 kaydetti. Kaymak, &#8220;Hem i\u015fimi yap\u0131yorum\u00a0hem\u00a0de d\u00fczenli kitap okuyorum. Benim\u00a0i\u00e7in\u00a0kitap okuma 40 y\u0131ld\u0131r tutku. Ge\u00e7en y\u0131l 55 kitap okudum. K\u00fct\u00fcphaneye her g\u00fcn u\u011frar\u00a0ve\u00a0raflara dizimini yapar\u0131m. Kitap okumadan yata\u011fa girmem.&#8221; diye konu\u015ftu.<\/p>\n<p style=\"text-align: justify;\">Manavgat Halk K\u00fct\u00fcphanesi M\u00fcd\u00fcr\u00fc Hidayet Oktay, Hasan Kaymak&#8217;\u0131n kitap okumada k\u00fct\u00fcphanelerinin m\u00fcdavimlerinden oldu\u011funu s\u00f6yledi. Kaymak&#8217;\u0131n y\u0131ll\u0131k 55 kitap okuyarak &#8216;kitap okumada&#8217; Manavgat&#8217;ta gen\u00e7lere \u00f6rnek oldu\u011funu belirten Oktay, insanlar\u0131n en iyi dostunun kitaplar oldu\u011funu kaydetti. B\u00f6lgeye gelen turistlerinde istedikleri yerde kitap okumas\u0131n\u0131n gen\u00e7lere rol\u00a0model\u00a0oldu\u011funu belirten Oktay, Avrupa Birli\u011fi \u00fclkelerinde ortalama bir ki\u015fiye 7 kitap, \u00fclkede ise 7 ki\u015fiye bir kitab\u0131n d\u00fc\u015ft\u00fc\u011f\u00fcn\u00fc ifade etti.<\/p>\n<p style=\"text-align: justify;\">Kaynak:\u00a0http:\/\/yurthaber.mynet.com<\/p>\n","protected":false},"excerpt":{"rendered":"<p>Antalya&#8217;n\u0131n\u00a0Manavgat\u00a0il\u00e7esine Pala lakapl\u0131 Hasan Kaymak (57),\u00a0hem\u00a086 santimlik b\u0131y\u0131klar\u0131na bakmaya hem de g\u00fcnl\u00fck en az 3 saat kitap okumaya\u00a0vakit ay\u0131r\u0131yor.\u00a0Manavgat Belediyesi Park\u00a0ve\u00a0Bah\u00e7eler M\u00fcd\u00fcrl\u00fc\u011f\u00fc&#8217;nde \u00e7al\u0131\u015fan Hasan Kaymak, 2012 y\u0131l\u0131nda 55 kitap okuyarak, \u0130l\u00e7e Halk K\u00fct\u00fcphanesi M\u00fcd\u00fcrl\u00fc\u011f\u00fc taraf\u0131ndan \u00f6rnek okuyucu g\u00f6sterildi.<\/p>\n","protected":false},"author":1,"featured_media":0,"comment_status":"open","ping_status":"open","sticky":false,"template":"","format":"standard","meta":{"footnotes":""},"categories":[1],"tags":[848],"class_list":["post-8665","post","type-post","status-publish","format-standard","hentry","category-genel","tag-halk-kutuphaneleri"],"_links":{"self":[{"href":"https:\/\/www.bbyhaber.com\/bby\/wp-json\/wp\/v2\/posts\/8665"}],"collection":[{"href":"https:\/\/www.bbyhaber.com\/bby\/wp-json\/wp\/v2\/posts"}],"about":[{"href":"https:\/\/www.bbyhaber.com\/bby\/wp-json\/wp\/v2\/types\/post"}],"author":[{"embeddable":true,"href":"https:\/\/www.bbyhaber.com\/bby\/wp-json\/wp\/v2\/users\/1"}],"replies":[{"embeddable":true,"href":"https:\/\/www.bbyhaber.com\/bby\/wp-json\/wp\/v2\/comments?post=8665"}],"version-history":[{"count":0,"href":"https:\/\/www.bbyhaber.com\/bby\/wp-json\/wp\/v2\/posts\/8665\/revisions"}],"wp:attachment":[{"href":"https:\/\/www.bbyhaber.com\/bby\/wp-json\/wp\/v2\/media?parent=8665"}],"wp:term":[{"taxonomy":"category","embeddable":true,"href":"https:\/\/www.bbyhaber.com\/bby\/wp-json\/wp\/v2\/categories?post=8665"},{"taxonomy":"post_tag","embeddable":true,"href":"https:\/\/www.bbyhaber.com\/bby\/wp-json\/wp\/v2\/tags?post=8665"}],"curies":[{"name":"wp","href":"https:\/\/api.w.org\/{rel}","templated":true}]}}