{"id":8660,"date":"2013-01-04T13:44:20","date_gmt":"2013-01-04T11:44:20","guid":{"rendered":"http:\/\/www.bbyhaber.com\/bby\/?p=8660"},"modified":"2013-01-04T13:52:13","modified_gmt":"2013-01-04T11:52:13","slug":"dersimiz-kitap-sevgisi-yasar-universitesi","status":"publish","type":"post","link":"https:\/\/www.bbyhaber.com\/bby\/2013\/01\/04\/dersimiz-kitap-sevgisi-yasar-universitesi","title":{"rendered":"Dersimiz \u2018kitap sevgisi\u2019-Ya\u015far \u00dcniversitesi"},"content":{"rendered":"<p style=\"text-align: justify;\"><img loading=\"lazy\" decoding=\"async\" class=\"alignleft\" src=\"http:\/\/haber.yasar.edu.tr\/wp-content\/uploads\/2013\/01\/kitap-300x205.jpg\" alt=\"\" width=\"242\" height=\"152\" \/>Ya\u015far \u00dcniversitesi (Y\u00dc) \u00f6\u011frencileri ger\u00e7ekle\u015ftirdikleri sosyal sorumluluk projeleriyle ilk ve orta\u00f6\u011fretim \u00f6\u011frencilerinin e\u011fitimlerine katk\u0131 sa\u011fl\u0131yor. K\u00fc\u00e7\u00fck \u00f6\u011frenciler, \u2018Kitap Okuma Saati\u2019 etkinlikleri ile \u00fcniversiteli a\u011fabey ve ablalar\u0131ndan kitap okuma al\u0131\u015fkanl\u0131\u011f\u0131 kazan\u0131yorlar.\u00a0<!--more--><\/p>\n<p style=\"text-align: justify;\">Bir ayda 60 kitap okudular<\/p>\n<p style=\"text-align: justify;\">\u0130zmir\u2019in e\u011fitim ya\u015fam\u0131na art\u0131 de\u011fer katmak ve kaynak sa\u011flamak amac\u0131yla Ya\u015far \u00dcniversitesi \u00f6\u011frencilerine y\u00f6nelik olarak 5 y\u0131l \u00f6nce ba\u015flat\u0131lan \u2018Sosyal Sorumluluk Projeleri\u2019 aral\u0131ks\u0131z devam ediyor. Son olarak Y\u00dc Meslek Y\u00fcksekokulu Halkla \u0130li\u015fkiler ve Tan\u0131t\u0131m Program\u0131 birinci s\u0131n\u0131f \u00f6\u011frencisi Nilay G\u00fcven taraf\u0131ndan ger\u00e7ekle\u015ftirilen proje kapsam\u0131nda Narl\u0131dere O\u011fuzhan \u0130lk\u00f6\u011fretim Okulu\u2019ndan 15 d\u00f6rd\u00fcnc\u00fc s\u0131n\u0131f \u00f6\u011frencisi 60\u2019tan fazla kitap okuyarak \u00e7ocuk edebiyat\u0131n\u0131n \u00f6nde gelen eserleri ile tan\u0131\u015ft\u0131.<\/p>\n<p style=\"text-align: justify;\"><img loading=\"lazy\" decoding=\"async\" class=\"alignnone\" src=\"http:\/\/haber.yasar.edu.tr\/wp-content\/uploads\/2013\/01\/kitap-1-300x196.jpg\" alt=\"\" width=\"300\" height=\"196\" \/><\/p>\n<p style=\"text-align: justify;\">Daha \u00e7ok kitap istiyorlar<\/p>\n<p style=\"text-align: justify;\">\u201cKitap Okuma Saati\u201d etkinli\u011fi kapsam\u0131nda bir ay boyunca d\u00fczenli olarak ilkokul \u00f6\u011frencileriyle bir araya geldi\u011fini belirten Nilay G\u00fcven amac\u0131n\u0131n \u00e7ocuklara kitap sevgisini kazand\u0131rmak oldu\u011funu s\u00f6yledi. Proje sonunda \u00e7ocuklar\u0131n kitap okumaya daha hevesle yakla\u015ft\u0131klar\u0131n\u0131 ifade eden G\u00fcven \u00f6\u011frencilere Sel\u00e7uk Ya\u015far Kamp\u00fcs\u00fc\u2019n\u00fc de gezdirdi.<\/p>\n<p style=\"text-align: justify;\">Projenin amac\u0131na ula\u015ft\u0131\u011f\u0131n\u0131 belirten Narl\u0131dere O\u011fuzhan \u0130lk\u00f6\u011fretim Okulu S\u0131n\u0131f \u00d6\u011fretmeni Havva Acar ve Okul M\u00fcd\u00fcr\u00fc Ramazan \u00c7e\u015fmeli s\u0131n\u0131f ve okul k\u00fct\u00fcphanesine kitap deste\u011fi yap\u0131lmas\u0131n\u0131 istedi.<\/p>\n<p style=\"text-align: justify;\">3 bin projeye imza at\u0131ld\u0131<\/p>\n<p style=\"text-align: justify;\">Ya\u015far \u00dcniversitesi, 5 y\u0131l \u00f6nce ba\u015flatt\u0131\u011f\u0131 Sosyal Sorumluluk Projeleri arac\u0131l\u0131\u011f\u0131yla kentin ilk ve orta \u00f6\u011fretim kurumlar\u0131 yan\u0131nda yerel y\u00f6netim ve sivil toplumu ile i\u015fbirli\u011fi i\u00e7inde bug\u00fcne kadar yakla\u015f\u0131k 3 bin projeye imza att\u0131. Projeler kapsam\u0131nda bir\u00e7ok ilk ve orta \u00f6\u011fretim kurumuna \u00e7ok say\u0131da kitap ve bilgisayar kazand\u0131r\u0131ld\u0131.<\/p>\n<p style=\"text-align: justify;\">Kaynak: http:\/\/haber.yasar.edu.tr<\/p>\n","protected":false},"excerpt":{"rendered":"<p>Ya\u015far \u00dcniversitesi (Y\u00dc) \u00f6\u011frencileri ger\u00e7ekle\u015ftirdikleri sosyal sorumluluk projeleriyle ilk ve orta\u00f6\u011fretim \u00f6\u011frencilerinin e\u011fitimlerine katk\u0131 sa\u011fl\u0131yor. K\u00fc\u00e7\u00fck \u00f6\u011frenciler, \u2018Kitap Okuma Saati\u2019 etkinlikleri ile \u00fcniversiteli a\u011fabey ve ablalar\u0131ndan kitap okuma al\u0131\u015fkanl\u0131\u011f\u0131 kazan\u0131yorlar.\u00a0<\/p>\n","protected":false},"author":1,"featured_media":0,"comment_status":"open","ping_status":"open","sticky":false,"template":"","format":"standard","meta":{"footnotes":""},"categories":[1,1495,1590],"tags":[],"class_list":["post-8660","post","type-post","status-publish","format-standard","hentry","category-genel","category-kitap-okuma-aliskanligi","category-okuma-kulturu"],"_links":{"self":[{"href":"https:\/\/www.bbyhaber.com\/bby\/wp-json\/wp\/v2\/posts\/8660"}],"collection":[{"href":"https:\/\/www.bbyhaber.com\/bby\/wp-json\/wp\/v2\/posts"}],"about":[{"href":"https:\/\/www.bbyhaber.com\/bby\/wp-json\/wp\/v2\/types\/post"}],"author":[{"embeddable":true,"href":"https:\/\/www.bbyhaber.com\/bby\/wp-json\/wp\/v2\/users\/1"}],"replies":[{"embeddable":true,"href":"https:\/\/www.bbyhaber.com\/bby\/wp-json\/wp\/v2\/comments?post=8660"}],"version-history":[{"count":0,"href":"https:\/\/www.bbyhaber.com\/bby\/wp-json\/wp\/v2\/posts\/8660\/revisions"}],"wp:attachment":[{"href":"https:\/\/www.bbyhaber.com\/bby\/wp-json\/wp\/v2\/media?parent=8660"}],"wp:term":[{"taxonomy":"category","embeddable":true,"href":"https:\/\/www.bbyhaber.com\/bby\/wp-json\/wp\/v2\/categories?post=8660"},{"taxonomy":"post_tag","embeddable":true,"href":"https:\/\/www.bbyhaber.com\/bby\/wp-json\/wp\/v2\/tags?post=8660"}],"curies":[{"name":"wp","href":"https:\/\/api.w.org\/{rel}","templated":true}]}}