{"id":8642,"date":"2013-01-03T11:30:50","date_gmt":"2013-01-03T09:30:50","guid":{"rendered":"http:\/\/www.bbyhaber.com\/bby\/?p=8642"},"modified":"2014-02-19T13:33:41","modified_gmt":"2014-02-19T11:33:41","slug":"john-steinbeckin-fareler-ve-insanlar-kitabina-da-sansur","status":"publish","type":"post","link":"https:\/\/www.bbyhaber.com\/bby\/2013\/01\/03\/john-steinbeckin-fareler-ve-insanlar-kitabina-da-sansur","title":{"rendered":"John Steinbeck&#8217;in Fareler ve \u0130nsanlar Kitab\u0131na da SANS\u00dcR"},"content":{"rendered":"<p style=\"text-align: justify;\"><img loading=\"lazy\" decoding=\"async\" class=\"alignleft\" src=\"http:\/\/i.radikal.com.tr\/480x325\/2013\/01\/02\/fft64_mf1270135.Jpeg\" alt=\"\" width=\"211\" height=\"142\" \/>\u0130zmir \u0130l Milli E\u011fitim M\u00fcd\u00fcrl\u00fc\u011f\u00fc Kitap \u0130nceleme ve De\u011ferlendirme Komisyonu, John Steinbeck&#8217;in &#8216;Fareler ve \u0130nsanlar&#8217; adl\u0131 kitab\u0131n\u0131n baz\u0131 b\u00f6l\u00fcmlerini sak\u0131ncal\u0131 buldu. 3 Aral\u0131k&#8217;ta toplanan Komisyon, kitab\u0131n baz\u0131 sayfalar\u0131n\u0131n &#8220;ahlaki olmayan b\u00f6l\u00fcmler&#8221; i\u00e7erdi\u011fine karar verdi. &#8216;Fareler ve \u0130nsanlar&#8217;, Milli E\u011fitim Bakanl\u0131\u011f\u0131&#8217;n\u0131n liselerde okutulmas\u0131 i\u00e7in \u00f6nerdi\u011fi 100 Temel Eser aras\u0131nda yer al\u0131yor. <!--more--><\/p>\n<p style=\"text-align: justify;\">Kitab\u0131 sayfa sayfa &#8220;gayri ahlaki&#8221; incelemeye tabi tutan komisyonun inceleme raporunda, &#8220;100 Temel eser d\u00fcnya edebiyat\u0131 listesinde bulunan yazar\u0131 John Steinbeck olan &#8216;Fareler ve insanlar&#8217; kitab\u0131n\u0131n \u0130nk\u0131lap kitapevinden bas\u0131lan (sayfa 69-70-73) baz\u0131 b\u00f6l\u00fcmlerin \u00f6\u011frencilerin e\u011fitimine uygun olmayan b\u00f6l\u00fcmlerin oldu\u011fu ilgili dilek\u00e7e ile bildirilmi\u015ftir. M\u00fcd\u00fcrl\u00fc\u011f\u00fcm\u00fczce ayn\u0131 kitab\u0131n \u00e7e\u015fitli yay\u0131nevleri de incelendi\u011finde Sel Yay\u0131nc\u0131l\u0131k (63-64 sayfalar\u0131), Varl\u0131k Yay\u0131nlar\u0131 (42-43-45 sayfalar\u0131), Remzi Yay\u0131nevi 56-57-60-61) sayfalar\u0131nda da e\u011fitime uygun olmayan b\u00f6l\u00fcmlerin oldu\u011fu yap\u0131lan incelemede tespit edilmi\u015ftir&#8221; denildi. E\u011fitim-Sen \u0130zmir 1 Nolu \u015eube Ba\u015fkan\u0131 rehber \u00f6\u011fretmen Abdullah Tunal\u0131 karara ili\u015fkin yapt\u0131\u011f\u0131 a\u00e7\u0131klamada, \u201c\u00e7ocukluktan \u00e7\u0131km\u0131\u015f, yeti\u015fkinle\u015fme s\u00fcrecine girmi\u015f lise \u00f6\u011frencilerinin bu kitab\u0131 okumas\u0131nda pedagojik olarak hi\u00e7 bir sak\u0131nca g\u00f6rmedi\u011fini\u201d ifade etti.<\/p>\n<p style=\"text-align: justify;\"><a href=\"http:\/\/i45.tinypic.com\/24luh6a.jpg\"><img loading=\"lazy\" decoding=\"async\" class=\"alignnone\" src=\"http:\/\/i45.tinypic.com\/24luh6a.jpg\" alt=\"\" width=\"420\" height=\"301\" \/><\/a><\/p>\n<p style=\"text-align: justify;\"><a href=\"http:\/\/i49.tinypic.com\/jtqnu8.jpg\"><img loading=\"lazy\" decoding=\"async\" class=\"alignnone\" src=\"http:\/\/i49.tinypic.com\/jtqnu8.jpg\" alt=\"\" width=\"426\" height=\"483\" \/><\/a><\/p>\n<p style=\"text-align: justify;\">Belge Kayna\u011f\u0131: http:\/\/www.sabitfikir.com<\/p>\n<p style=\"text-align: justify;\">&#8216;ARTIK HER ESER SANS\u00dcRLENEB\u0130L\u0130R&#8217;<br \/>\nKitab\u0131n yay\u0131nc\u0131s\u0131 Sel Yay\u0131nc\u0131l\u0131k&#8217;tan yap\u0131lan a\u00e7\u0131klamada ise, &#8220;Bu art\u0131k her eserin, kitab\u0131n, filmin klasikle\u015fmi\u015f, evrensel bir referans haline gelmi\u015f, insanlar\u0131n zihinlerinde yer etmi\u015f denmesine bakmadan herhangi birilerinin o tan\u0131ms\u0131z ve son derece \u00f6znel &#8216;ahlak&#8217; kriterlerine uygunsuzluk nedeniyle yarg\u0131lanabilece\u011fi, sans\u00fcrlenebilece\u011fi ya da yasaklanabilece\u011finin son g\u00f6stergesidir. Fazla s\u00f6ze gerek yok&#8221; denildi.<\/p>\n<p style=\"text-align: justify;\">Kaynak: http:\/\/www.ntvmsnbc.com\/<\/p>\n","protected":false},"excerpt":{"rendered":"<p>\u0130zmir \u0130l Milli E\u011fitim M\u00fcd\u00fcrl\u00fc\u011f\u00fc Kitap \u0130nceleme ve De\u011ferlendirme Komisyonu, John Steinbeck&#8217;in &#8216;Fareler ve \u0130nsanlar&#8217; adl\u0131 kitab\u0131n\u0131n baz\u0131 b\u00f6l\u00fcmlerini sak\u0131ncal\u0131 buldu. 3 Aral\u0131k&#8217;ta toplanan Komisyon, kitab\u0131n baz\u0131 sayfalar\u0131n\u0131n &#8220;ahlaki olmayan b\u00f6l\u00fcmler&#8221; i\u00e7erdi\u011fine karar verdi. &#8216;Fareler ve \u0130nsanlar&#8217;, Milli E\u011fitim Bakanl\u0131\u011f\u0131&#8217;n\u0131n liselerde okutulmas\u0131 i\u00e7in \u00f6nerdi\u011fi 100 Temel Eser aras\u0131nda yer al\u0131yor.<\/p>\n","protected":false},"author":1,"featured_media":0,"comment_status":"open","ping_status":"open","sticky":false,"template":"","format":"standard","meta":{"footnotes":""},"categories":[519],"tags":[],"class_list":["post-8642","post","type-post","status-publish","format-standard","hentry","category-sansur-2"],"_links":{"self":[{"href":"https:\/\/www.bbyhaber.com\/bby\/wp-json\/wp\/v2\/posts\/8642"}],"collection":[{"href":"https:\/\/www.bbyhaber.com\/bby\/wp-json\/wp\/v2\/posts"}],"about":[{"href":"https:\/\/www.bbyhaber.com\/bby\/wp-json\/wp\/v2\/types\/post"}],"author":[{"embeddable":true,"href":"https:\/\/www.bbyhaber.com\/bby\/wp-json\/wp\/v2\/users\/1"}],"replies":[{"embeddable":true,"href":"https:\/\/www.bbyhaber.com\/bby\/wp-json\/wp\/v2\/comments?post=8642"}],"version-history":[{"count":0,"href":"https:\/\/www.bbyhaber.com\/bby\/wp-json\/wp\/v2\/posts\/8642\/revisions"}],"wp:attachment":[{"href":"https:\/\/www.bbyhaber.com\/bby\/wp-json\/wp\/v2\/media?parent=8642"}],"wp:term":[{"taxonomy":"category","embeddable":true,"href":"https:\/\/www.bbyhaber.com\/bby\/wp-json\/wp\/v2\/categories?post=8642"},{"taxonomy":"post_tag","embeddable":true,"href":"https:\/\/www.bbyhaber.com\/bby\/wp-json\/wp\/v2\/tags?post=8642"}],"curies":[{"name":"wp","href":"https:\/\/api.w.org\/{rel}","templated":true}]}}