{"id":8639,"date":"2013-01-03T11:11:03","date_gmt":"2013-01-03T09:11:03","guid":{"rendered":"http:\/\/www.bbyhaber.com\/bby\/?p=8639"},"modified":"2014-02-19T13:33:34","modified_gmt":"2014-02-19T11:33:34","slug":"zezenin-basina-gelenler-seker-portakali-sansur","status":"publish","type":"post","link":"https:\/\/www.bbyhaber.com\/bby\/2013\/01\/03\/zezenin-basina-gelenler-seker-portakali-sansur","title":{"rendered":"Zeze&#8217;nin Ba\u015f\u0131na Gelenler-\u015eeker Portakal\u0131-SANS\u00dcR"},"content":{"rendered":"<p style=\"text-align: justify;\"><img loading=\"lazy\" decoding=\"async\" class=\"alignleft\" src=\"http:\/\/images.beyazgazete.com\/haber\/2013\/1\/2\/20130102_mustehcenlik-sorusturmasi.jpg\" alt=\"\" width=\"247\" height=\"108\" \/>MEB&#8217;in 100 Temel Eser listesi i\u00e7inde yer alan &#8220;\u015eeker Portakal\u0131&#8221; kitab\u0131n\u0131 derste \u00f6dev olarak okutan bir \u00f6\u011fretmene soru\u015fturma a\u00e7\u0131ld\u0131.\u00a0Bah\u00e7elievler&#8217;deki Behiye Doktor Nevhiz I\u015f\u0131l \u0130lk\u00f6\u011fretim Okulu&#8217;nda g\u00f6rev yapan 7. s\u0131n\u0131f T\u00fcrk\u00e7e \u00f6\u011fretmenine &#8220;\u015eeker Portakal\u0131&#8221; kitab\u0131n\u0131 okuttu\u011fu i\u00e7in soru\u015fturma a\u00e7\u0131ld\u0131. T\u00fcm d\u00fcnyada \u00e7ocuklar\u0131n ilgiyle okudu\u011fu Brezilyal\u0131 yazar Jose Mauro de Vasconcelos&#8217;un \u015eeker Portakal\u0131 kitab\u0131 Milli E\u011fitim Bakanl\u0131\u011f\u0131&#8217;n\u0131n (MEB) \u0130lk\u00f6\u011fretim okullar\u0131nda okutulacak 100 Temel Eseri aras\u0131nda yer al\u0131yor. 1968 tarihli roman, fakir bir aile \u00e7ocu\u011fu olan Zeze&#8217;nin ya\u015fad\u0131klar\u0131n\u0131 anlat\u0131yor.<!--more--><\/p>\n<p style=\"text-align: justify;\">Behiye Doktor Nevhiz I\u015f\u0131l \u0130lk\u00f6\u011fretim Okulu&#8217;ndaki 7. s\u0131n\u0131f T\u00fcrk\u00e7e \u00f6\u011fretmeni de \u00f6\u011frencilerine performans \u00f6devi olarak bu kitab\u0131 okumalar\u0131n\u0131 istedi. Velilerden biri, kitab\u0131 okudu\u011funu ve \u015fok oldu\u011funu belirterek kitab\u0131n T\u00fcrk \u00f6rf ve ananelerine ayk\u0131r\u0131 m\u00fcstehcen i\u00e7eri\u011fe sahip oldu\u011funu, i\u00e7inde bir\u00e7ok argo s\u00f6zc\u00fck ve k\u00fcf\u00fcr i\u00e7erdi\u011fini belirterek \u00f6\u011fretmen hakk\u0131nda soru\u015fturma a\u00e7\u0131lmas\u0131n\u0131 istedi. \u0130l\u00e7e Milli E\u011fitim M\u00fcd\u00fcrl\u00fc\u011f\u00fc de \u00f6\u011fretmen hakk\u0131nda kitab\u0131 neden tavsiye etti\u011fi ile ilgili olarak soru\u015fturma a\u00e7t\u0131. Soru\u015fturma hen\u00fcz tamamlanmad\u0131.<\/p>\n<p style=\"text-align: justify;\">Kitaba bakmadan soru\u015fturma<\/p>\n<p style=\"text-align: justify;\">E\u011fitim Sen 1 No&#8217;lu \u015eube Ba\u015fkan\u0131 Bar\u0131\u015f Uluocak, il ve il\u00e7e milli e\u011fitim m\u00fcd\u00fcrl\u00fcklerinin kitab\u0131n 100 temel eser i\u00e7inde oldu\u011funu bilmeden, bunu ara\u015ft\u0131rmadan b\u00f6yle bir soru\u015fturma a\u00e7mas\u0131n\u0131n &#8220;b\u00fcy\u00fck bir cahillik oldu\u011funu&#8221; belirtti: &#8220;Okullarda cemaatler taraf\u0131ndan bas\u0131lan bilimsel ve edebi niteli\u011fi tart\u0131\u015fmal\u0131 bir\u00e7ok kitab\u0131n kontrols\u00fcz \u015fekilde da\u011f\u0131t\u0131lmas\u0131na g\u00f6z yumulurken d\u00fcnya \u00e7ocuk edebiyat\u0131n\u0131n en \u00f6nemli eserlerinden birine soru\u015fturma a\u00e7\u0131lmas\u0131n\u0131n bug\u00fcnk\u00fc konjokt\u00fcr\u00fc \u00e7ok a\u00e7\u0131k \u015fekilde g\u00f6steriyor.&#8221; Velinin \u015fikayetinde, kitab\u0131n ana karakteri Zeze&#8217;nin k\u00fcf\u00fcr etti\u011fi b\u00f6l\u00fcm al\u0131n\u0131rken arkas\u0131ndan gelen &#8220;Bunlar\u0131 kullanmak i\u00e7in ya\u015f\u0131n \u00e7ok k\u00fc\u00e7\u00fck, hi\u00e7 ho\u015f de\u011fil&#8221; \u015feklindeki telkinler yer alm\u0131yor.<\/p>\n<p style=\"text-align: justify;\">Kaynak: http:\/\/www.bianet.org<\/p>\n","protected":false},"excerpt":{"rendered":"<p>MEB&#8217;in 100 Temel Eser listesi i\u00e7inde yer alan &#8220;\u015eeker Portakal\u0131&#8221; kitab\u0131n\u0131 derste \u00f6dev olarak okutan bir \u00f6\u011fretmene soru\u015fturma a\u00e7\u0131ld\u0131.\u00a0Bah\u00e7elievler&#8217;deki Behiye Doktor Nevhiz I\u015f\u0131l \u0130lk\u00f6\u011fretim Okulu&#8217;nda g\u00f6rev yapan 7. s\u0131n\u0131f T\u00fcrk\u00e7e \u00f6\u011fretmenine &#8220;\u015eeker Portakal\u0131&#8221; kitab\u0131n\u0131 okuttu\u011fu i\u00e7in soru\u015fturma a\u00e7\u0131ld\u0131. T\u00fcm d\u00fcnyada \u00e7ocuklar\u0131n ilgiyle okudu\u011fu Brezilyal\u0131 yazar Jose Mauro de Vasconcelos&#8217;un \u015eeker Portakal\u0131 kitab\u0131 Milli E\u011fitim Bakanl\u0131\u011f\u0131&#8217;n\u0131n [&hellip;]<\/p>\n","protected":false},"author":1,"featured_media":0,"comment_status":"open","ping_status":"open","sticky":false,"template":"","format":"standard","meta":{"footnotes":""},"categories":[519],"tags":[],"class_list":["post-8639","post","type-post","status-publish","format-standard","hentry","category-sansur-2"],"_links":{"self":[{"href":"https:\/\/www.bbyhaber.com\/bby\/wp-json\/wp\/v2\/posts\/8639"}],"collection":[{"href":"https:\/\/www.bbyhaber.com\/bby\/wp-json\/wp\/v2\/posts"}],"about":[{"href":"https:\/\/www.bbyhaber.com\/bby\/wp-json\/wp\/v2\/types\/post"}],"author":[{"embeddable":true,"href":"https:\/\/www.bbyhaber.com\/bby\/wp-json\/wp\/v2\/users\/1"}],"replies":[{"embeddable":true,"href":"https:\/\/www.bbyhaber.com\/bby\/wp-json\/wp\/v2\/comments?post=8639"}],"version-history":[{"count":0,"href":"https:\/\/www.bbyhaber.com\/bby\/wp-json\/wp\/v2\/posts\/8639\/revisions"}],"wp:attachment":[{"href":"https:\/\/www.bbyhaber.com\/bby\/wp-json\/wp\/v2\/media?parent=8639"}],"wp:term":[{"taxonomy":"category","embeddable":true,"href":"https:\/\/www.bbyhaber.com\/bby\/wp-json\/wp\/v2\/categories?post=8639"},{"taxonomy":"post_tag","embeddable":true,"href":"https:\/\/www.bbyhaber.com\/bby\/wp-json\/wp\/v2\/tags?post=8639"}],"curies":[{"name":"wp","href":"https:\/\/api.w.org\/{rel}","templated":true}]}}