{"id":862,"date":"2011-10-27T17:09:41","date_gmt":"2011-10-27T17:09:41","guid":{"rendered":"http:\/\/www.bbyhaber.com\/bby\/?p=862"},"modified":"2013-02-14T18:42:55","modified_gmt":"2013-02-14T16:42:55","slug":"gencunak-makale-yarismasini-kazananlara-odulleri-verildi","status":"publish","type":"post","link":"https:\/\/www.bbyhaber.com\/bby\/2011\/10\/27\/gencunak-makale-yarismasini-kazananlara-odulleri-verildi","title":{"rendered":"Gen\u00e7\u00dcNAK makale yar\u0131\u015fmas\u0131n\u0131 kazananlara \u00f6d\u00fclleri verildi"},"content":{"rendered":"<p style=\"text-align: justify;\" align=\"justify\">10 Haziran 2011 tarihinde, <a href=\"http:\/\/www.gencunak.org\/\" target=\"_blank\">Gen\u00e7\u00dcNAK<\/a> taraf\u0131ndan d\u00fczenlenen \u201cBiz de var\u0131z! \u00d6\u011frencilerin bak\u0131\u015f a\u00e7\u0131s\u0131yla bilgi y\u00f6netimi\u201d konulu makale yar\u0131\u015fmas\u0131n\u0131 kazananlara, 20 Ekim 2011 tarihinde yap\u0131lan &#8220;\u00dcNAK 2011 Bilgiyi Sanayile\u015ftirmek: \u0130novasyona Dayal\u0131 Yeni De\u011fer A\u011f\u0131&#8221; sempozyumunda \u00f6d\u00fclleri verilmi\u015ftir. \u0130lgili makaleler a\u015fa\u011f\u0131dad\u0131r:<!--more--><\/p>\n<p style=\"text-align: justify;\" align=\"justify\">1.Milli K\u00fct\u00fcphane\u2019de G\u00f6rme Engellilere Y\u00f6nelik Konu\u015fan Kitapl\u0131k B\u00f6l\u00fcm\u00fc\u2019n\u00fcn Hizmetinin De\u011ferlendirilmesi ve Kullan\u0131c\u0131 Memnuniyeti Ara\u015ft\u0131rmas\u0131 (Fatma Gamze Tezcan, Y\u00fcksel Tanr\u0131kulu)<br \/>\n2.Halk k\u00fct\u00fcphanesi Hizmetlerine \u0130li\u015fkin Kullan\u0131c\u0131 Memnuniyeti (P\u0131nar U\u011furlu)<br \/>\n3.Ar\u015fivlerde \u00c7al\u0131\u015fanlar\u0131n Hizmet \u0130\u00e7i E\u011fitim Gereksinimleri (\u015eerife Sinem Kanar)<\/p>\n<p style=\"text-align: justify;\" align=\"justify\">Yar\u0131\u015fmay\u0131 kazanan t\u00fcm arakada\u015flar\u0131 tebrik eder, ba\u015far\u0131lar\u0131n\u0131n devam\u0131n\u0131 dileriz.<\/p>\n","protected":false},"excerpt":{"rendered":"<p>10 Haziran 2011 tarihinde, Gen\u00e7\u00dcNAK taraf\u0131ndan d\u00fczenlenen \u201cBiz de var\u0131z! \u00d6\u011frencilerin bak\u0131\u015f a\u00e7\u0131s\u0131yla bilgi y\u00f6netimi\u201d konulu makale yar\u0131\u015fmas\u0131n\u0131 kazananlara, 20 Ekim 2011 tarihinde yap\u0131lan &#8220;\u00dcNAK 2011 Bilgiyi Sanayile\u015ftirmek: \u0130novasyona Dayal\u0131 Yeni De\u011fer A\u011f\u0131&#8221; sempozyumunda \u00f6d\u00fclleri verilmi\u015ftir. \u0130lgili makaleler a\u015fa\u011f\u0131dad\u0131r:<\/p>\n","protected":false},"author":1,"featured_media":0,"comment_status":"open","ping_status":"open","sticky":false,"template":"","format":"standard","meta":{"footnotes":""},"categories":[1],"tags":[1413,52],"class_list":["post-862","post","type-post","status-publish","format-standard","hentry","category-genel","tag-bby-bilgi-toplulugu-gruplari","tag-gencunak"],"_links":{"self":[{"href":"https:\/\/www.bbyhaber.com\/bby\/wp-json\/wp\/v2\/posts\/862"}],"collection":[{"href":"https:\/\/www.bbyhaber.com\/bby\/wp-json\/wp\/v2\/posts"}],"about":[{"href":"https:\/\/www.bbyhaber.com\/bby\/wp-json\/wp\/v2\/types\/post"}],"author":[{"embeddable":true,"href":"https:\/\/www.bbyhaber.com\/bby\/wp-json\/wp\/v2\/users\/1"}],"replies":[{"embeddable":true,"href":"https:\/\/www.bbyhaber.com\/bby\/wp-json\/wp\/v2\/comments?post=862"}],"version-history":[{"count":0,"href":"https:\/\/www.bbyhaber.com\/bby\/wp-json\/wp\/v2\/posts\/862\/revisions"}],"wp:attachment":[{"href":"https:\/\/www.bbyhaber.com\/bby\/wp-json\/wp\/v2\/media?parent=862"}],"wp:term":[{"taxonomy":"category","embeddable":true,"href":"https:\/\/www.bbyhaber.com\/bby\/wp-json\/wp\/v2\/categories?post=862"},{"taxonomy":"post_tag","embeddable":true,"href":"https:\/\/www.bbyhaber.com\/bby\/wp-json\/wp\/v2\/tags?post=862"}],"curies":[{"name":"wp","href":"https:\/\/api.w.org\/{rel}","templated":true}]}}