{"id":8619,"date":"2013-01-01T15:41:02","date_gmt":"2013-01-01T13:41:02","guid":{"rendered":"http:\/\/www.bbyhaber.com\/bby\/?p=8619"},"modified":"2013-01-12T19:22:05","modified_gmt":"2013-01-12T17:22:05","slug":"necmettin-erbakan-universitesi-uzman-alimi-ilani-son-basvuru-tarihi-11-01-2013","status":"publish","type":"post","link":"https:\/\/www.bbyhaber.com\/bby\/2013\/01\/01\/necmettin-erbakan-universitesi-uzman-alimi-ilani-son-basvuru-tarihi-11-01-2013","title":{"rendered":"Necmettin Erbakan \u00dcniversitesi Uzman Al\u0131m\u0131 \u0130lan\u0131-Son Ba\u015fvuru Tarihi-11.01.2013"},"content":{"rendered":"<p style=\"text-align: justify;\"><a href=\"http:\/\/www.bbyhaber.com\/bby\/category\/bby-is-ilanlari\/\"><img loading=\"lazy\" decoding=\"async\" class=\"alignleft\" src=\"http:\/\/www.bbyhaber.com\/bby\/wp-content\/uploads\/is-ilanlari-arsivi.jpg\" alt=\"\" width=\"250\" height=\"150\" \/><\/a>Necmettin Erbakan \u00dcniversitesi&#8217;nde g\u00f6revlendirilmek \u00fczere Bilgi ve Belge Y\u00f6netimi B\u00f6l\u00fcm\u00fc lisans mezunu, alan\u0131nda <strong>en az \u00fc\u00e7 y\u0131l deneyimli<\/strong> olmas\u0131 \u015fart\u0131 ile 2. ve 3.kadro dereceleri ile g\u00f6reve ba\u015flayacak toplam <strong>2 uzman al\u0131m\u0131<\/strong> yap\u0131lacakt\u0131r. \u0130lan detaylar\u0131 a\u015fa\u011f\u0131dad\u0131r:<!--more--><\/p>\n<table style=\"color: #000000; font-family: Arial, Tahoma, Verdana; font-size: 15px; line-height: 18px;\" width=\"344\" border=\"1\" cellspacing=\"0\" cellpadding=\"0\">\n<colgroup>\n<col width=\"233\" \/>\n<col width=\"111\" \/> <\/colgroup>\n<tbody>\n<tr>\n<td width=\"233\" height=\"20\">Kadro Unvan<\/td>\n<td width=\"111\"><strong>Uzman<\/strong><\/td>\n<\/tr>\n<tr>\n<td height=\"20\">ALES<\/td>\n<td><strong>70<\/strong><\/td>\n<\/tr>\n<tr>\n<td height=\"20\">\u00dcDS\/Dengi<\/td>\n<td><strong>50<\/strong><\/td>\n<\/tr>\n<tr>\n<td height=\"20\">Kadro Say\u0131s\u0131<\/td>\n<td><strong>2<\/strong><\/td>\n<\/tr>\n<tr>\n<td height=\"20\">Kadro Derecesi<\/td>\n<td><strong>2 ve 3<\/strong><\/td>\n<\/tr>\n<tr>\n<td height=\"20\">Ba\u015fvuru Tipi<\/td>\n<td><strong>Posta, \u015eahsen<\/strong><\/td>\n<\/tr>\n<tr>\n<td height=\"20\"><strong style=\"color: #ff0000; font-family: Arial, Tahoma, Verdana; font-size: 15px; line-height: 18px;\">Son Ba\u015fvuru Tarihi<\/strong><\/td>\n<td><strong style=\"color: #000000; font-family: Arial, Tahoma, Verdana; font-size: 15px; line-height: 18px;\">11.01.2013<\/strong><\/td>\n<\/tr>\n<tr>\n<td height=\"20\">\u00d6n De\u011ferlendirme Tarihi<\/td>\n<td>17.01.2013<\/td>\n<\/tr>\n<tr>\n<td height=\"20\">S\u0131nav Giri\u015f Tarihi<\/td>\n<td>23.01.2013<\/td>\n<\/tr>\n<tr>\n<td height=\"20\"><span style=\"color: #0000ff;\"><strong>Sonu\u00e7 A\u00e7\u0131klama Tarihi<\/strong><\/span><\/td>\n<td><strong>30.01.2013<\/strong><\/td>\n<\/tr>\n<\/tbody>\n<\/table>\n<p><strong><span style=\"color: #0000ff;\"><span style=\"color: #0000ff;\">Daha detayl\u0131 bilgi ve belge i\u00e7in t\u0131klay\u0131n\u0131z (2. derece, 3.derece)<br \/>\n<\/span><\/span><\/strong><\/p>\n","protected":false},"excerpt":{"rendered":"<p>Necmettin Erbakan \u00dcniversitesi&#8217;nde g\u00f6revlendirilmek \u00fczere Bilgi ve Belge Y\u00f6netimi B\u00f6l\u00fcm\u00fc lisans mezunu, alan\u0131nda en az \u00fc\u00e7 y\u0131l deneyimli olmas\u0131 \u015fart\u0131 ile 2. ve 3.kadro dereceleri ile g\u00f6reve ba\u015flayacak toplam 2 uzman al\u0131m\u0131 yap\u0131lacakt\u0131r. \u0130lan detaylar\u0131 a\u015fa\u011f\u0131dad\u0131r:<\/p>\n","protected":false},"author":1,"featured_media":0,"comment_status":"open","ping_status":"open","sticky":false,"template":"","format":"standard","meta":{"footnotes":""},"categories":[1508],"tags":[1393],"class_list":["post-8619","post","type-post","status-publish","format-standard","hentry","category-universite-kutuphaneleri-is-ilanlari","tag-bby-is-ilanlari-arsivi"],"_links":{"self":[{"href":"https:\/\/www.bbyhaber.com\/bby\/wp-json\/wp\/v2\/posts\/8619"}],"collection":[{"href":"https:\/\/www.bbyhaber.com\/bby\/wp-json\/wp\/v2\/posts"}],"about":[{"href":"https:\/\/www.bbyhaber.com\/bby\/wp-json\/wp\/v2\/types\/post"}],"author":[{"embeddable":true,"href":"https:\/\/www.bbyhaber.com\/bby\/wp-json\/wp\/v2\/users\/1"}],"replies":[{"embeddable":true,"href":"https:\/\/www.bbyhaber.com\/bby\/wp-json\/wp\/v2\/comments?post=8619"}],"version-history":[{"count":0,"href":"https:\/\/www.bbyhaber.com\/bby\/wp-json\/wp\/v2\/posts\/8619\/revisions"}],"wp:attachment":[{"href":"https:\/\/www.bbyhaber.com\/bby\/wp-json\/wp\/v2\/media?parent=8619"}],"wp:term":[{"taxonomy":"category","embeddable":true,"href":"https:\/\/www.bbyhaber.com\/bby\/wp-json\/wp\/v2\/categories?post=8619"},{"taxonomy":"post_tag","embeddable":true,"href":"https:\/\/www.bbyhaber.com\/bby\/wp-json\/wp\/v2\/tags?post=8619"}],"curies":[{"name":"wp","href":"https:\/\/api.w.org\/{rel}","templated":true}]}}