{"id":8611,"date":"2012-12-31T13:11:46","date_gmt":"2012-12-31T11:11:46","guid":{"rendered":"http:\/\/www.bbyhaber.com\/bby\/?p=8611"},"modified":"2013-05-15T16:02:45","modified_gmt":"2013-05-15T13:02:45","slug":"kutuphaneci-kitap-patalogu-arsivci-folklor-arastirmacisi-unvanlarina-bir-derece-verilmesi","status":"publish","type":"post","link":"https:\/\/www.bbyhaber.com\/bby\/2012\/12\/31\/kutuphaneci-kitap-patalogu-arsivci-folklor-arastirmacisi-unvanlarina-bir-derece-verilmesi","title":{"rendered":"K\u00fct\u00fcphaneci, Kitap Patalo\u011fu, Ar\u015fivci, Folklor Ara\u015ft\u0131rmac\u0131s\u0131 unvanlar\u0131na bir derece verilmesi"},"content":{"rendered":"<p style=\"text-align: justify;\"><a href=\"http:\/\/kultursanatsen.org.tr\" target=\"_blank\">K\u00fclt\u00fcr Sanat Sen (K\u00fclt\u00fcr, Sanat ve Turizm Emek\u00e7ileri Sendikas\u0131)<\/a>, Devlet Memurlar\u0131 Kanunu \u2018nun 36. Maddesinin (II) Teknik Hizmetler s\u0131n\u0131f\u0131nda yer alan \u00a0ve 36 A\/4 maddesi gere\u011fince <strong>K\u00fct\u00fcphaneci<\/strong>, Kitap Patalo\u011fu, <strong>Ar\u015fivci<\/strong>, Folklor Ara\u015ft\u0131rmac\u0131s\u0131 unvanlar\u0131na bir derece verilmesi hususunda Devlet Personel Ba\u015fkanl\u0131\u011f\u0131\u2019na yaz\u0131 g\u00f6nderdi. <strong><span style=\"color: #0000ff;\"><a href=\"http:\/\/www.bbyhaber.com\/bby\/wp-content\/uploads\/dosyalar\/ths\/kultur-sanat-sen-dpb-derece-yazisi.pdf\" target=\"_blank\"><span style=\"color: #0000ff;\">Yaz\u0131 i\u00e7in t\u0131klay\u0131n\u0131z.<\/span><\/a><\/span><\/strong><!--more--><\/p>\n<p>Kaynak: http:\/\/kultursanatsen.org.tr<\/p>\n","protected":false},"excerpt":{"rendered":"<p>K\u00fclt\u00fcr Sanat Sen (K\u00fclt\u00fcr, Sanat ve Turizm Emek\u00e7ileri Sendikas\u0131), Devlet Memurlar\u0131 Kanunu \u2018nun 36. Maddesinin (II) Teknik Hizmetler s\u0131n\u0131f\u0131nda yer alan \u00a0ve 36 A\/4 maddesi gere\u011fince K\u00fct\u00fcphaneci, Kitap Patalo\u011fu, Ar\u015fivci, Folklor Ara\u015ft\u0131rmac\u0131s\u0131 unvanlar\u0131na bir derece verilmesi hususunda Devlet Personel Ba\u015fkanl\u0131\u011f\u0131\u2019na yaz\u0131 g\u00f6nderdi. Yaz\u0131 i\u00e7in t\u0131klay\u0131n\u0131z.<\/p>\n","protected":false},"author":1,"featured_media":0,"comment_status":"open","ping_status":"open","sticky":false,"template":"","format":"standard","meta":{"footnotes":""},"categories":[1505,1605],"tags":[1398,51,50],"class_list":["post-8611","post","type-post","status-publish","format-standard","hentry","category-teknik-kadro","category-teknik-kadro-arsivciler","tag-bby-ozluk-haklari","tag-teknik-kadro-kutuphaneci","tag-ths-kutuphaneci"],"_links":{"self":[{"href":"https:\/\/www.bbyhaber.com\/bby\/wp-json\/wp\/v2\/posts\/8611"}],"collection":[{"href":"https:\/\/www.bbyhaber.com\/bby\/wp-json\/wp\/v2\/posts"}],"about":[{"href":"https:\/\/www.bbyhaber.com\/bby\/wp-json\/wp\/v2\/types\/post"}],"author":[{"embeddable":true,"href":"https:\/\/www.bbyhaber.com\/bby\/wp-json\/wp\/v2\/users\/1"}],"replies":[{"embeddable":true,"href":"https:\/\/www.bbyhaber.com\/bby\/wp-json\/wp\/v2\/comments?post=8611"}],"version-history":[{"count":0,"href":"https:\/\/www.bbyhaber.com\/bby\/wp-json\/wp\/v2\/posts\/8611\/revisions"}],"wp:attachment":[{"href":"https:\/\/www.bbyhaber.com\/bby\/wp-json\/wp\/v2\/media?parent=8611"}],"wp:term":[{"taxonomy":"category","embeddable":true,"href":"https:\/\/www.bbyhaber.com\/bby\/wp-json\/wp\/v2\/categories?post=8611"},{"taxonomy":"post_tag","embeddable":true,"href":"https:\/\/www.bbyhaber.com\/bby\/wp-json\/wp\/v2\/tags?post=8611"}],"curies":[{"name":"wp","href":"https:\/\/api.w.org\/{rel}","templated":true}]}}