{"id":8603,"date":"2012-12-28T12:55:26","date_gmt":"2012-12-28T10:55:26","guid":{"rendered":"http:\/\/www.bbyhaber.com\/bby\/?p=8603"},"modified":"2012-12-28T12:56:36","modified_gmt":"2012-12-28T10:56:36","slug":"kahramanmaras-gezici-kutuphane","status":"publish","type":"post","link":"https:\/\/www.bbyhaber.com\/bby\/2012\/12\/28\/kahramanmaras-gezici-kutuphane","title":{"rendered":"Kahramanmara\u015f&#8217;ta &#8220;Gezici K\u00fct\u00fcphane&#8221;"},"content":{"rendered":"<p style=\"text-align: justify;\"><a href=\"http:\/\/www.bbyhaber.com\/bby\/wp-content\/uploads\/2012\/06\/gezici-kutuphane.jpg\"><img loading=\"lazy\" decoding=\"async\" class=\"alignleft\" src=\"http:\/\/www.bbyhaber.com\/bby\/wp-content\/uploads\/2012\/06\/gezici-kutuphane.jpg\" alt=\"\" width=\"293\" height=\"144\" \/><\/a>\u0130l K\u00fclt\u00fcr ve Turizm M\u00fcd\u00fcrl\u00fc\u011f\u00fc taraf\u0131ndan Sosyal Destek Program\u0131 (SODES) kapsam\u0131nda haz\u0131rlanan &#8220;gezici k\u00fct\u00fcphane&#8221; hizmete girdi. Vali\u00a0\u015e\u00fckr\u00fc Kocatepe, \u015eehit M\u0131ll\u0131\u015f Nuri \u0130lk\u00f6\u011fretim Okulu&#8217;nda gezici k\u00fct\u00fcphanenin tan\u0131m\u0131nda yapt\u0131\u011f\u0131 konu\u015fmada, hizmete giren gezici k\u00fct\u00fcphaneyle kenar mahallelerdeki \u00f6\u011frenci ve vatanda\u015flar\u0131n kitaba daha kolay ula\u015fabilme imkan\u0131 sa\u011flanaca\u011f\u0131n\u0131 belirtti.<!--more--><\/p>\n<p style=\"text-align: justify;\">Yap\u0131lan \u00e7al\u0131\u015fmayla \u00f6nemli bir ihtiyac\u0131n giderildi\u011fini ifade eden\u00a0Kocatepe, \u015funlar\u0131 kaydetti:<\/p>\n<p style=\"text-align: justify;\">&#8220;Proje SODES \u00e7er\u00e7evesinde haz\u0131rland\u0131 ve\u00a0Do\u011fu Akdeniz\u00a0Kalk\u0131nma Ajans\u0131 (DO\u011eAKA) maddi destek sa\u011flad\u0131. Arac\u0131m\u0131z\u0131n donan\u0131m\u0131 ve i\u00e7indeki kitaplarla birlikte 90 bin TL&#8217;ye mal oldu. Gezici k\u00fct\u00fcphane okullarda \u00e7ocuklar\u0131m\u0131z\u0131n ve mahalle sakinlerinin kitap okuma ihtiyac\u0131n\u0131 kar\u015f\u0131layacak. Bu t\u00fcr uygulamalar\u0131 daha da \u00e7o\u011faltmay\u0131 d\u00fc\u015f\u00fcn\u00fcyoruz.&#8221;<\/p>\n<p style=\"text-align: justify;\">\u0130l K\u00fclt\u00fcr ve Turizm M\u00fcd\u00fcr\u00fc Seydihan K\u00fc\u00e7\u00fckda\u011fl\u0131 ise gezi k\u00fct\u00fcphanenin belirli periyotlarla okullar\u0131 mahalleleri ziyaret edece\u011fini dile getirdi. Program\u0131n sonunda kat\u0131l\u0131mc\u0131lar gezici k\u00fct\u00fcphaneyi gezerek, g\u00f6revlilerden bilgi ald\u0131.<\/p>\n<p style=\"text-align: justify;\">Kaynak:http:\/\/www.haberler.com<\/p>\n","protected":false},"excerpt":{"rendered":"<p>\u0130l K\u00fclt\u00fcr ve Turizm M\u00fcd\u00fcrl\u00fc\u011f\u00fc taraf\u0131ndan Sosyal Destek Program\u0131 (SODES) kapsam\u0131nda haz\u0131rlanan &#8220;gezici k\u00fct\u00fcphane&#8221; hizmete girdi. Vali\u00a0\u015e\u00fckr\u00fc Kocatepe, \u015eehit M\u0131ll\u0131\u015f Nuri \u0130lk\u00f6\u011fretim Okulu&#8217;nda gezici k\u00fct\u00fcphanenin tan\u0131m\u0131nda yapt\u0131\u011f\u0131 konu\u015fmada, hizmete giren gezici k\u00fct\u00fcphaneyle kenar mahallelerdeki \u00f6\u011frenci ve vatanda\u015flar\u0131n kitaba daha kolay ula\u015fabilme imkan\u0131 sa\u011flanaca\u011f\u0131n\u0131 belirtti.<\/p>\n","protected":false},"author":1,"featured_media":0,"comment_status":"open","ping_status":"open","sticky":false,"template":"","format":"standard","meta":{"footnotes":""},"categories":[1,1486],"tags":[1440],"class_list":["post-8603","post","type-post","status-publish","format-standard","hentry","category-genel","category-gezici-kutuphane","tag-gezici-kutuphaneler"],"_links":{"self":[{"href":"https:\/\/www.bbyhaber.com\/bby\/wp-json\/wp\/v2\/posts\/8603"}],"collection":[{"href":"https:\/\/www.bbyhaber.com\/bby\/wp-json\/wp\/v2\/posts"}],"about":[{"href":"https:\/\/www.bbyhaber.com\/bby\/wp-json\/wp\/v2\/types\/post"}],"author":[{"embeddable":true,"href":"https:\/\/www.bbyhaber.com\/bby\/wp-json\/wp\/v2\/users\/1"}],"replies":[{"embeddable":true,"href":"https:\/\/www.bbyhaber.com\/bby\/wp-json\/wp\/v2\/comments?post=8603"}],"version-history":[{"count":0,"href":"https:\/\/www.bbyhaber.com\/bby\/wp-json\/wp\/v2\/posts\/8603\/revisions"}],"wp:attachment":[{"href":"https:\/\/www.bbyhaber.com\/bby\/wp-json\/wp\/v2\/media?parent=8603"}],"wp:term":[{"taxonomy":"category","embeddable":true,"href":"https:\/\/www.bbyhaber.com\/bby\/wp-json\/wp\/v2\/categories?post=8603"},{"taxonomy":"post_tag","embeddable":true,"href":"https:\/\/www.bbyhaber.com\/bby\/wp-json\/wp\/v2\/tags?post=8603"}],"curies":[{"name":"wp","href":"https:\/\/api.w.org\/{rel}","templated":true}]}}