{"id":8593,"date":"2012-12-26T17:34:23","date_gmt":"2012-12-26T15:34:23","guid":{"rendered":"http:\/\/www.bbyhaber.com\/bby\/?p=8593"},"modified":"2012-12-26T17:37:31","modified_gmt":"2012-12-26T15:37:31","slug":"universite-ogrencileri-3-evi-kutuphaneye-kavusturdu","status":"publish","type":"post","link":"https:\/\/www.bbyhaber.com\/bby\/2012\/12\/26\/universite-ogrencileri-3-evi-kutuphaneye-kavusturdu","title":{"rendered":"\u00dcniversite \u00f6\u011frencileri, 3 evi k\u00fct\u00fcphaneye kavu\u015fturdu"},"content":{"rendered":"<p style=\"text-align: justify;\"><img loading=\"lazy\" decoding=\"async\" class=\"alignleft\" src=\"http:\/\/www.haberler.com\/haber-resimleri\/230\/universite-ogrencileri-3-evi-kutuphaneye-4201230_o.jpg\" alt=\"\" width=\"273\" height=\"140\" \/>Zonguldak Karaelmas \u00dcniversitesi Ere\u011fli E\u011fitim Fak\u00fcltesi Ere\u011fli E\u011fitim Fak\u00fcltesi T\u00fcrk\u00e7e B\u00f6l\u00fcm\u00fc&#8217;n\u00fcn 6 \u00f6\u011frencisi, Topluma Hizmet Uygulamas\u0131 dersi kapsam\u0131nda haz\u0131rlad\u0131klar\u0131 3 k\u00fct\u00fcphaneyi belirledikleri ev sahiplerine teslim etti. Malzemeleri alarak k\u00fct\u00fcphane i\u00e7in haz\u0131rlad\u0131klar\u0131 kitapl\u0131\u011f\u0131 kendi elleriyle haz\u0131rlayan \u00f6\u011frenciler, ev sahipleriyle bir araya gelerek kitapl\u0131\u011f\u0131 teslim etti. <!--more--><\/p>\n<p style=\"text-align: justify;\">Kitaplar\u0131 da raflara dizen \u00f6\u011frenciler kendilerine bu konu da yard\u0131mc\u0131 olan Ere\u011fli esnaf\u0131 ve halk\u0131na te\u015fekk\u00fcr etti. \u00d6\u011frencilerden G\u00fclay Mengio\u011flu, &#8220;Ere\u011fli E\u011fitim Fak\u00fcltesinde y\u00fcr\u00fctt\u00fc\u011f\u00fcm\u00fcz &#8216;Topluma Hizmet Uygulamas\u0131&#8217; ad\u0131 alt\u0131nda bir projemiz var. Projemizin ad\u0131; &#8216;Her Eve Bir K\u00fct\u00fcphane&#8217;. Bu konuyla ilgili olarak 3 ev belirledik. Ere\u011fli halk\u0131ndan ve esnaf\u0131ndan toplad\u0131\u011f\u0131m\u0131z kitap ve para yard\u0131m\u0131yla projemizi ger\u00e7ekle\u015ftirdik.&#8221; dedi.<\/p>\n<p style=\"text-align: justify;\">Projeyi ger\u00e7ekle\u015ftirmelerinde kendilerine yard\u0131mc\u0131 olanlara te\u015fekk\u00fcr eden Mustafa Karag\u00fcl ise konu\u015fmas\u0131nda, &#8220;Bize destek veren Ere\u011fli halk\u0131, esnaflara ve okul y\u00f6netimine te\u015fekk\u00fcrlerimizi sunuyoruz.&#8221; dedi. Zonguldak Karaelmas \u00dcniversitesi Ere\u011fli E\u011fitim Fak\u00fcltesi Ere\u011fli E\u011fitim Fak\u00fcltesi T\u00fcrk\u00e7e B\u00f6l\u00fcm\u00fc \u00f6\u011frencileri ev sahibinin \u00e7ocuklar\u0131yla da k\u0131sa s\u00fcre kitap okuduktan sonra evden ayr\u0131ld\u0131lar.<\/p>\n<p style=\"text-align: justify;\">Kaynak: http:\/\/www.haberler.com<\/p>\n","protected":false},"excerpt":{"rendered":"<p>Zonguldak Karaelmas \u00dcniversitesi Ere\u011fli E\u011fitim Fak\u00fcltesi Ere\u011fli E\u011fitim Fak\u00fcltesi T\u00fcrk\u00e7e B\u00f6l\u00fcm\u00fc&#8217;n\u00fcn 6 \u00f6\u011frencisi, Topluma Hizmet Uygulamas\u0131 dersi kapsam\u0131nda haz\u0131rlad\u0131klar\u0131 3 k\u00fct\u00fcphaneyi belirledikleri ev sahiplerine teslim etti. Malzemeleri alarak k\u00fct\u00fcphane i\u00e7in haz\u0131rlad\u0131klar\u0131 kitapl\u0131\u011f\u0131 kendi elleriyle haz\u0131rlayan \u00f6\u011frenciler, ev sahipleriyle bir araya gelerek kitapl\u0131\u011f\u0131 teslim etti.<\/p>\n","protected":false},"author":1,"featured_media":0,"comment_status":"open","ping_status":"open","sticky":false,"template":"","format":"standard","meta":{"footnotes":""},"categories":[1],"tags":[],"class_list":["post-8593","post","type-post","status-publish","format-standard","hentry","category-genel"],"_links":{"self":[{"href":"https:\/\/www.bbyhaber.com\/bby\/wp-json\/wp\/v2\/posts\/8593"}],"collection":[{"href":"https:\/\/www.bbyhaber.com\/bby\/wp-json\/wp\/v2\/posts"}],"about":[{"href":"https:\/\/www.bbyhaber.com\/bby\/wp-json\/wp\/v2\/types\/post"}],"author":[{"embeddable":true,"href":"https:\/\/www.bbyhaber.com\/bby\/wp-json\/wp\/v2\/users\/1"}],"replies":[{"embeddable":true,"href":"https:\/\/www.bbyhaber.com\/bby\/wp-json\/wp\/v2\/comments?post=8593"}],"version-history":[{"count":0,"href":"https:\/\/www.bbyhaber.com\/bby\/wp-json\/wp\/v2\/posts\/8593\/revisions"}],"wp:attachment":[{"href":"https:\/\/www.bbyhaber.com\/bby\/wp-json\/wp\/v2\/media?parent=8593"}],"wp:term":[{"taxonomy":"category","embeddable":true,"href":"https:\/\/www.bbyhaber.com\/bby\/wp-json\/wp\/v2\/categories?post=8593"},{"taxonomy":"post_tag","embeddable":true,"href":"https:\/\/www.bbyhaber.com\/bby\/wp-json\/wp\/v2\/tags?post=8593"}],"curies":[{"name":"wp","href":"https:\/\/api.w.org\/{rel}","templated":true}]}}