{"id":8565,"date":"2012-12-26T09:03:03","date_gmt":"2012-12-26T07:03:03","guid":{"rendered":"http:\/\/www.bbyhaber.com\/bby\/?p=8565"},"modified":"2012-12-26T09:03:03","modified_gmt":"2012-12-26T07:03:03","slug":"koyluler-topladiklari-kitaplarla-kutuphane-kurdu-adiyaman-2","status":"publish","type":"post","link":"https:\/\/www.bbyhaber.com\/bby\/2012\/12\/26\/koyluler-topladiklari-kitaplarla-kutuphane-kurdu-adiyaman-2","title":{"rendered":"K\u00f6yl\u00fcler Toplad\u0131klar\u0131 Kitaplarla K\u00fct\u00fcphane Kurdu-Ad\u0131yaman"},"content":{"rendered":"<p style=\"text-align: justify;\">G\u00fcng\u00f6rm\u00fc\u015fl\u00fcler Derne\u011fi (G\u00fcn-Der) K\u00f6y Temsilcisi ve Ad\u0131yaman K\u00fclt\u00fcr ve Yard\u0131mla\u015fma Derne\u011fi (Akyad) Gerger \u0130l\u00e7e Temsilcisi Serdar K\u0131z\u0131lkaya&#8217;n\u0131n sosyal payla\u015f\u0131m sitesi \u00fczerinden ba\u015flatt\u0131\u011f\u0131 kampanya, k\u00f6ye hem k\u00fct\u00fcphane, hem de kitap kazand\u0131rd\u0131. K\u00fct\u00fcphanenin a\u00e7\u0131l\u0131\u015f t\u00f6renine; Gerger Kaymakam\u0131 \u00d6mer Bilgin, ITI UNESCO D\u00fcnya Tiyatro E\u011fitimi Ba\u015fkan Yard\u0131mc\u0131s\u0131 ve Avrupa K\u00fclt\u00fcr Ba\u015fkentleri B\u00fcy\u00fckel\u00e7isi Emre Erdem, Gerger \u0130l\u00e7e Milli E\u011fitim M\u00fcd\u00fcr\u00fc Ne\u015fet Yazar, Gerger M\u00fcft\u00fcs\u00fc Harun Y\u0131lmaz, \u015eanl\u0131urfa Orman B\u00f6lge M\u00fcd\u00fcr Yard\u0131mc\u0131s\u0131 Ziya Polat, Gerger ve G\u00fcng\u00f6rm\u00fc\u015f k\u00f6y\u00fcnde ya\u015fayan vatanda\u015flar kat\u0131ld\u0131.<!--more--><\/p>\n<p style=\"text-align: justify;\">K\u00fct\u00fcphanenin a\u00e7\u0131l\u0131\u015f\u0131nda, sosyal payla\u015f\u0131m sitelerinde ba\u015flat\u0131lan kampanyadan s\u00f6z eden Serdar K\u0131z\u0131lkaya, k\u00fct\u00fcphaneye destek veren herkese te\u015fekk\u00fcr etti\u011fini s\u00f6yledi. Gerger Milli E\u011fitim M\u00fcd\u00fcr\u00fc Ne\u015fet Yazar ve Gerger M\u00fcft\u00fcs\u00fc Harun Y\u0131lmaz ise, kitab\u0131n \u00f6neminden bahsederek, destek verenlere te\u015fekk\u00fcr etti. ITI UNESCO D\u00fcnya Tiyatro E\u011fitimi Ba\u015fkan Yard\u0131mc\u0131s\u0131 ve Avrupa K\u00fclt\u00fcr Ba\u015fkentleri B\u00fcy\u00fckel\u00e7isi Emre Erdem, G\u00fcng\u00f6rm\u00fc\u015f k\u00f6y\u00fc gibi uzak diyarlarda bir k\u00f6y\u00fcn, kitap sevgisini d\u00fcnyaya duyurmak suretiyle kazand\u0131klar\u0131 k\u00fct\u00fcphaneden dolay\u0131 eme\u011fi ge\u00e7en herkese te\u015fekk\u00fcr etti. Daha sonra k\u00fct\u00fcphanenin a\u00e7\u0131l\u0131\u015f\u0131 yap\u0131l\u0131rken, a\u00e7\u0131l\u0131\u015f kurdelesini; Kaymakam \u00d6mer Bilgin, Emre Erdem, Gazeteci-Yazar Naif Karabatak ve ASU TV Genel M\u00fcd\u00fcr\u00fc Erdal Ayna kesti.<\/p>\n<p>Kaynak: http:\/\/www.gazeteelruha.com<\/p>\n","protected":false},"excerpt":{"rendered":"<p>G\u00fcng\u00f6rm\u00fc\u015fl\u00fcler Derne\u011fi (G\u00fcn-Der) K\u00f6y Temsilcisi ve Ad\u0131yaman K\u00fclt\u00fcr ve Yard\u0131mla\u015fma Derne\u011fi (Akyad) Gerger \u0130l\u00e7e Temsilcisi Serdar K\u0131z\u0131lkaya&#8217;n\u0131n sosyal payla\u015f\u0131m sitesi \u00fczerinden ba\u015flatt\u0131\u011f\u0131 kampanya, k\u00f6ye hem k\u00fct\u00fcphane, hem de kitap kazand\u0131rd\u0131. K\u00fct\u00fcphanenin a\u00e7\u0131l\u0131\u015f t\u00f6renine; Gerger Kaymakam\u0131 \u00d6mer Bilgin, ITI UNESCO D\u00fcnya Tiyatro E\u011fitimi Ba\u015fkan Yard\u0131mc\u0131s\u0131 ve Avrupa K\u00fclt\u00fcr Ba\u015fkentleri B\u00fcy\u00fckel\u00e7isi Emre Erdem, Gerger \u0130l\u00e7e Milli E\u011fitim [&hellip;]<\/p>\n","protected":false},"author":1,"featured_media":0,"comment_status":"open","ping_status":"open","sticky":false,"template":"","format":"standard","meta":{"footnotes":""},"categories":[1,1498],"tags":[],"class_list":["post-8565","post","type-post","status-publish","format-standard","hentry","category-genel","category-koy-kutuphaneleri"],"_links":{"self":[{"href":"https:\/\/www.bbyhaber.com\/bby\/wp-json\/wp\/v2\/posts\/8565"}],"collection":[{"href":"https:\/\/www.bbyhaber.com\/bby\/wp-json\/wp\/v2\/posts"}],"about":[{"href":"https:\/\/www.bbyhaber.com\/bby\/wp-json\/wp\/v2\/types\/post"}],"author":[{"embeddable":true,"href":"https:\/\/www.bbyhaber.com\/bby\/wp-json\/wp\/v2\/users\/1"}],"replies":[{"embeddable":true,"href":"https:\/\/www.bbyhaber.com\/bby\/wp-json\/wp\/v2\/comments?post=8565"}],"version-history":[{"count":0,"href":"https:\/\/www.bbyhaber.com\/bby\/wp-json\/wp\/v2\/posts\/8565\/revisions"}],"wp:attachment":[{"href":"https:\/\/www.bbyhaber.com\/bby\/wp-json\/wp\/v2\/media?parent=8565"}],"wp:term":[{"taxonomy":"category","embeddable":true,"href":"https:\/\/www.bbyhaber.com\/bby\/wp-json\/wp\/v2\/categories?post=8565"},{"taxonomy":"post_tag","embeddable":true,"href":"https:\/\/www.bbyhaber.com\/bby\/wp-json\/wp\/v2\/tags?post=8565"}],"curies":[{"name":"wp","href":"https:\/\/api.w.org\/{rel}","templated":true}]}}