{"id":8561,"date":"2012-12-25T23:54:32","date_gmt":"2012-12-25T21:54:32","guid":{"rendered":"http:\/\/www.bbyhaber.com\/bby\/?p=8561"},"modified":"2012-12-25T23:54:32","modified_gmt":"2012-12-25T21:54:32","slug":"bahar-koleji-her-eve-bir-kutuphane-kuruyor","status":"publish","type":"post","link":"https:\/\/www.bbyhaber.com\/bby\/2012\/12\/25\/bahar-koleji-her-eve-bir-kutuphane-kuruyor","title":{"rendered":"Bahar Koleji her eve bir k\u00fct\u00fcphane kuruyor"},"content":{"rendered":"<p style=\"text-align: justify;\">Mersin\u2019in Tarsus il\u00e7esinde ba\u015far\u0131lar\u0131 kadar sosyal alanda da ad\u0131ndan s\u0131k\u00e7a s\u00f6z ettiren \u00d6zel Y\u0131ld\u0131r\u0131mhan Bahar Koleji, \u201c Kitab\u0131m\u0131 okuyorum, K\u00fct\u00fcphanemi Kuruyorum\u201d projesi ba\u015flatt\u0131. Proje kapsam\u0131nda her \u00f6\u011frencinin d\u00fczenli kitap okuyarak evinde k\u00fct\u00fcphanesini olu\u015fturmas\u0131 hedefleniyor. Ayr\u0131ca okul okudu\u011fu kitab\u0131 en iyi anlayan ve kitap yar\u0131\u015fmas\u0131nda derece alan \u00f6\u011frencilerine de hediye veriyor.<!--more--><\/p>\n<p style=\"text-align: justify;\">\u00d6\u011frencileri kitap okumaya te\u015fvik etmek amac\u0131yla sene ba\u015f\u0131ndan bu tarafa okul taraf\u0131ndan belirlenen kitaplar\u0131 d\u00fczenli okunmas\u0131n\u0131 sa\u011flayan \u00d6zel Bahar Koleji\u2019nde, her kitab\u0131n bitirme tarihinde de \u201cKitap Yar\u0131\u015fmas\u0131\u201d d\u00fczenlenerek en iyi anlayan \u00f6\u011frencilere \u00e7e\u015fitli hediyeler veriliyor. Okumay\u0131 \u00e7ok sevdi\u011fini belirten 8. s\u0131n\u0131f \u00f6\u011frencilerinden M\u00fcr\u00fcvvet \u00c7al\u0131\u015fkan &#8220;Okulumuzun b\u00f6yle bir imkan sunmas\u0131 bizi \u00e7ok sevindirdi. Yar\u0131\u015fmalar bizim kitap okuma iste\u011fimizi daha \u00e7ok art\u0131r\u0131yor. Hem de evimizde k\u00fct\u00fcphanemi daha da b\u00fcy\u00fctme imkan\u0131 buluyorum&#8221; dedi.<\/p>\n<p style=\"text-align: justify;\">6. s\u0131n\u0131f \u00f6\u011frencilerinden Ahmet Selim Erdo\u011fan\u2019da, kumbaras\u0131nda biriktirdi\u011fi paralarla kitap alma imkan\u0131 bulan \u00f6\u011frencilerden. Kitap stantlar\u0131nda \u00e7ok \u00e7e\u015fitli kitaplar bulundu\u011funu dile getiren Ahmet Selim, &#8220;Biriktirdi\u011fim paralarla diledi\u011fim kitaplar\u0131 ald\u0131m.&#8221; diye konu\u015ftu. Okul M\u00fcd\u00fcr\u00fc Ali Erdo\u011fan, \u00f6\u011frencilerin okuduklar\u0131 her kitab\u0131 anne ve babalar\u0131yla payla\u015ft\u0131klar\u0131n\u0131 ifade etti. Okul olarak ak\u015fam evde ebeveynlerle birlikte kitap okuma saati d\u00fczenlediklerini belirten Erdo\u011fan, &#8220;T\u00fcm \u00f6\u011frencileri kitap okumaya te\u015fvik etmek amac\u0131yla bu projeyi ba\u015flatt\u0131k. \u00d6\u011frencilerimize d\u00fczenli olarak okuttu\u011fumuz kitaplar\u0131n yar\u0131\u015fmalarla takibini de yap\u0131yoruz. Kitaplar da \u00f6\u011frencilerimizin evdeki k\u00fct\u00fcphanesine konuluyor.B\u00f6ylece hem \u00f6\u011frenciler kitab\u0131 daha \u00e7ok anlayarak okumaya y\u00f6neliyor, hem de evde kendi k\u00fct\u00fcphanesini olu\u015fturuyor. Amac\u0131m\u0131z her \u00f6\u011frencilerimizin evinde bir k\u00fct\u00fcphane olu\u015fturmak.&#8221; dedi. Erdo\u011fan ayr\u0131ca \u015funlar\u0131 ifade etti: &#8220;\u00d6\u011frencilerimize gen\u00e7 ya\u015flarda kitap okuma al\u0131\u015fkanl\u0131\u011f\u0131n\u0131 kazand\u0131rarak toplumumuza k\u00fclt\u00fcrl\u00fc, donan\u0131ml\u0131 birer birey yeti\u015ftirmeyi hedefliyoruz. Biz \u00f6\u011fretmenler olarak haftada bir kitap bitirerek \u00f6\u011frencilerimize \u00f6rnek oluyoruz. \u00d6\u011frencilerimizde ailelerine \u00f6rnek olarak bu etkinli\u011fi kitap okuma \u015f\u00f6lenine d\u00f6n\u00fc\u015ft\u00fcr\u00fcyor&#8221; dedi.<\/p>\n<p style=\"text-align: justify;\">Kaynak : http:\/\/www.haber3.com\/<\/p>\n","protected":false},"excerpt":{"rendered":"<p>Mersin\u2019in Tarsus il\u00e7esinde ba\u015far\u0131lar\u0131 kadar sosyal alanda da ad\u0131ndan s\u0131k\u00e7a s\u00f6z ettiren \u00d6zel Y\u0131ld\u0131r\u0131mhan Bahar Koleji, \u201c Kitab\u0131m\u0131 okuyorum, K\u00fct\u00fcphanemi Kuruyorum\u201d projesi ba\u015flatt\u0131. Proje kapsam\u0131nda her \u00f6\u011frencinin d\u00fczenli kitap okuyarak evinde k\u00fct\u00fcphanesini olu\u015fturmas\u0131 hedefleniyor. Ayr\u0131ca okul okudu\u011fu kitab\u0131 en iyi anlayan ve kitap yar\u0131\u015fmas\u0131nda derece alan \u00f6\u011frencilerine de hediye veriyor.<\/p>\n","protected":false},"author":1,"featured_media":0,"comment_status":"open","ping_status":"open","sticky":false,"template":"","format":"standard","meta":{"footnotes":""},"categories":[1],"tags":[341],"class_list":["post-8561","post","type-post","status-publish","format-standard","hentry","category-genel","tag-evlere-kitap-kampanyasi"],"_links":{"self":[{"href":"https:\/\/www.bbyhaber.com\/bby\/wp-json\/wp\/v2\/posts\/8561"}],"collection":[{"href":"https:\/\/www.bbyhaber.com\/bby\/wp-json\/wp\/v2\/posts"}],"about":[{"href":"https:\/\/www.bbyhaber.com\/bby\/wp-json\/wp\/v2\/types\/post"}],"author":[{"embeddable":true,"href":"https:\/\/www.bbyhaber.com\/bby\/wp-json\/wp\/v2\/users\/1"}],"replies":[{"embeddable":true,"href":"https:\/\/www.bbyhaber.com\/bby\/wp-json\/wp\/v2\/comments?post=8561"}],"version-history":[{"count":0,"href":"https:\/\/www.bbyhaber.com\/bby\/wp-json\/wp\/v2\/posts\/8561\/revisions"}],"wp:attachment":[{"href":"https:\/\/www.bbyhaber.com\/bby\/wp-json\/wp\/v2\/media?parent=8561"}],"wp:term":[{"taxonomy":"category","embeddable":true,"href":"https:\/\/www.bbyhaber.com\/bby\/wp-json\/wp\/v2\/categories?post=8561"},{"taxonomy":"post_tag","embeddable":true,"href":"https:\/\/www.bbyhaber.com\/bby\/wp-json\/wp\/v2\/tags?post=8561"}],"curies":[{"name":"wp","href":"https:\/\/api.w.org\/{rel}","templated":true}]}}