{"id":851,"date":"2011-11-16T09:00:05","date_gmt":"2011-11-16T09:00:05","guid":{"rendered":"http:\/\/www.bbyhaber.com\/bby\/?p=851"},"modified":"2011-12-26T07:32:01","modified_gmt":"2011-12-26T07:32:01","slug":"liseliden-okuma-eylemi-ankara","status":"publish","type":"post","link":"https:\/\/www.bbyhaber.com\/bby\/2011\/11\/16\/liseliden-okuma-eylemi-ankara","title":{"rendered":"Liseliden okuma eylemi-Ankara"},"content":{"rendered":"<p style=\"text-align: justify;\">Kendilerine Liseli Gen\u00e7 Umut ad\u0131n\u0131 veren liseli bir grup \u00f6\u011frenci K\u0131z\u0131lay Konur sokakta kitap okuma eylemi yapt\u0131.\u201cBilgisayar ba\u015f\u0131nda iki b\u00fckl\u00fcm e-book okumuyoruz\u201d diyen gen\u00e7ler, \u201cDokundu\u011fumuz, kokusunu ald\u0131\u011f\u0131m\u0131z ve payla\u015fabildi\u011fimiz kitaplar\u0131 okuyoruz\u201d s\u00f6zleriyle eylemi s\u00fcrd\u00fcrd\u00fc.<br \/>\nGrup ad\u0131na konu\u015fma yapan Gizem Kartalkaya; \u201cOkuduk\u00e7a daha geli\u015fkin d\u00fc\u015f\u00fcn\u00fcr\u00fcz ve d\u00fc\u015f\u00fcnd\u00fcklerimizi daha etkili ifade ederiz. Okumak insan\u0131 erdemli k\u0131lar. Gelin birlikte okuyal\u0131m, okuduklar\u0131m\u0131z\u0131 payla\u015fal\u0131m. Herkes okuyabilsin diye okudu\u011fumuz kitaplardan k\u00fct\u00fcphane yapmak istiyoruz. Siz de kitap ba\u011f\u0131\u015f\u0131nda bulunarak bu \u00e7abam\u0131za ortak olun\u201d dedi.<\/p>\n<p>Kaynak: http:\/\/www.hurriyet.com.tr\/<\/p>\n","protected":false},"excerpt":{"rendered":"<p>Kendilerine Liseli Gen\u00e7 Umut ad\u0131n\u0131 veren liseli bir grup \u00f6\u011frenci K\u0131z\u0131lay Konur sokakta kitap okuma eylemi yapt\u0131.\u201cBilgisayar ba\u015f\u0131nda iki b\u00fckl\u00fcm e-book okumuyoruz\u201d diyen gen\u00e7ler, \u201cDokundu\u011fumuz, kokusunu ald\u0131\u011f\u0131m\u0131z ve payla\u015fabildi\u011fimiz kitaplar\u0131 okuyoruz\u201d s\u00f6zleriyle eylemi s\u00fcrd\u00fcrd\u00fc. Grup ad\u0131na konu\u015fma yapan Gizem Kartalkaya; \u201cOkuduk\u00e7a daha geli\u015fkin d\u00fc\u015f\u00fcn\u00fcr\u00fcz ve d\u00fc\u015f\u00fcnd\u00fcklerimizi daha etkili ifade ederiz. Okumak insan\u0131 erdemli k\u0131lar. Gelin [&hellip;]<\/p>\n","protected":false},"author":1,"featured_media":0,"comment_status":"open","ping_status":"open","sticky":false,"template":"","format":"standard","meta":{"footnotes":""},"categories":[1],"tags":[78,223],"class_list":["post-851","post","type-post","status-publish","format-standard","hentry","category-genel","tag-okuma-eylemi","tag-liseli-genc-umut"],"_links":{"self":[{"href":"https:\/\/www.bbyhaber.com\/bby\/wp-json\/wp\/v2\/posts\/851"}],"collection":[{"href":"https:\/\/www.bbyhaber.com\/bby\/wp-json\/wp\/v2\/posts"}],"about":[{"href":"https:\/\/www.bbyhaber.com\/bby\/wp-json\/wp\/v2\/types\/post"}],"author":[{"embeddable":true,"href":"https:\/\/www.bbyhaber.com\/bby\/wp-json\/wp\/v2\/users\/1"}],"replies":[{"embeddable":true,"href":"https:\/\/www.bbyhaber.com\/bby\/wp-json\/wp\/v2\/comments?post=851"}],"version-history":[{"count":0,"href":"https:\/\/www.bbyhaber.com\/bby\/wp-json\/wp\/v2\/posts\/851\/revisions"}],"wp:attachment":[{"href":"https:\/\/www.bbyhaber.com\/bby\/wp-json\/wp\/v2\/media?parent=851"}],"wp:term":[{"taxonomy":"category","embeddable":true,"href":"https:\/\/www.bbyhaber.com\/bby\/wp-json\/wp\/v2\/categories?post=851"},{"taxonomy":"post_tag","embeddable":true,"href":"https:\/\/www.bbyhaber.com\/bby\/wp-json\/wp\/v2\/tags?post=851"}],"curies":[{"name":"wp","href":"https:\/\/api.w.org\/{rel}","templated":true}]}}