{"id":8508,"date":"2012-12-24T10:35:12","date_gmt":"2012-12-24T08:35:12","guid":{"rendered":"http:\/\/www.bbyhaber.com\/bby\/?p=8508"},"modified":"2013-11-27T17:27:32","modified_gmt":"2013-11-27T15:27:32","slug":"turk-kutuphaneciligi-dergisinin-facebook-sayfasi","status":"publish","type":"post","link":"https:\/\/www.bbyhaber.com\/bby\/2012\/12\/24\/turk-kutuphaneciligi-dergisinin-facebook-sayfasi","title":{"rendered":"T\u00fcrk K\u00fct\u00fcphanecili\u011fi Dergisi\u2019nin Facebook Sayfas\u0131"},"content":{"rendered":"<p style=\"text-align: justify;\"><a href=\"http:\/\/www.bbyhaber.com\/bby\/wp-content\/uploads\/bby-dernek-logolar\/turk-kutuphaneciligi-dergi-kapagi.jpg\"><img loading=\"lazy\" decoding=\"async\" class=\"alignleft size-thumbnail wp-image-5238\" title=\"turk-kutuphaneciligi-dergi-kapagi\" src=\"http:\/\/www.bbyhaber.com\/bby\/wp-content\/uploads\/bby-dernek-logolar\/turk-kutuphaneciligi-dergi-kapagi.jpg\" alt=\"\" width=\"150\" height=\"107\" \/><\/a>T\u00fcrk K\u00fct\u00fcphanecili\u011fi Dergisi Facebook Sayfas\u0131 |\u00dclkemizin ve d\u00fcnyan\u0131n en uzun soluklu mesleki ve bilimsel ileti\u015fim dergilerinden olan <em>T\u00fcrk K\u00fct\u00fcphanecili\u011fi<\/em> dergisi yay\u0131n hayat\u0131na ba\u015flad\u0131\u011f\u0131 1952 y\u0131l\u0131nda <em>T\u00fcrk K\u00fct\u00fcphaneciler Derne\u011fi B\u00fclteni (TKDB)<\/em> ad\u0131yla, o y\u0131llar\u0131n sivil toplum \u00f6rg\u00fct\u00fc anlay\u0131\u015f\u0131na g\u00f6re olduk\u00e7a etkin bir mesleki haberle\u015fme kayna\u011f\u0131 olma g\u00f6revini uzun y\u0131llar y\u00fcr\u00fctm\u00fc\u015ft\u00fcr. <!--more-->1952\u2019den 90\u2019l\u0131 y\u0131llar\u0131n ba\u015flar\u0131na kadar g\u00fc\u00e7l\u00fc ve yayg\u0131n bir mesleki ileti\u015fim arac\u0131 olarak dergimiz bilimsel makalelerin yer ald\u0131\u011f\u0131 tek ulusal meslek dergisi olma g\u00f6revini de y\u00fcr\u00fctt\u00fc.<\/p>\n<p style=\"text-align: justify;\">Dergimiz 1987 y\u0131l\u0131nda bug\u00fcnk\u00fc ismini alarak \u00f6nemli bir de\u011fi\u015fim s\u00fcrecine girdi ve mesleki kimli\u011finin yan\u0131 s\u0131ra bilimsel boyutu ivme kazand\u0131 ve akademik bir kimli\u011fe de kavu\u015ftu. Dergi i\u00e7eri\u011finin g\u00fcn\u00fcm\u00fczde ulusal ve uluslararas\u0131 d\u00fczeyde temel veritabanlar\u0131nda dizinlenmeye ba\u015flamas\u0131 ku\u015fkusuz bunun en \u00f6nemli kan\u0131tlar\u0131ndand\u0131r. Bu ba\u011flamda dergimizin 60. Yay\u0131n Y\u0131l\u0131n\u0131 kutlad\u0131\u011f\u0131m\u0131z 2012\u2019de geldi\u011fimiz nokta; <em>dergimizin Yazar, Yay\u0131n Kurulu ve Yay\u0131n De\u011ferlendirme Kurulu \u00fc\u00e7lemesi aras\u0131nda h\u0131zl\u0131 ve g\u00fcvenilir bilimsel ileti\u015fimin sa\u011fland\u0131\u011f\u0131 ve bu ileti\u015fimin temel unsurunun da bilimsel y\u00f6ntem kurallar\u0131 do\u011frultusunda karar vererek yay\u0131n eti\u011fine sayg\u0131 duymak<\/em> olmu\u015ftur. Dergimizin 60. Y\u0131l Yay\u0131n Y\u0131l\u0131 kapsam\u0131ndaki genel bilgiler ve program i\u00e7in <a href=\"http:\/\/tk60yil.kutuphaneci.org.tr\/\" rel=\"nofollow\" target=\"_blank\">http:\/\/tk60yil.kutuphaneci.org.tr\/<\/a> ba\u011flant\u0131s\u0131n\u0131 inceleyebilirsiniz.<\/p>\n<p style=\"text-align: justify;\">Genel olarak T\u00fcrkiye\u2019de sivil toplum \u00f6rg\u00fct\u00fc olman\u0131n zorluklar\u0131 ve \u00f6zel olarak T\u00fcrk K\u00fct\u00fcphaneciler Derne\u011fi\u2019nin uzun y\u0131llar mesle\u011fi tek ba\u015f\u0131na temsil etmesi ve ayr\u0131ca T\u00fcrkiye\u2019de yay\u0131nc\u0131l\u0131\u011fa ili\u015fkin sorunlar nedeniyle ya\u015fanan farkl\u0131 d\u00fczeydeki s\u0131k\u0131nt\u0131lara ra\u011fmen gelinen noktada, toplam 240 say\u0131s\u0131, 2.354 makalesi ve yakla\u015f\u0131k 25.000 sayfas\u0131 ile 60 y\u0131l\u0131n\u0131 eksiksiz ve soluksuz olarak geride b\u0131rakan <em>T\u00fcrk K\u00fct\u00fcphanecili\u011fi<\/em> dergisi ad\u0131na gururluyuz, mutluyuz.<\/p>\n<p style=\"text-align: justify;\">Ho\u015fgeldiniz yaz\u0131m\u0131z\u0131 dikkatinize sunmak istedi\u011fimiz baz\u0131 kullan\u0131m g\u00f6stergeleri ile sonlad\u0131rmak istiyoruz. A\u011fustos 2010\u2019da a\u00e7\u0131lan a\u00e7\u0131k ar\u015fiv sistemine kay\u0131tl\u0131 1.160 kullan\u0131c\u0131s\u0131 ve Aral\u0131k 2012 itibariyle yakla\u015f\u0131k 600.000 makalenin indirildi\u011fi dergimizin \u00fccretli abone say\u0131s\u0131 301 tanesi K\u00fct\u00fcphaneler ve Yay\u0131mlar Genel M\u00fcd\u00fcrl\u00fc\u011f\u00fc olmak \u00fczere toplam 336 kurumsal ve 5 tane de bireysel abonelik olmak \u00fczere toplam 341\u2019dir.<\/p>\n<p style=\"text-align: justify;\">De\u011ferli meslekta\u015flar\u0131m\u0131z, sosyal medyan\u0131n en g\u00fc\u00e7l\u00fc organlar\u0131ndan olan <a href=\"http:\/\/www.facebook.com\/turkkutuphaneciligi\" target=\"_blank\">Facebook sayesinde dergimiz<\/a>e farkl\u0131 bir bak\u0131\u015f a\u00e7\u0131s\u0131 ve ivme kazand\u0131raca\u011f\u0131n\u0131z inanc\u0131yla Yay\u0131n Kurulunu olu\u015fturan arkada\u015flar\u0131m; Rahmi Akk\u0131l\u0131k, Dr. S\u00fcreyya \u00c7ank\u0131r\u0131, G\u00fcleda D\u00fczyol, Do\u011fan, \u015eenol Karadeniz ve Ziya Kutluo\u011flu ile birlikte hepinize sayg\u0131 ve sevgilerimizi sunuyoruz.<\/p>\n<p style=\"text-align: justify;\"><strong><em>T\u00fcrk K\u00fct\u00fcphanecili\u011fi<\/em><\/strong><strong> Yay\u0131n Kurulu ad\u0131na<\/strong><\/p>\n<p style=\"text-align: justify;\"><strong>Dr. M. Tayfun G\u00dcLLE <\/strong><\/p>\n<p style=\"text-align: justify;\"><strong>Editor<\/strong><\/p>\n<p style=\"text-align: justify;\"><strong><a href=\"http:\/\/tk.kutuphaneci.org.tr\/\" rel=\"nofollow\" target=\"_blank\">http:\/\/tk.kutuphaneci.org.tr\/<\/a><\/strong><\/p>\n","protected":false},"excerpt":{"rendered":"<p>T\u00fcrk K\u00fct\u00fcphanecili\u011fi Dergisi Facebook Sayfas\u0131 |\u00dclkemizin ve d\u00fcnyan\u0131n en uzun soluklu mesleki ve bilimsel ileti\u015fim dergilerinden olan T\u00fcrk K\u00fct\u00fcphanecili\u011fi dergisi yay\u0131n hayat\u0131na ba\u015flad\u0131\u011f\u0131 1952 y\u0131l\u0131nda T\u00fcrk K\u00fct\u00fcphaneciler Derne\u011fi B\u00fclteni (TKDB) ad\u0131yla, o y\u0131llar\u0131n sivil toplum \u00f6rg\u00fct\u00fc anlay\u0131\u015f\u0131na g\u00f6re olduk\u00e7a etkin bir mesleki haberle\u015fme kayna\u011f\u0131 olma g\u00f6revini uzun y\u0131llar y\u00fcr\u00fctm\u00fc\u015ft\u00fcr.<\/p>\n","protected":false},"author":1,"featured_media":0,"comment_status":"open","ping_status":"open","sticky":false,"template":"","format":"standard","meta":{"footnotes":""},"categories":[],"tags":[428,1416],"class_list":["post-8508","post","type-post","status-publish","format-standard","hentry","tag-m-tayfun-gulle","tag-turk-kutuphaneciligi"],"_links":{"self":[{"href":"https:\/\/www.bbyhaber.com\/bby\/wp-json\/wp\/v2\/posts\/8508"}],"collection":[{"href":"https:\/\/www.bbyhaber.com\/bby\/wp-json\/wp\/v2\/posts"}],"about":[{"href":"https:\/\/www.bbyhaber.com\/bby\/wp-json\/wp\/v2\/types\/post"}],"author":[{"embeddable":true,"href":"https:\/\/www.bbyhaber.com\/bby\/wp-json\/wp\/v2\/users\/1"}],"replies":[{"embeddable":true,"href":"https:\/\/www.bbyhaber.com\/bby\/wp-json\/wp\/v2\/comments?post=8508"}],"version-history":[{"count":0,"href":"https:\/\/www.bbyhaber.com\/bby\/wp-json\/wp\/v2\/posts\/8508\/revisions"}],"wp:attachment":[{"href":"https:\/\/www.bbyhaber.com\/bby\/wp-json\/wp\/v2\/media?parent=8508"}],"wp:term":[{"taxonomy":"category","embeddable":true,"href":"https:\/\/www.bbyhaber.com\/bby\/wp-json\/wp\/v2\/categories?post=8508"},{"taxonomy":"post_tag","embeddable":true,"href":"https:\/\/www.bbyhaber.com\/bby\/wp-json\/wp\/v2\/tags?post=8508"}],"curies":[{"name":"wp","href":"https:\/\/api.w.org\/{rel}","templated":true}]}}