{"id":8506,"date":"2012-12-22T00:39:45","date_gmt":"2012-12-21T22:39:45","guid":{"rendered":"http:\/\/www.bbyhaber.com\/bby\/?p=8506"},"modified":"2012-12-22T00:39:45","modified_gmt":"2012-12-21T22:39:45","slug":"her-kitap-bir-isik-her-isik-aydinlik-yoludur-slogani-ile-yeni-bir-kutuphane-bodrum","status":"publish","type":"post","link":"https:\/\/www.bbyhaber.com\/bby\/2012\/12\/22\/her-kitap-bir-isik-her-isik-aydinlik-yoludur-slogani-ile-yeni-bir-kutuphane-bodrum","title":{"rendered":"&#8220;Her Kitap Bir I\u015f\u0131k, Her I\u015f\u0131k Ayd\u0131nl\u0131k Yoludur&#8221; slogan\u0131 ile yeni bir k\u00fct\u00fcphane-Bodrum"},"content":{"rendered":"<p style=\"text-align: justify;\"><img loading=\"lazy\" decoding=\"async\" class=\"alignleft\" src=\"http:\/\/yarimada.net\/wp-content\/uploads\/2012\/12\/20122012-5-300x169.jpg\" alt=\"\" width=\"300\" height=\"169\" \/>TED Bodrum Koleji \u00f6\u011frencileri ile Ortakent Dr. H\u00fcseyin M\u00fcmtaz Ataman \u0130lkokulu \u00f6\u011frencileri el ele vererek, yeni bir k\u00fct\u00fcphane yaratt\u0131lar. 26-30 Kas\u0131m D\u00fcnya \u00c7ocuk Kitaplar\u0131 Haftas\u0131\u2019nda; TED Bodrum Koleji Okul Aile Birli\u011fi bir sosyal sorumluluk projesi olarak \u201cHer Kitap Bir I\u015f\u0131k. Her I\u015f\u0131k Ayd\u0131nl\u0131k Yoludur\u201d slogan\u0131 ile kitap ba\u011f\u0131\u015f\u0131 kampanyas\u0131 ba\u015flatm\u0131\u015ft\u0131r. Ba\u015flat\u0131lan bu sosyal sorumluluk kampanyas\u0131na TED Bodrum Koleji \u00f6\u011frencileri ve velileri b\u00fcy\u00fck ilgi g\u00f6stermi\u015f, bu ilgi sebebiyle ba\u011f\u0131\u015f kampanyas\u0131 tarihi uzat\u0131lm\u0131\u015ft\u0131r.<!--more--><\/p>\n<p style=\"text-align: justify;\">TED Bodrum Koleji Okul Aile Birli\u011fi\u2019nin organize etti\u011fi kampanya sonucunda toplanan 785 kitap ve 16 CD, 18 Aral\u0131k 2012 Sal\u0131 g\u00fcn\u00fc TED Bodrum Koleji \u00d6\u011frenci Birli\u011fi, Okul Aile Birli\u011fi ve \u00f6\u011fretmenler taraf\u0131ndan Ortakent Dr. H\u00fcseyin M\u00fcmtaz Ataman \u0130lk\u00f6\u011fretim Okulu\u2019na g\u00f6t\u00fcr\u00fclm\u00fc\u015ft\u00fcr. Toplanan kitap ve CD materyalleri d\u00fczenlenerek, iki okulun \u00f6\u011frencileri taraf\u0131ndan Dr. H\u00fcseyin M\u00fcmtaz Ataman \u0130lkokulu b\u00fcnyesinde yepyeni bir k\u00fct\u00fcphane yarat\u0131lm\u0131\u015ft\u0131r.<\/p>\n<p style=\"text-align: justify;\">TED Bodrum Koleji k\u00fct\u00fcphane sorumlusu Sevil Sarp EGE\u2019nin y\u00f6nlendirmeleri ile \u00f6\u011frenciler \u00f6nce etkin ve sa\u011fl\u0131kl\u0131 bir k\u00fct\u00fcphane d\u00fczeni kurmay\u0131 \u00f6\u011frendiler. Sonras\u0131nda ald\u0131klar\u0131 bilgiler \u0131\u015f\u0131\u011f\u0131nda el ele vererek, kitaplar\u0131 belirli bir d\u00fczende raflara yerle\u015ftirdiler.<\/p>\n<p style=\"text-align: justify;\">TED Bodrum Koleji k\u00fct\u00fcphane sorumlusu Sevil Sarp Ege; \u201c Uluslararas\u0131 okul k\u00fct\u00fcphanecili\u011fi\u00a0 uygulamalar\u0131 do\u011frultusunda ba\u011f\u0131\u015f kitaplar\u0131, \u00f6\u011frencilerimizle birlikte,\u00a0 DEWEY Onlu S\u0131n\u0131flama Sistemi\u2019ne g\u00f6re konusal olarak ay\u0131rd\u0131k. Ayr\u0131lan kitaplar\u0131,\u00a0 Okul \u00d6ncesi- T\u00fcrk Edebiyat\u0131- \u00c7eviri Okuma Kitaplar\u0131 \u2013\u0130ngilizce Kitaplar- Matematik- Fen Bilimleri\u00a0 ve Atat\u00fcrk Kitaplar\u0131 olarak raflara yerle\u015ftirdik. Okuma kitaplar\u0131n\u0131 da kendi i\u00e7inde yazarlar\u0131na g\u00f6re bir araya getirdik. B\u00f6ylece \u00f6\u011fretmen ve \u00f6\u011frenci hangi alanda ara\u015ft\u0131rma yapacaksa, o konuya ait kitaplar\u0131 bir arada bulup, yararlanabilecektir.T\u00fcm bu a\u015famalar\u0131 \u00e7ocuklar\u0131m\u0131zla birlikte uygulayarak onlar\u0131n hem toplumsal sorumluluk ve payla\u015f\u0131m duygular\u0131n\u0131n geli\u015fimine katk\u0131 sa\u011flamay\u0131\u00a0 hem de bir k\u00fct\u00fcphanenin olu\u015fum s\u00fcrecine tan\u0131k olmalar\u0131n\u0131 hedefledik.\u201d dedi.<\/p>\n<p style=\"text-align: justify;\">Kampanyan\u0131n hayata ge\u00e7mesini sa\u011flayan TED Bodrum Koleji Okul Aile Birli\u011fi Ba\u015fkan\u0131 Say\u0131n Reyhan \u00d6ZO\u011eUL ise \u201cTED Bodrum Koleji \u00f6\u011frencilerinin katk\u0131lar\u0131 ve ba\u011f\u0131\u015flar\u0131 ile sa\u011flanan kitap ve CD\u2019ler ile Ortakent Dr. H\u00fcseyin M\u00fcmtaz Ataman \u0130lkokulu\u2019nda yepyeni bir k\u00fct\u00fcphane kurmu\u015f olmaktan \u00e7ok mutlu olduklar\u0131n\u0131\u201d dile getirdi ve kampanyaya katk\u0131da bulunan t\u00fcm \u00f6\u011frencilere te\u015fekk\u00fcr etti.<\/p>\n<p style=\"text-align: justify;\">Ortakent Dr. H\u00fcseyin M\u00fcmtaz Ataman \u0130lkokulu M\u00fcd\u00fcr Vekili Ahmet \u00d6Z\u015eEKER\u2019de, \u201cGer\u00e7ekle\u015ftirilen kitap ba\u011f\u0131\u015f\u0131 kampanyas\u0131n\u0131 \u00e7ok yerinde bulduklar\u0131n\u0131 ve ba\u011f\u0131\u015f kampanyas\u0131 sonucunda toplanan kitaplarla okullar\u0131nda olu\u015fturulan k\u00fct\u00fcphanenin Dr. M\u00fcmtaz Ataman \u0130lkokulu \u00f6\u011frencilerine yeni \u00f6\u011frenme f\u0131rsatlar\u0131 yaratt\u0131\u011f\u0131na inand\u0131\u011f\u0131n\u0131 belirtti.\u00a0<\/p>\n<p style=\"text-align: justify;\">Etkinlik Dr. M\u00fcmtaz Ataman \u0130lkokulu \u00f6\u011frencileri ile TED Bodrum Koleji \u00d6\u011frenci Birli\u011fi \u00fcyelerinin beraber \u00e7ektirdikleri hat\u0131ra resmi ile son buldu.<\/p>\n<p style=\"text-align: justify;\">Kaynak: http:\/\/yarimada.net<\/p>\n","protected":false},"excerpt":{"rendered":"<p>TED Bodrum Koleji \u00f6\u011frencileri ile Ortakent Dr. H\u00fcseyin M\u00fcmtaz Ataman \u0130lkokulu \u00f6\u011frencileri el ele vererek, yeni bir k\u00fct\u00fcphane yaratt\u0131lar. 26-30 Kas\u0131m D\u00fcnya \u00c7ocuk Kitaplar\u0131 Haftas\u0131\u2019nda; TED Bodrum Koleji Okul Aile Birli\u011fi bir sosyal sorumluluk projesi olarak \u201cHer Kitap Bir I\u015f\u0131k. Her I\u015f\u0131k Ayd\u0131nl\u0131k Yoludur\u201d slogan\u0131 ile kitap ba\u011f\u0131\u015f\u0131 kampanyas\u0131 ba\u015flatm\u0131\u015ft\u0131r. Ba\u015flat\u0131lan bu sosyal sorumluluk kampanyas\u0131na [&hellip;]<\/p>\n","protected":false},"author":1,"featured_media":0,"comment_status":"open","ping_status":"open","sticky":false,"template":"","format":"standard","meta":{"footnotes":""},"categories":[1],"tags":[845],"class_list":["post-8506","post","type-post","status-publish","format-standard","hentry","category-genel","tag-okul-kutuphaneleri"],"_links":{"self":[{"href":"https:\/\/www.bbyhaber.com\/bby\/wp-json\/wp\/v2\/posts\/8506"}],"collection":[{"href":"https:\/\/www.bbyhaber.com\/bby\/wp-json\/wp\/v2\/posts"}],"about":[{"href":"https:\/\/www.bbyhaber.com\/bby\/wp-json\/wp\/v2\/types\/post"}],"author":[{"embeddable":true,"href":"https:\/\/www.bbyhaber.com\/bby\/wp-json\/wp\/v2\/users\/1"}],"replies":[{"embeddable":true,"href":"https:\/\/www.bbyhaber.com\/bby\/wp-json\/wp\/v2\/comments?post=8506"}],"version-history":[{"count":0,"href":"https:\/\/www.bbyhaber.com\/bby\/wp-json\/wp\/v2\/posts\/8506\/revisions"}],"wp:attachment":[{"href":"https:\/\/www.bbyhaber.com\/bby\/wp-json\/wp\/v2\/media?parent=8506"}],"wp:term":[{"taxonomy":"category","embeddable":true,"href":"https:\/\/www.bbyhaber.com\/bby\/wp-json\/wp\/v2\/categories?post=8506"},{"taxonomy":"post_tag","embeddable":true,"href":"https:\/\/www.bbyhaber.com\/bby\/wp-json\/wp\/v2\/tags?post=8506"}],"curies":[{"name":"wp","href":"https:\/\/api.w.org\/{rel}","templated":true}]}}