{"id":8504,"date":"2012-12-21T23:01:57","date_gmt":"2012-12-21T21:01:57","guid":{"rendered":"http:\/\/www.bbyhaber.com\/bby\/?p=8504"},"modified":"2012-12-21T23:01:57","modified_gmt":"2012-12-21T21:01:57","slug":"izmir-katip-celebi-universitesinde-ebys-ve-e-imza-farkindalik-semineri","status":"publish","type":"post","link":"https:\/\/www.bbyhaber.com\/bby\/2012\/12\/21\/izmir-katip-celebi-universitesinde-ebys-ve-e-imza-farkindalik-semineri","title":{"rendered":"\u0130zmir Katip \u00c7elebi \u00dcniversitesi&#8217;nde EBYS ve e-\u0130mza Fark\u0131ndal\u0131k  Semineri"},"content":{"rendered":"<p style=\"text-align: justify;\"><img loading=\"lazy\" decoding=\"async\" class=\"alignleft\" src=\"http:\/\/www.ikc.edu.tr\/assets\/images\/logo_tr.png\" alt=\"\" width=\"230\" height=\"88\" \/>T\u00fcrkiye ve Orta Do\u011fu Amme \u0130daresi Enstit\u00fcs\u00fc M\u00fcd\u00fcrl\u00fc\u011f\u00fc taraf\u0131ndan \u0130zmir Katip \u00c7elebi \u00dcniversitesi&#8217;nde, \u201cElektronik Belge Y\u00f6netim Sistemi (EBYS)\u201d ve \u201cUygulamal\u0131 E-\u0130mza\u201d ile ilgili 12 Aral\u0131k-24 Aral\u0131k 2012 tarihleri aras\u0131nda Fark\u0131ndal\u0131k E\u011fitimi \u00a0d\u00fczenlenecektir.\u00a0<!--more--><\/p>\n<p>Program detay\u0131:<\/p>\n<div align=\"r\u0131ght\">\n<table style=\"width: 425px; height: 694px;\" width=\"425\" border=\"1\" cellspacing=\"0\" cellpadding=\"0\">\n<tbody>\n<tr>\n<td colspan=\"2\" width=\"30%\">\n<p align=\"center\"><strong>TAR\u0130H<\/strong><\/p>\n<\/td>\n<td width=\"8%\">\n<p align=\"center\"><strong>S\u00dcRE<br \/>\n(Saat)<\/strong><\/p>\n<\/td>\n<td width=\"32%\">\n<p align=\"center\"><strong>KONU<\/strong><\/p>\n<\/td>\n<td width=\"27%\">\n<p align=\"center\"><strong>E\u011e\u0130TMEN<\/strong><\/p>\n<\/td>\n<\/tr>\n<tr>\n<td rowspan=\"2\" width=\"16%\">\n<p align=\"center\"><strong>\u00a0<\/strong><\/p>\n<p align=\"center\"><strong>12<br \/>\nAral\u0131k 2012<\/strong><\/p>\n<p align=\"center\"><strong>\u00c7ar\u015famba<\/strong><\/p>\n<\/td>\n<td width=\"14%\">\n<p align=\"center\"><strong>09:00-13:00<\/strong><\/p>\n<p align=\"center\"><strong>\u00a0<\/strong><\/p>\n<\/td>\n<td width=\"8%\">\n<p align=\"center\"><strong>4<\/strong><\/p>\n<\/td>\n<td rowspan=\"2\" width=\"32%\"><strong>E-Devlet<\/strong><\/p>\n<p><strong>E-\u0130mza ve EBYS<\/strong><\/p>\n<p><strong>E-Yaz\u0131\u015fma ve Birlikte \u00c7al\u0131\u015fabilirlilik<\/strong><\/p>\n<p><strong>\u00a0<\/strong><\/td>\n<td rowspan=\"2\" width=\"27%\"><strong>Prof. Dr. T\u00fcrksel KAYA<br \/>\nBENSGH\u0130R<\/strong><\/p>\n<p><strong>TODA\u0130E<\/strong><\/td>\n<\/tr>\n<tr>\n<td width=\"14%\">\n<p align=\"center\"><strong>14:00\u201318:00<\/strong><\/p>\n<\/td>\n<td width=\"8%\">\n<p align=\"center\"><strong>4<\/strong><\/p>\n<\/td>\n<\/tr>\n<tr>\n<td rowspan=\"2\" width=\"16%\">\n<p align=\"center\"><strong>\u00a0<\/strong><\/p>\n<p align=\"center\"><strong>17<br \/>\nAral\u0131k 2012<\/strong><\/p>\n<p align=\"center\"><strong>Pazartesi<\/strong><\/p>\n<\/td>\n<td width=\"14%\">\n<p align=\"center\"><strong>\u00a0<\/strong><\/p>\n<p align=\"center\"><strong>9:00\u201313:00<\/strong><\/p>\n<p><strong>\u00a0<\/strong><\/td>\n<td width=\"8%\">\n<p align=\"center\"><strong>\u00a0<\/strong><\/p>\n<p align=\"center\"><strong>4<\/strong><\/p>\n<\/td>\n<td width=\"32%\"><strong>E-\u0130mza- Mobil \u0130mza<\/strong><\/td>\n<td width=\"27%\"><strong>Muhammed BOZKURT<\/strong><\/p>\n<p><strong>\u00c7al\u0131\u015fma ve Sosyal G\u00fcvenlik<br \/>\nBakanl\u0131\u011f\u0131 <\/strong><\/td>\n<\/tr>\n<tr>\n<td width=\"14%\">\n<p align=\"center\"><strong>\u00a0<\/strong><\/p>\n<p align=\"center\"><strong>14:00-18:00<\/strong><\/p>\n<\/td>\n<td width=\"8%\">\n<p align=\"center\"><strong>4<\/strong><\/p>\n<\/td>\n<td width=\"32%\"><strong>E-\u0130mza ve EBYS Uygulama<\/strong><\/p>\n<p><strong>\u00a0<\/strong><\/td>\n<td width=\"27%\"><strong>Muhammed BOZKURT<\/strong><\/p>\n<p><strong>\u00c7al\u0131\u015fma ve Sosyal G\u00fcvenlik<br \/>\nBakanl\u0131\u011f\u0131<\/strong><\/td>\n<\/tr>\n<tr>\n<td rowspan=\"2\" width=\"16%\">\n<p align=\"center\"><strong>24<br \/>\nAral\u0131k<\/strong><\/p>\n<p align=\"center\"><strong>2012<\/strong><\/p>\n<p align=\"center\"><strong>Pazartesi<\/strong><\/p>\n<\/td>\n<td width=\"14%\">\n<p align=\"center\"><strong>09:00-13:00<\/strong><\/p>\n<\/td>\n<td width=\"8%\">\n<p align=\"center\"><strong>4<\/strong><\/p>\n<\/td>\n<td width=\"32%\"><strong>EBYS Standartlar\u0131 ve Ar\u015fiv Mevzuat\u0131<\/strong><\/td>\n<td width=\"27%\"><strong>Mevl\u00fct KU\u015e<\/strong><\/p>\n<p><strong>Ba\u015fbakanl\u0131k<\/strong><\/p>\n<p><strong>Devlet Ar\u015fivleri Genel M\u00fcd\u00fcrl\u00fc\u011f\u00fc<\/strong><\/p>\n<p><strong>\u00a0<\/strong><\/td>\n<\/tr>\n<tr>\n<td width=\"14%\">\n<p align=\"center\"><strong>14:00-18:00<\/strong><\/p>\n<\/td>\n<td width=\"8%\">\n<p align=\"center\"><strong>4<\/strong><\/p>\n<\/td>\n<td width=\"32%\"><strong>Resmi Yaz\u0131\u015fma ve Usulleri<\/strong><\/td>\n<td width=\"27%\"><strong>Mevl\u00fct KU\u015e<\/strong><\/p>\n<p><strong>Ba\u015fbakanl\u0131k<\/strong><\/p>\n<p><strong>Devlet Ar\u015fivleri Genel M\u00fcd\u00fcrl\u00fc\u011f\u00fc<\/strong><\/p>\n<p><strong>\u00a0<\/strong><\/td>\n<\/tr>\n<\/tbody>\n<\/table>\n<\/div>\n<p><strong>YER: \u0130zmir Katip \u00c7elebi \u00dcniversitesi<\/strong><strong>\u00a0VIP SALONU<\/strong><\/p>\n","protected":false},"excerpt":{"rendered":"<p>T\u00fcrkiye ve Orta Do\u011fu Amme \u0130daresi Enstit\u00fcs\u00fc M\u00fcd\u00fcrl\u00fc\u011f\u00fc taraf\u0131ndan \u0130zmir Katip \u00c7elebi \u00dcniversitesi&#8217;nde, \u201cElektronik Belge Y\u00f6netim Sistemi (EBYS)\u201d ve \u201cUygulamal\u0131 E-\u0130mza\u201d ile ilgili 12 Aral\u0131k-24 Aral\u0131k 2012 tarihleri aras\u0131nda Fark\u0131ndal\u0131k E\u011fitimi \u00a0d\u00fczenlenecektir.\u00a0<\/p>\n","protected":false},"author":1,"featured_media":0,"comment_status":"open","ping_status":"open","sticky":false,"template":"","format":"standard","meta":{"footnotes":""},"categories":[1482,1483,1],"tags":[1412,353],"class_list":["post-8504","post","type-post","status-publish","format-standard","hentry","category-ebys","category-elektronik-belge-yonetim-sistemi","category-genel","tag-belge-yonetimi","tag-e-imza"],"_links":{"self":[{"href":"https:\/\/www.bbyhaber.com\/bby\/wp-json\/wp\/v2\/posts\/8504"}],"collection":[{"href":"https:\/\/www.bbyhaber.com\/bby\/wp-json\/wp\/v2\/posts"}],"about":[{"href":"https:\/\/www.bbyhaber.com\/bby\/wp-json\/wp\/v2\/types\/post"}],"author":[{"embeddable":true,"href":"https:\/\/www.bbyhaber.com\/bby\/wp-json\/wp\/v2\/users\/1"}],"replies":[{"embeddable":true,"href":"https:\/\/www.bbyhaber.com\/bby\/wp-json\/wp\/v2\/comments?post=8504"}],"version-history":[{"count":0,"href":"https:\/\/www.bbyhaber.com\/bby\/wp-json\/wp\/v2\/posts\/8504\/revisions"}],"wp:attachment":[{"href":"https:\/\/www.bbyhaber.com\/bby\/wp-json\/wp\/v2\/media?parent=8504"}],"wp:term":[{"taxonomy":"category","embeddable":true,"href":"https:\/\/www.bbyhaber.com\/bby\/wp-json\/wp\/v2\/categories?post=8504"},{"taxonomy":"post_tag","embeddable":true,"href":"https:\/\/www.bbyhaber.com\/bby\/wp-json\/wp\/v2\/tags?post=8504"}],"curies":[{"name":"wp","href":"https:\/\/api.w.org\/{rel}","templated":true}]}}