{"id":8479,"date":"2012-12-21T09:08:21","date_gmt":"2012-12-21T07:08:21","guid":{"rendered":"http:\/\/www.bbyhaber.com\/bby\/?p=8479"},"modified":"2012-12-21T09:09:51","modified_gmt":"2012-12-21T07:09:51","slug":"kdz-eregli-oren-ilkokulu-kutuphaneye-kavustu-zonguldak","status":"publish","type":"post","link":"https:\/\/www.bbyhaber.com\/bby\/2012\/12\/21\/kdz-eregli-oren-ilkokulu-kutuphaneye-kavustu-zonguldak","title":{"rendered":"KDZ. Ere\u011fli \u00d6ren \u0130lkokulu K\u00fct\u00fcphaneye Kavu\u015ftu-Zonguldak"},"content":{"rendered":"<p style=\"text-align: justify;\">Kdz. Ere\u011fli G\u00fcndem Gazetesi ile Kdz. Ere\u011fli E\u011fitim Fak\u00fcltesi T\u00fcrk\u00e7e B\u00f6l\u00fcm\u00fc \u00f6\u011frencilerinin ortakla\u015fa hayata ge\u00e7irdi\u011fi \u00d6ren \u0130lkokulu K\u00fct\u00fcphanesinin a\u00e7\u0131l\u0131\u015f\u0131 d\u00fczenlenen t\u00f6ren ile ger\u00e7ekle\u015ftirildi. K\u00fct\u00fcphanenin a\u00e7\u0131l\u0131\u015f kurdelesini Ere\u011fli E\u011fitim Fak\u00fcltesi Dekan Yard\u0131mc\u0131s\u0131 Do\u00e7 Dr. Soner Yavuz ile G\u00fcndemi Gazetesi \u0130mtiyaz Sahibi \u00c7etin Eser birlikte kesti.<!--more--><\/p>\n<p style=\"text-align: justify;\">T\u00f6renin a\u00e7\u0131l\u0131\u015f konu\u015fmas\u0131n\u0131 yapan Dekan Yard\u0131mc\u0131s\u0131 Do\u00e7. Dr. Yavuz okullar\u0131n projelere devam etti\u011fini belirterek, topluma hizmet dersi kapsam\u0131nda bug\u00fcn \u00fc\u00e7 farkl\u0131 okulda proje a\u00e7\u0131l\u0131\u015f\u0131 ger\u00e7ekle\u015ftirdiklerini s\u00f6yledi. Bu k\u00fct\u00fcphanenin olu\u015fmas\u0131nda eme\u011fi ge\u00e7enlere te\u015fekk\u00fcr eden Yavuz, okullar\u0131n eksiklerin giderilmesi amac\u0131yla sosyal sorumluluk projelerin aral\u0131ks\u0131z olarak s\u00fcrece\u011fini ifade etti.<\/p>\n<p style=\"text-align: justify;\">G\u00fcndem Gazetesi \u0130mtiyaz Sahibi \u00c7etin Eser ise, okuma al\u0131\u015fkanl\u0131\u011f\u0131n\u0131n art\u0131r\u0131lmas\u0131 amac\u0131yla \u00fczerlerine d\u00fc\u015fen g\u00f6revi lay\u0131k\u0131yla yerine getirmek istediklerini belirterek, Ere\u011fli E\u011fitim Fak\u00fcltesi T\u00fcrk\u00e7e B\u00f6l\u00fcm\u00fc \u00f6\u011frencileri Aysel \u015eener, Filiz K\u00f6rag\u00f6zo\u011flu, Ba\u015fak Ta\u015fdemir, Merve Ulusoy ve Merve \u015eald\u0131rd\u0131k ile G\u00fcndem Gazetesi\u2019nin d\u00fczenledi\u011fi etkinlikte \u00f6rnek proje hayata ge\u00e7irildi. Okullar\u0131 k\u00fct\u00fcphane ile bulu\u015fturmak en b\u00fcy\u00fck hedefimiz. Okumu k\u00fclt\u00fcr\u00fcn\u00fc art\u0131rmaya \u00e7al\u0131\u015f\u0131yoruz. Bu k\u00fct\u00fcphaneden vatanda\u015flar\u0131n ve \u00f6\u011frencilerin faydalanmas\u0131 en b\u00fcy\u00fck dile\u011fimiz\u201d dedi.<\/p>\n<p style=\"text-align: justify;\">A\u00e7\u0131l\u0131\u015f sonras\u0131 k\u00fct\u00fcphaneyi gezen davetliler b\u00fcy\u00fck emeklerle yap\u0131lan k\u00fct\u00fcphaneyi ve i\u00e7ersinde bulunan eserleri \u00e7ok be\u011fendiler. Ard\u0131ndan misafirlere \u00e7e\u015fitli ikramlar yap\u0131larak t\u00f6ren sona erdi.<\/p>\n<p style=\"text-align: justify;\">Kaynak: http:\/\/www.medya73.com<\/p>\n","protected":false},"excerpt":{"rendered":"<p>Kdz. Ere\u011fli G\u00fcndem Gazetesi ile Kdz. Ere\u011fli E\u011fitim Fak\u00fcltesi T\u00fcrk\u00e7e B\u00f6l\u00fcm\u00fc \u00f6\u011frencilerinin ortakla\u015fa hayata ge\u00e7irdi\u011fi \u00d6ren \u0130lkokulu K\u00fct\u00fcphanesinin a\u00e7\u0131l\u0131\u015f\u0131 d\u00fczenlenen t\u00f6ren ile ger\u00e7ekle\u015ftirildi. K\u00fct\u00fcphanenin a\u00e7\u0131l\u0131\u015f kurdelesini Ere\u011fli E\u011fitim Fak\u00fcltesi Dekan Yard\u0131mc\u0131s\u0131 Do\u00e7 Dr. Soner Yavuz ile G\u00fcndemi Gazetesi \u0130mtiyaz Sahibi \u00c7etin Eser birlikte kesti.<\/p>\n","protected":false},"author":1,"featured_media":0,"comment_status":"open","ping_status":"open","sticky":false,"template":"","format":"standard","meta":{"footnotes":""},"categories":[1],"tags":[845],"class_list":["post-8479","post","type-post","status-publish","format-standard","hentry","category-genel","tag-okul-kutuphaneleri"],"_links":{"self":[{"href":"https:\/\/www.bbyhaber.com\/bby\/wp-json\/wp\/v2\/posts\/8479"}],"collection":[{"href":"https:\/\/www.bbyhaber.com\/bby\/wp-json\/wp\/v2\/posts"}],"about":[{"href":"https:\/\/www.bbyhaber.com\/bby\/wp-json\/wp\/v2\/types\/post"}],"author":[{"embeddable":true,"href":"https:\/\/www.bbyhaber.com\/bby\/wp-json\/wp\/v2\/users\/1"}],"replies":[{"embeddable":true,"href":"https:\/\/www.bbyhaber.com\/bby\/wp-json\/wp\/v2\/comments?post=8479"}],"version-history":[{"count":0,"href":"https:\/\/www.bbyhaber.com\/bby\/wp-json\/wp\/v2\/posts\/8479\/revisions"}],"wp:attachment":[{"href":"https:\/\/www.bbyhaber.com\/bby\/wp-json\/wp\/v2\/media?parent=8479"}],"wp:term":[{"taxonomy":"category","embeddable":true,"href":"https:\/\/www.bbyhaber.com\/bby\/wp-json\/wp\/v2\/categories?post=8479"},{"taxonomy":"post_tag","embeddable":true,"href":"https:\/\/www.bbyhaber.com\/bby\/wp-json\/wp\/v2\/tags?post=8479"}],"curies":[{"name":"wp","href":"https:\/\/api.w.org\/{rel}","templated":true}]}}