{"id":8451,"date":"2012-12-20T00:05:16","date_gmt":"2012-12-19T22:05:16","guid":{"rendered":"http:\/\/www.bbyhaber.com\/bby\/?p=8451"},"modified":"2013-01-14T13:40:23","modified_gmt":"2013-01-14T11:40:23","slug":"istanbul-universitesi-nadir-eserler-kutuphanesi-hizmete-aciliyor","status":"publish","type":"post","link":"https:\/\/www.bbyhaber.com\/bby\/2012\/12\/20\/istanbul-universitesi-nadir-eserler-kutuphanesi-hizmete-aciliyor","title":{"rendered":"\u0130stanbul \u00dcniversitesi Nadir Eserler K\u00fct\u00fcphanesi Hizmete A\u00e7\u0131l\u0131yor"},"content":{"rendered":"<p style=\"text-align: justify;\">2010 y\u0131l\u0131ndan bu yana restorasyon \u00e7al\u0131\u015fmalar\u0131 sebebiyle hizmete kapal\u0131 olan \u0130stanbul \u00dcniversitesi K\u00fct\u00fcphane ve Dok\u00fcmantasyon Daire Ba\u015fkanl\u0131\u011f\u0131 Nadir Eserler K\u00fct\u00fcphanesi <strong>24 Aral\u0131k 2012<\/strong> tarihinden itibaren hizmet vermeye ba\u015flayacakt\u0131r. \u0130\u00dc Nadir Eserler K\u00fct\u00fcphanesi, T\u00fcrk toplumunun k\u00fclt\u00fcr ya\u015fam\u0131na \u0131\u015f\u0131k tutacak se\u00e7kin \u00f6rnekleri b\u00fcnyesinde bulundurmaktad\u0131r.<!--more--><\/p>\n<p style=\"text-align: justify;\">K\u00fct\u00fcphane Beyaz\u0131t Meydan\u0131\u2019n\u0131 S\u00fcleymaniye\u2019ye ba\u011flayan Besim \u00d6mer Pa\u015fa caddesi \u00fczerinde bulunmaktad\u0131r. Bina 1912 y\u0131l\u0131nda \u015eeyh\u00fclislam Hayri Efendi\u2019nin emri ile Evkaf Nezaretince Medreset\u2019\u00fcl Kudat (Kad\u0131lar Medresesi) olarak yap\u0131lm\u0131\u015ft\u0131r. Binan\u0131n mimar\u0131 Kemalettin Bey\u2019dir. Bina 3 katl\u0131 olup677 m2\u00a0 kullan\u0131m alan\u0131na sahiptir.<\/p>\n<p style=\"text-align: justify;\"><a href=\"http:\/\/kutuphane.istanbul.edu.tr\/wp-content\/gallery\/nadir\/18.jpg\"><img loading=\"lazy\" decoding=\"async\" class=\"alignnone\" src=\"http:\/\/kutuphane.istanbul.edu.tr\/wp-content\/gallery\/nadir\/18.jpg\" alt=\"\" width=\"150\" height=\"150\" \/><\/a>\u00a0<a href=\"http:\/\/kutuphane.istanbul.edu.tr\/wp-content\/gallery\/nadir\/16.jpg\"><img loading=\"lazy\" decoding=\"async\" class=\"alignnone\" src=\"http:\/\/kutuphane.istanbul.edu.tr\/wp-content\/gallery\/nadir\/16.jpg\" alt=\"\" width=\"150\" height=\"150\" \/><\/a>\u00a0<a href=\"http:\/\/kutuphane.istanbul.edu.tr\/wp-content\/gallery\/nadir\/20.jpg\"><img loading=\"lazy\" decoding=\"async\" class=\"alignnone\" src=\"http:\/\/kutuphane.istanbul.edu.tr\/wp-content\/gallery\/nadir\/20.jpg\" alt=\"\" width=\"150\" height=\"150\" \/><\/a><\/p>\n<p style=\"text-align: justify;\">Cumhuriyet d\u00f6neminde medreselerin kapat\u0131lmas\u0131 \u00fczerine bina \u0130stanbul Dar\u2019\u00fcl F\u00fcnun\u2019una k\u00fct\u00fcphane olarak kullan\u0131lmak \u00fczere tahsis edilmi\u015ftir.<\/p>\n<p style=\"text-align: justify;\">K\u00fct\u00fcphane okuyucuya 1 Aral\u0131k 1924 tarihinde hizmet vermeye ba\u015flam\u0131\u015ft\u0131r. 1933 y\u0131l\u0131nda 2252 say\u0131l\u0131 kanun, Dar\u2019\u00fcl F\u00fcnun\u2019u \u00fcniversiteye d\u00f6n\u00fc\u015ft\u00fcr\u00fcnce k\u00fct\u00fcphanenin ad\u0131 \u0130stanbul \u00dcniversitesi K\u00fct\u00fcphanesi olmu\u015ftur.\u00a0 1982 y\u0131l\u0131nda y\u00fcr\u00fcrl\u00fc\u011fe giren 2547 say\u0131l\u0131 Y\u00fcksek \u00d6\u011fretim Kanunu\u2019yla bu g\u00fcnk\u00fc ad\u0131 olan \u0130.\u00dc. K\u00fct\u00fcphane ve Dok\u00fcmantasyon Daire Ba\u015fkanl\u0131\u011f\u0131 ad\u0131yla hizmet vermektedir.<\/p>\n<p style=\"text-align: justify;\">\u0130\u00dc Nadir Eserler K\u00fct\u00fcphanesi dermesi toplam 52 bin cilt T\u00fcrk\u00e7e, Arap\u00e7a, Fars\u00e7a, Latince ve di\u011fer dillerdeki basma ve yazma kitap, dergi, gazete, harita, plan ve notadan, ayr\u0131ca II. Abd\u00fclhamid koleksiyonu olarak an\u0131lan 911 adet alb\u00fcm ve bunlar\u0131n i\u00e7inde bulunan yakla\u015f\u0131k 36 bin foto\u011fraftan olu\u015fmaktad\u0131r.<\/p>\n<p style=\"text-align: justify;\">1925 y\u0131l\u0131nda Y\u0131ld\u0131z Saray\u0131 K\u00fct\u00fcphanesi koleksiyonunun Mustafa Kemal Atat\u00fcrk\u2019\u00fcn emri ile bu k\u00fct\u00fcphaneye verilmesi, mevcut koleksiyona m\u00fcze de\u011feri ta\u015f\u0131yan bir\u00e7ok eseri de kazand\u0131rm\u0131\u015ft\u0131r.<\/p>\n<p style=\"text-align: justify;\">K\u00fct\u00fcphanenin onur duydu\u011fu \u00f6zelliklerinden biri de Atat\u00fcrk\u2019\u00fcn k\u00fct\u00fcphanenin kitaplar\u0131ndan yararlanm\u0131\u015f olmas\u0131d\u0131r. Mustafa Kemal Atat\u00fcrk\u2019\u00fcn \u0130stanbul\u2019a geli\u015flerinde k\u00fct\u00fcphaneden \u00f6d\u00fcn\u00e7 alarak okudu\u011fu kitaplar \u00f6zel bir dolapta sergilenmektedir. Ayr\u0131ca, Atat\u00fcrk\u2019\u00fcn, \u0130stanbul \u00dcniversitesi Nadir Eserler K\u00fct\u00fcphanesi\u2019nden yararlanarak okudu\u011fu 195 Eserin, dijital ortamda sanal galeri \u00fczerinden ula\u015f\u0131labilirli\u011finin sa\u011flanmas\u0131 \u201c<a href=\"http:\/\/ataturkleokumak.istanbul.edu.tr\/\" target=\"_blank\">Atat\u00fcrk\u2019le Okumak<\/a>\u201dprojesi haz\u0131rlanm\u0131\u015ft\u0131r.<\/p>\n<p style=\"text-align: justify;\">Ayr\u0131ca K\u00fct\u00fcphane, Osmanl\u0131 D\u00f6nemine ait \u00f6nemli koleksiyonlar\u0131 da bar\u0131nd\u0131rmaktad\u0131r. Bu konudaki \u00f6nemli \u00e7al\u0131\u015fmalardan biri olan \u2018Cihan H\u00fck\u00fcmdar\u0131n\u0131 Anma\u2019 projesi kapsam\u0131nda olu\u015fturulan web sitesinde, <a href=\"http:\/\/cihanhukumdari.istanbul.edu.tr\/\" target=\"_blank\">3 boyutlu sanal sergi<\/a> ile \u00f6nemli de\u011ferlerin tarih tutkunlar\u0131 ile bulu\u015fmas\u0131 sa\u011flanm\u0131\u015ft\u0131r.<\/p>\n<p style=\"text-align: justify;\">K\u00fct\u00fcphane koleksiyonu ba\u011f\u0131\u015f ve sat\u0131n alma yoluyla zenginle\u015ftirilmi\u015ftir. Koleksiyon Y\u0131ld\u0131z Saray K\u00fct\u00fcphanesi, Sahip Molla, R\u0131za Pa\u015fa, Halis Efendi, Mollazade \u0130brahim Bey, Hakk\u0131 Pa\u015fa ve Edebiyat Fak\u00fcltesi\u2019nde bulunan yazmalar ile \u0130bn\u2019\u00fcl Emin Mahmut Kemal \u0130nal\u2019\u0131n kitaplar\u0131ndan ve e\u015fyalar\u0131ndan olu\u015fmaktad\u0131r.<\/p>\n<p style=\"text-align: justify;\">Ayr\u0131ca k\u00fct\u00fcphane de kitaba ili\u015fkin yaz\u0131 ara\u00e7 gere\u00e7leri, hatlar, Y\u0131ld\u0131z porselenleri ile \u00e7e\u015fitli m\u00fcze eserleri de sergilenmektedir.<\/p>\n<p style=\"text-align: justify;\">Bug\u00fcn en eski kitaplardan en yeni sistemli dijital taray\u0131c\u0131larla \u00e7ekim yap\u0131larak, ara\u015ft\u0131rmac\u0131lara\u00a0 hizmet verilmektedir.<\/p>\n<p style=\"text-align: justify;\"><strong>Nadir Eserler K\u00fct\u00fcphanesi Koleksiyonu<\/strong><\/p>\n<p style=\"text-align: justify;\">Nadir Eserler K\u00fct\u00fcphanesinde 64427 adet eser bulunmaktad\u0131r;<\/p>\n<p style=\"text-align: justify;\">20037 adet yazma eser<\/p>\n<p style=\"text-align: justify;\">33695 adet matbu eser<\/p>\n<p style=\"text-align: justify;\">1555 adet harita<\/p>\n<p style=\"text-align: justify;\">2290 adet s\u00fcreli yay\u0131n<\/p>\n<p style=\"text-align: justify;\">728 adet gazete<\/p>\n<p style=\"text-align: justify;\">3520 adet Avrupa Nadir eser<\/p>\n<p style=\"text-align: justify;\">640 adet hat<\/p>\n<p style=\"text-align: justify;\">911 adet foto\u011fraf alb\u00fcm\u00fc (36585 adet foto\u011fraf)<\/p>\n<p style=\"text-align: justify;\">693 adet bask\u0131 alb\u00fcm (katalog,\u00e7izim)<\/p>\n<p style=\"text-align: justify;\">358 adet m\u00fczik notas\u0131(Y\u0131ld\u0131z)<\/p>\n<p style=\"text-align: justify;\">2004 y\u0131l\u0131nda K\u00fct\u00fcphaneye gelen Dar\u00fclelhan Koleksiyonu ;<\/p>\n<p style=\"text-align: justify;\">1758 adet kitap (b\u00fcy\u00fck k\u0131sm\u0131 m\u00fckerrer)<\/p>\n<p style=\"text-align: justify;\">32 adet hampar\u015fum ve nota<\/p>\n<p style=\"text-align: justify;\">4295 adet plak<\/p>\n<p style=\"text-align: justify;\">\u0130\u00e7inde yaz\u0131 ve nota bulunan 20 adet klas\u00f6r.<\/p>\n<p style=\"text-align: justify;\"><strong>Nadir Eserler Binas\u0131 2010-2012 Y\u0131l\u0131 Onar\u0131m \u00c7al\u0131\u015fmalar\u0131<\/strong><\/p>\n<p style=\"text-align: justify;\">Restorasyon \u00e7al\u0131\u015fmalar\u0131 ile K\u00fct\u00fcphane binas\u0131 tamamen yenilenmi\u015ftir.\u00a0 Yap\u0131lan bak\u0131m onar\u0131m \u00e7al\u0131\u015fmalar\u0131 kapsam\u0131nda a\u015fa\u011f\u0131da yer alan i\u015fler yap\u0131lm\u0131\u015ft\u0131r;<\/p>\n<p style=\"text-align: justify;\">1- Kitap depolar\u0131 okuma salonu ve personel odalar\u0131na iklimlendirme ve klima sistemi kuruldu.<\/p>\n<p style=\"text-align: justify;\">2-Kalorifer tesisat\u0131 de\u011fi\u015ftirildi<\/p>\n<p style=\"text-align: justify;\">3-Jenerat\u00f6r al\u0131nd\u0131.<\/p>\n<p style=\"text-align: justify;\">4-Yang\u0131n alarm sistemi kuruldu.<\/p>\n<p style=\"text-align: justify;\">5-Kitap depolar\u0131na ve i\u00e7inde \u00f6nemli eserler olan depolar\u0131n camlar\u0131na d\u0131\u015far\u0131dan gelecek tehlikelere kar\u015f\u0131 kepenk yap\u0131ld\u0131.<\/p>\n<p style=\"text-align: justify;\">6- Binan\u0131n\u00a0\u00a0 \u00e7er\u00e7eveleri\u00a0 de\u011fi\u015ftirildi.<\/p>\n<p style=\"text-align: justify;\">7-Yeni \u00a0elektrik tesisat\u0131 yap\u0131ld\u0131; Binada bulunan elektrik kablolar\u0131 \u0131s\u0131ya dayan\u0131kl\u0131 yanmaz kablolarla de\u011fi\u015ftirildi. Ayd\u0131nlatma tesisat\u0131 yenilendi.<\/p>\n<p style=\"text-align: justify;\">8-Verimli \u00e7al\u0131\u015fmayan internet hatlar\u0131\u00a0 yenilendi.<\/p>\n<p style=\"text-align: justify;\">9-G\u00fcvenlik kamera sistemi yenilendi. Koridorlara kamera takt\u0131r\u0131ld\u0131.<\/p>\n<p style=\"text-align: justify;\">10-Binada bulunan ancak yetersiz olan alarm sistemi yenilendi.<\/p>\n<p style=\"text-align: justify;\">11-Okuma salonu ve m\u00fcze yer d\u00f6\u015femesi parke olarak \u00a0yapt\u0131r\u0131ld\u0131.<\/p>\n<p style=\"text-align: justify;\">12-Okuma salonunda bulunan antika mobilyalar restore ettirildi.<\/p>\n<p style=\"text-align: justify;\">13-Okuma\u00a0 salonuna\u00a0 okuyucular i\u00e7in bilgisayar masalar\u0131 yapt\u0131r\u0131ld\u0131.<\/p>\n<p style=\"text-align: justify;\">14-T\u00fcm kullan\u0131c\u0131lar i\u00e7in antik yap\u0131ya uygun vestiyer yapt\u0131r\u0131ld\u0131.<\/p>\n<p style=\"text-align: justify;\">15-Binan\u0131n i\u00e7i ve d\u0131\u015f\u0131 boyand\u0131.\u00a0 Duvarlarda ve tavanlarda bulunan g\u00fc\u00e7lendirme demirleri al\u00e7\u0131panla kapat\u0131ld\u0131.<\/p>\n<p style=\"text-align: justify;\">16-Binan\u0131n sa\u00e7aklar\u0131 temizlenip oluklar\u0131n tamam\u0131 yenilendi.<\/p>\n<p style=\"text-align: justify;\">17-Dijital \u00e7ekim odas\u0131 yap\u0131ld\u0131.<\/p>\n<p style=\"text-align: justify;\">18-Koridorlarda bulunan eksik s\u00fcp\u00fcrgelikler asl\u0131na uygun olarak tamamland\u0131.<\/p>\n<p style=\"text-align: justify;\">19-Binadaki kap\u0131lar\u0131n \u00fczerindeki boyalar s\u00f6k\u00fcl\u00fcp kap\u0131lara cila s\u00fcr\u00fcld\u00fc.<\/p>\n<p style=\"text-align: justify;\">Kaynak:\u00a0http:\/\/kutuphane.istanbul.edu.tr\/<\/p>\n","protected":false},"excerpt":{"rendered":"<p>2010 y\u0131l\u0131ndan bu yana restorasyon \u00e7al\u0131\u015fmalar\u0131 sebebiyle hizmete kapal\u0131 olan \u0130stanbul \u00dcniversitesi K\u00fct\u00fcphane ve Dok\u00fcmantasyon Daire Ba\u015fkanl\u0131\u011f\u0131 Nadir Eserler K\u00fct\u00fcphanesi 24 Aral\u0131k 2012 tarihinden itibaren hizmet vermeye ba\u015flayacakt\u0131r. \u0130\u00dc Nadir Eserler K\u00fct\u00fcphanesi, T\u00fcrk toplumunun k\u00fclt\u00fcr ya\u015fam\u0131na \u0131\u015f\u0131k tutacak se\u00e7kin \u00f6rnekleri b\u00fcnyesinde bulundurmaktad\u0131r.<\/p>\n","protected":false},"author":1,"featured_media":0,"comment_status":"open","ping_status":"open","sticky":false,"template":"","format":"standard","meta":{"footnotes":""},"categories":[1500,1509],"tags":[438,1437,1441],"class_list":["post-8451","post","type-post","status-publish","format-standard","hentry","category-nadir-eserler","category-yazma-eserler","tag-el-yazmalari","tag-univ-arastirma-kutuphaneleri","tag-yazma-eser-kutuphaneleri"],"_links":{"self":[{"href":"https:\/\/www.bbyhaber.com\/bby\/wp-json\/wp\/v2\/posts\/8451"}],"collection":[{"href":"https:\/\/www.bbyhaber.com\/bby\/wp-json\/wp\/v2\/posts"}],"about":[{"href":"https:\/\/www.bbyhaber.com\/bby\/wp-json\/wp\/v2\/types\/post"}],"author":[{"embeddable":true,"href":"https:\/\/www.bbyhaber.com\/bby\/wp-json\/wp\/v2\/users\/1"}],"replies":[{"embeddable":true,"href":"https:\/\/www.bbyhaber.com\/bby\/wp-json\/wp\/v2\/comments?post=8451"}],"version-history":[{"count":0,"href":"https:\/\/www.bbyhaber.com\/bby\/wp-json\/wp\/v2\/posts\/8451\/revisions"}],"wp:attachment":[{"href":"https:\/\/www.bbyhaber.com\/bby\/wp-json\/wp\/v2\/media?parent=8451"}],"wp:term":[{"taxonomy":"category","embeddable":true,"href":"https:\/\/www.bbyhaber.com\/bby\/wp-json\/wp\/v2\/categories?post=8451"},{"taxonomy":"post_tag","embeddable":true,"href":"https:\/\/www.bbyhaber.com\/bby\/wp-json\/wp\/v2\/tags?post=8451"}],"curies":[{"name":"wp","href":"https:\/\/api.w.org\/{rel}","templated":true}]}}