{"id":8442,"date":"2012-12-19T13:50:06","date_gmt":"2012-12-19T11:50:06","guid":{"rendered":"http:\/\/www.bbyhaber.com\/bby\/?p=8442"},"modified":"2012-12-19T13:50:06","modified_gmt":"2012-12-19T11:50:06","slug":"turk-hamami-icinde-kutuphane","status":"publish","type":"post","link":"https:\/\/www.bbyhaber.com\/bby\/2012\/12\/19\/turk-hamami-icinde-kutuphane","title":{"rendered":"T\u00fcrk Hamam\u0131 \u0130\u00e7inde K\u00fct\u00fcphane"},"content":{"rendered":"<p style=\"text-align: justify;\">8\u00bd taraf\u0131ndan tasarlanan k\u00fct\u00fcphane &#8220;Urban Dreams \u00c7a\u011fda\u015f Sanat Festivali&#8221; kapsam\u0131nda T\u00fcrk hamam\u0131 i\u00e7erisine kuruldu. Bir hafta s\u00fcreyle 16. y\u00fczy\u0131la ait, Bulgaristan&#8217;\u0131n Plovdiv kentinde bulunan T\u00fcrk hamam\u0131n\u0131n i\u00e7erisine yerle\u015ftirilmi\u015f Studio 8\u00bd tasar\u0131m\u0131 ah\u015fap k\u00fct\u00fcphane, mimaride eski ve yeninin birbirini tamamlad\u0131\u011f\u0131 ve yeni kullan\u0131mlara olanak veren bir \u00f6rnek olarak ortaya \u00e7\u0131k\u0131yor.<!--more--><\/p>\n<p style=\"text-align: justify;\">Hamam\u0131n merkezine yerle\u015ftirilen k\u00fct\u00fcphane, oturma alan\u0131, kitapl\u0131k ve multimedya noktas\u0131 gibi gerekli ana fonksiyonlar\u0131 bar\u0131nd\u0131r\u0131yor. \u00c7evredeki eski ta\u015f ve tu\u011fla y\u00fczeye kontrast kendi do\u011fal rengiyle b\u0131rak\u0131lan ah\u015fap k\u00fct\u00fcphane, hamam\u0131n ana salonu gibi dairesel bir forma sahip. Spiral \u015feklinde \u00fc\u00e7 boyut kazanan mekan, 13 metre y\u00fcksekli\u011findeki g\u00f6rkemli kubbeye uzan\u0131yormu\u015f hissi yarat\u0131yor. Basit ama iyi tasarlanm\u0131\u015f ayd\u0131nlatma sisteminin binan\u0131n yenilenmi\u015f detaylar\u0131n\u0131 vurgulamas\u0131 ve tesisat\u0131 g\u00f6r\u00fcn\u00fcr hale getirmesi\u00a0hamam ve k\u00fct\u00fcphane aras\u0131nda sofistike bir b\u00fct\u00fcnl\u00fck olu\u015fturuyor.<\/p>\n<p style=\"text-align: justify;\"><a href=\"http:\/\/galeri3.arkitera.com\/var\/resizes\/Haber\/2012\/12\/18\/t%C3%BCrkhama%C4%B1icindekutuphane\/2.jpg\"><img loading=\"lazy\" decoding=\"async\" class=\"alignnone\" src=\"http:\/\/galeri3.arkitera.com\/var\/resizes\/Haber\/2012\/12\/18\/t%C3%BCrkhama%C4%B1icindekutuphane\/2.jpg\" alt=\"\" width=\"263\" height=\"162\" \/><\/a><\/p>\n<p style=\"text-align: justify;\">Kaynak: http:\/\/www.arkitera.com<\/p>\n","protected":false},"excerpt":{"rendered":"<p>8\u00bd taraf\u0131ndan tasarlanan k\u00fct\u00fcphane &#8220;Urban Dreams \u00c7a\u011fda\u015f Sanat Festivali&#8221; kapsam\u0131nda T\u00fcrk hamam\u0131 i\u00e7erisine kuruldu. Bir hafta s\u00fcreyle 16. y\u00fczy\u0131la ait, Bulgaristan&#8217;\u0131n Plovdiv kentinde bulunan T\u00fcrk hamam\u0131n\u0131n i\u00e7erisine yerle\u015ftirilmi\u015f Studio 8\u00bd tasar\u0131m\u0131 ah\u015fap k\u00fct\u00fcphane, mimaride eski ve yeninin birbirini tamamlad\u0131\u011f\u0131 ve yeni kullan\u0131mlara olanak veren bir \u00f6rnek olarak ortaya \u00e7\u0131k\u0131yor.<\/p>\n","protected":false},"author":1,"featured_media":0,"comment_status":"open","ping_status":"open","sticky":false,"template":"","format":"standard","meta":{"footnotes":""},"categories":[1],"tags":[],"class_list":["post-8442","post","type-post","status-publish","format-standard","hentry","category-genel"],"_links":{"self":[{"href":"https:\/\/www.bbyhaber.com\/bby\/wp-json\/wp\/v2\/posts\/8442"}],"collection":[{"href":"https:\/\/www.bbyhaber.com\/bby\/wp-json\/wp\/v2\/posts"}],"about":[{"href":"https:\/\/www.bbyhaber.com\/bby\/wp-json\/wp\/v2\/types\/post"}],"author":[{"embeddable":true,"href":"https:\/\/www.bbyhaber.com\/bby\/wp-json\/wp\/v2\/users\/1"}],"replies":[{"embeddable":true,"href":"https:\/\/www.bbyhaber.com\/bby\/wp-json\/wp\/v2\/comments?post=8442"}],"version-history":[{"count":0,"href":"https:\/\/www.bbyhaber.com\/bby\/wp-json\/wp\/v2\/posts\/8442\/revisions"}],"wp:attachment":[{"href":"https:\/\/www.bbyhaber.com\/bby\/wp-json\/wp\/v2\/media?parent=8442"}],"wp:term":[{"taxonomy":"category","embeddable":true,"href":"https:\/\/www.bbyhaber.com\/bby\/wp-json\/wp\/v2\/categories?post=8442"},{"taxonomy":"post_tag","embeddable":true,"href":"https:\/\/www.bbyhaber.com\/bby\/wp-json\/wp\/v2\/tags?post=8442"}],"curies":[{"name":"wp","href":"https:\/\/api.w.org\/{rel}","templated":true}]}}