{"id":8422,"date":"2012-12-18T22:41:54","date_gmt":"2012-12-18T20:41:54","guid":{"rendered":"http:\/\/www.bbyhaber.com\/bby\/?p=8422"},"modified":"2012-12-18T22:43:59","modified_gmt":"2012-12-18T20:43:59","slug":"kitap-dijital-kitaba-yenik-dusecek-mi","status":"publish","type":"post","link":"https:\/\/www.bbyhaber.com\/bby\/2012\/12\/18\/kitap-dijital-kitaba-yenik-dusecek-mi","title":{"rendered":"Kitap Dijital Kitaba Yenik D\u00fc\u015fecek mi?"},"content":{"rendered":"<p style=\"text-align: justify;\"><a href=\"http:\/\/konya.edu.tr\/images\/haber\/cdc7bf7ca61e2aed806874135e66a67f.jpg\"><img loading=\"lazy\" decoding=\"async\" class=\"alignleft\" src=\"http:\/\/konya.edu.tr\/images\/haber\/cdc7bf7ca61e2aed806874135e66a67f.jpg\" alt=\"\" width=\"246\" height=\"150\" \/><\/a>Necmettin Erbakan \u00dcniversitesi\u2019nde \u201cKitap Dijital Kitaba Yenik D\u00fc\u015fecek mi?\u201d konulu panel d\u00fczenlendi. Necmettin Erbakan \u00dcniversitesi A.K.E\u011fitim Fak\u00fcltesi Sosyal Bilgiler E\u011fitimi Anabilim Dal\u0131 \u00d6\u011frencilerinin d\u00fczenledi\u011fi panel,\u00a0 \u0130l Halk K\u00fct\u00fcphanesi M\u00fcd\u00fcr\u00fc Hasan \u00c7o\u015far, M\u00fcd\u00fcr Yard\u0131mc\u0131s\u0131 Raziye Y\u0131lmaz, K\u00fct\u00fcphaneci Nurcan Sevensoy, Proje Y\u00f6neticisi Prof. Dr. Ahmet \u00d6zdemir ve \u00f6\u011frencilerinde kat\u0131l\u0131m\u0131yla E\u011fitim fak\u00fcltesi amfisinde ger\u00e7ekle\u015ftirildi.<!--more--><\/p>\n<p style=\"text-align: justify;\">Panelde konu\u015fan k\u00fct\u00fcphaneci Nurcan Sevensoy, \u201cKitaplar\u0131n elektronik ortama ta\u015f\u0131nmas\u0131n\u0131n \u00e7ok say\u0131da olumlu yan\u0131 olmas\u0131na kar\u015f\u0131n her teknolojide oldu\u011fu gibi baz\u0131 olumsuz yanlar\u0131 da bulunmaktad\u0131r. E-kitaplar daha iyidir, \u00e7\u00fcnk\u00fc dijitaldirler, ta\u015f\u0131nabilirler, arama ve \u00f6l\u00e7eklendirme yapmaya uygundurlar. K\u00f6t\u00fcd\u00fcrler, \u00e7\u00fcnk\u00fc g\u00f6z\u00fc yorarlar, okunmas\u0131 zordur ve bilgisayar ekran\u0131na ba\u011f\u0131ml\u0131l\u0131k gerektirirler\u201d dedi.<\/p>\n<p style=\"text-align: justify;\">Hen\u00fcz yat\u0131r\u0131m de\u011feri ta\u015f\u0131yacak boyutta e\u011fitim-\u00f6\u011fretime y\u00f6nelik yeterli e-kitap olmad\u0131\u011f\u0131 ve bir i\u00e7erik sorunu oldu\u011funa da de\u011finen Sevensoy, Bu durumun zamanla ortadan kalkaca\u011f\u0131n\u0131 ve e- kitaplar\u0131n teknolojinin de ilerlemesiyle artaca\u011f\u0131n\u0131 s\u00f6yledi.<\/p>\n<p style=\"text-align: justify;\">\u0130l halk k\u00fct\u00fcphanesi M\u00fcd\u00fcr yard\u0131mc\u0131s\u0131 Raziye Y\u0131lmaz ise konu\u015fmas\u0131nda okuma al\u0131\u015fkanl\u0131\u011f\u0131 \u00fczerinde durdu. Y\u0131lmaz, \u201cBurada bir araya gelmemizin sebebi kitapla ile ilgili bir bilinci veya bilin\u00e7lenmeyi insanlar\u0131m\u0131za, toplumumuza, \u00f6\u011frencilere sunmak gayretidir. ABD\u2019de bas\u0131lan kitap say\u0131s\u0131 72.000 civar\u0131ndayken maalesef \u00fclkemizde 6.000 civar\u0131ndad\u0131r. Bu \u00fcz\u00fcc\u00fc bir durumdur. Amac\u0131m\u0131z \u00f6zellikle gen\u00e7 okuyucular\u0131 k\u00fct\u00fcphaneye, kitaplara y\u00f6nlendirmek ve bu amaca y\u00f6nelik \u00e7al\u0131\u015fmalar yapmakt\u0131r. Nitekim ruha dokunman\u0131n en k\u0131sa yolu kitap okumakt\u0131r. Kitap okuyarak hem ruhumuzu hem bilgi da\u011farc\u0131\u011f\u0131m\u0131z\u0131 geni\u015fletip, zenginle\u015ftirebiliriz.\u201d diye konu\u015ftu.<\/p>\n<p style=\"text-align: justify;\">Raziye Y\u0131lmaz\u0131n ard\u0131ndan s\u00f6z alan \u0130l Halk K\u00fct\u00fcphanesi M\u00fcd\u00fcr\u00fc Hasan \u00c7o\u015far \u201c Yaz\u0131n\u0131n tarihinden s\u00f6z ederek ilk yaz\u0131dan ve matbaan\u0131n kurulu\u015fundan \u00f6rnekler verdi. Dijital kitapla, kitap aras\u0131nda ki farkada de\u011finen \u00c7o\u015far, \u201cbirini elle tutup g\u00f6r\u00fcyorsun, birini ise sanal ortamda takip ediyorsun. Birini hissediyorsun ruhu var biri ise sanal\u201d dedi.<\/p>\n<p style=\"text-align: justify;\">Kaynak: http:\/\/www.konya.edu.tr<\/p>\n","protected":false},"excerpt":{"rendered":"<p>Necmettin Erbakan \u00dcniversitesi\u2019nde \u201cKitap Dijital Kitaba Yenik D\u00fc\u015fecek mi?\u201d konulu panel d\u00fczenlendi. Necmettin Erbakan \u00dcniversitesi A.K.E\u011fitim Fak\u00fcltesi Sosyal Bilgiler E\u011fitimi Anabilim Dal\u0131 \u00d6\u011frencilerinin d\u00fczenledi\u011fi panel,\u00a0 \u0130l Halk K\u00fct\u00fcphanesi M\u00fcd\u00fcr\u00fc Hasan \u00c7o\u015far, M\u00fcd\u00fcr Yard\u0131mc\u0131s\u0131 Raziye Y\u0131lmaz, K\u00fct\u00fcphaneci Nurcan Sevensoy, Proje Y\u00f6neticisi Prof. Dr. Ahmet \u00d6zdemir ve \u00f6\u011frencilerinde kat\u0131l\u0131m\u0131yla E\u011fitim fak\u00fcltesi amfisinde ger\u00e7ekle\u015ftirildi.<\/p>\n","protected":false},"author":1,"featured_media":0,"comment_status":"open","ping_status":"open","sticky":false,"template":"","format":"standard","meta":{"footnotes":""},"categories":[1560,1481,1],"tags":[],"class_list":["post-8422","post","type-post","status-publish","format-standard","hentry","category-dijital-yayincilik","category-e-kitap","category-genel"],"_links":{"self":[{"href":"https:\/\/www.bbyhaber.com\/bby\/wp-json\/wp\/v2\/posts\/8422"}],"collection":[{"href":"https:\/\/www.bbyhaber.com\/bby\/wp-json\/wp\/v2\/posts"}],"about":[{"href":"https:\/\/www.bbyhaber.com\/bby\/wp-json\/wp\/v2\/types\/post"}],"author":[{"embeddable":true,"href":"https:\/\/www.bbyhaber.com\/bby\/wp-json\/wp\/v2\/users\/1"}],"replies":[{"embeddable":true,"href":"https:\/\/www.bbyhaber.com\/bby\/wp-json\/wp\/v2\/comments?post=8422"}],"version-history":[{"count":0,"href":"https:\/\/www.bbyhaber.com\/bby\/wp-json\/wp\/v2\/posts\/8422\/revisions"}],"wp:attachment":[{"href":"https:\/\/www.bbyhaber.com\/bby\/wp-json\/wp\/v2\/media?parent=8422"}],"wp:term":[{"taxonomy":"category","embeddable":true,"href":"https:\/\/www.bbyhaber.com\/bby\/wp-json\/wp\/v2\/categories?post=8422"},{"taxonomy":"post_tag","embeddable":true,"href":"https:\/\/www.bbyhaber.com\/bby\/wp-json\/wp\/v2\/tags?post=8422"}],"curies":[{"name":"wp","href":"https:\/\/api.w.org\/{rel}","templated":true}]}}