{"id":8414,"date":"2012-12-18T22:19:24","date_gmt":"2012-12-18T20:19:24","guid":{"rendered":"http:\/\/www.bbyhaber.com\/bby\/?p=8414"},"modified":"2012-12-18T22:19:24","modified_gmt":"2012-12-18T20:19:24","slug":"eturkiye-odulleri-sahiplerini-buldu","status":"publish","type":"post","link":"https:\/\/www.bbyhaber.com\/bby\/2012\/12\/18\/eturkiye-odulleri-sahiplerini-buldu","title":{"rendered":"eT\u00fcrkiye \u00f6d\u00fclleri sahiplerini buldu"},"content":{"rendered":"<p style=\"text-align: justify;\">T\u00dcS\u0130AD ve T\u00fcrkiye Bili\u015fim Vakf\u0131 (TBV) taraf\u0131ndan bu y\u0131l 10.&#8217;su d\u00fczenlenen &#8220;eT\u00fcrkiye (eTR) \u00d6d\u00fclleri&#8221;nde kazananlar,\u00a0 t\u00f6renle \u00f6d\u00fcllerini ald\u0131. T\u00fcrkiye B\u00fcy\u00fck Millet Meclisi\u2019nde (TBMM) d\u00fczenlenen t\u00f6rende konu\u015fan T\u00dcS\u0130AD Y\u00f6netim Kurulu Ba\u015fkan\u0131 \u00dcmit Boyner, eTR \u00d6d\u00fclleri ile e-T\u00fcrkiye amac\u0131na y\u00f6nelik \u00e7al\u0131\u015fan kamu kurumlar\u0131 ve yerel y\u00f6netimleri kamuoyunda daha fazla g\u00f6r\u00fcn\u00fcr k\u0131lmay\u0131 hedeflediklerini belirterek &#8220;Vatanda\u015flar\u0131m\u0131z\u0131n, devlet kap\u0131s\u0131nda y\u00fcz y\u00fcze ileti\u015fimle vakit kaybetmek yerine, e-Devlet uygulamalar\u0131 ile i\u015flerini halledilebildi\u011fi noktaya varmal\u0131y\u0131z.&#8221; dedi.<!--more--><\/p>\n<p style=\"text-align: justify;\">\u00a056 projeden 22&#8217;sinin\u00a0 \u00f6d\u00fcl ald\u0131\u011f\u0131 t\u00f6rene, TBMM Ba\u015fkan\u0131 Cemil \u00c7i\u00e7ek, T\u00dcS\u0130AD Y\u00f6netim Kurulu Ba\u015fkan\u0131 \u00dcmit Boyner, TBV Y\u00f6netim Kurulu Ba\u015fkan\u0131 Faruk Eczac\u0131ba\u015f\u0131, T\u00dcS\u0130AD Y\u00f6netim Kurulu \u00dcyesi ve Teknoloji, \u0130novasyon ve Bilgi Toplumu Komisyonu Ba\u015fkan\u0131 Erman Il\u0131cak kat\u0131ld\u0131.<\/p>\n<p style=\"text-align: justify;\">16 ki\u015filik j\u00fcrinin oylamas\u0131 sonucu\u00a0 \u00f6d\u00fcl kazananlar ise \u015f\u00f6yle:<\/p>\n<p style=\"text-align: justify;\"><strong>\u2018Kamudan Vatanda\u015fa e-Hizmetler\u2019 kategorisinde iki proje \u00f6d\u00fcl\u00fc payla\u015ft\u0131:\u00a0 Milli K\u00fct\u00fcphane Ba\u015fkanl\u0131\u011f\u0131 \u201cG\u00f6rme Engelli Vatanda\u015flara Sesli Kitap Hizmeti\u201d projesi\u00a0<\/strong> ve S\u00f6ke Ovas\u0131 Sulama Birli\u011fi, \u201cS\u00f6ke Ovas\u0131 Ak\u0131ll\u0131 Sulama Projesi (Ak\u0131ll\u0131 Ova)\u201d,<\/p>\n<p style=\"text-align: justify;\">\u2018Kamudan \u0130\u015f D\u00fcnyas\u0131na e-Hizmetler\u2019 kategorisinde Adalet Bakanl\u0131\u011f\u0131 \u201cUYAP Kurum Portal Bilgi Sistemi\u201d,<\/p>\n<p style=\"text-align: justify;\">\u2018Kamudan Kamuya e-Hizmetler\u2019 kategorisinde ise \u0130\u00e7i\u015fleri Bakanl\u0131\u011f\u0131 \u201ce-\u0130\u00e7i\u015fleri\u201d projesi adl\u0131 projeler \u00f6d\u00fcl ald\u0131.<\/p>\n<p>\u201cYerel Y\u00f6netimlere Y\u00f6nelik Kategoriler\u201dde ise;<\/p>\n<p style=\"text-align: justify;\">B\u00fcy\u00fck \u00d6l\u00e7ekli Belediye Kategorisi\u2019nde Konya B\u00fcy\u00fck\u015fehir Belediyesi, \u201cKonya \u015eehir Rehberi Uygulamas\u0131\u201d,<\/p>\n<p style=\"text-align: justify;\">Orta \u00d6l\u00e7ekli Belediye Kategorisi\u2019nde Bak\u0131rk\u00f6y Belediyesi &#8220;Art\u0131r\u0131lm\u0131\u015f Ger\u00e7eklik (AG) Destekli Afet Y\u00f6netimi ve Mobil Belediyecilik Uygulamalar\u0131&#8221; adl\u0131 projeler \u00f6d\u00fcle lay\u0131k g\u00f6r\u00fcld\u00fc.<\/p>\n<p style=\"text-align: justify;\">Ayr\u0131ca 10. eTR \u00d6d\u00fclleri\u2019ne \u00f6zel olarak, \u00f6nceki y\u0131llarda eTR \u00f6d\u00fcl\u00fc alm\u0131\u015f olan projelerin geli\u015fimlerinin takip edilmesi ve projelerin kazan\u0131mlar\u0131n\u0131n de\u011ferlendirilmesi sonucunda T\u00dcS\u0130AD-TBV eTR Y\u00fcr\u00fctme Kurulu taraf\u0131ndan verilen \u201cEn \u0130yi Geli\u015fim G\u00f6steren Proje\u201d \u00f6d\u00fcl\u00fcne Orman Genel M\u00fcd\u00fcrl\u00fc\u011f\u00fc, \u201cOrman Yang\u0131n Y\u00f6netim Sistemi\u201d projesi ile sahip oldu.<\/p>\n<p style=\"text-align: justify;\">Bu kategorilerin d\u0131\u015f\u0131nda modern devlet anlay\u0131\u015f\u0131n\u0131 destekleyen, \u015feffafl\u0131k, sosyal sorumluluk gibi ilkeleri benimsemi\u015f uygulamalar aras\u0131ndan Ankara B\u00fcy\u00fck\u015fehir Belediyesi \u0130tfaiye Dairesi Ba\u015fkanl\u0131\u011f\u0131\u2019na &#8220;\u0130tfaiye Ara\u00e7 E\u011fitim Simulasyonu&#8221;\u00a0 projesiyle T\u00dcS\u0130AD-TBV eTR Y\u00fcr\u00fctme Kurulu taraf\u0131ndan \u00d6zel \u00d6d\u00fcl verildi.<\/p>\n<p style=\"text-align: justify;\">T\u00f6rende konu\u015fan T\u00dcS\u0130AD Y\u00f6netim Kurulu Ba\u015fkan\u0131 \u00dcmit Boyner; \u201ceTR \u00d6d\u00fclleri ile e-T\u00fcrkiye amac\u0131na y\u00f6nelik \u00e7al\u0131\u015fan kamu kurumlar\u0131 ve yerel y\u00f6netimleri kamuoyunda daha fazla g\u00f6r\u00fcn\u00fcr k\u0131lmay\u0131, iyi uygulamalar\u0131 ve deneyimleri payla\u015fmay\u0131 hedefliyoruz. eDevlet uygulamalar\u0131, daha verimli hizmet ve daha demokratik bir y\u00f6neti\u015fim anlay\u0131\u015f\u0131n\u0131 g\u00fc\u00e7lendiriyor. eDevlet kat\u0131l\u0131mc\u0131, payla\u015f\u0131mc\u0131 ve etkile\u015fimli bir vatanda\u015f-devlet ili\u015fkisi kurmak i\u00e7in \u00f6nemli bir f\u0131rsat sunuyor\u201d dedi.<\/p>\n<p style=\"text-align: justify;\">T\u00dcS\u0130AD-TBV i\u015fbirli\u011fi ve Deloitte&#8217;un katk\u0131lar\u0131yla &#8220;eDevlet\/e-Belediye Kullan\u0131c\u0131 Memnuniyet Ara\u015ft\u0131rmas\u0131&#8221; yay\u0131nlad\u0131klar\u0131n\u0131 belirten Boyner, \u201ceDevlet\/e-Belediye uygulamalar\u0131n\u0131n vatanda\u015f ve i\u015f d\u00fcnyas\u0131 i\u00e7in en \u00f6nemli avantajlar\u0131, zamandan ve maliyetten tasarruf sa\u011flamas\u0131&#8230; Bu kolayl\u0131klar\u0131n daha geni\u015f kitlelerce bilinmesini sa\u011flamak i\u00e7in fark\u0131ndal\u0131k \u00e7al\u0131\u015fmalar\u0131n\u0131 art\u0131rmak \u00f6nemli. \u00c7\u00fcnk\u00fc bu hizmetlerin bilinirli\u011fi ve internete g\u00fcven artt\u0131k\u00e7a, eDevlet kullan\u0131m\u0131 da artacak&#8221; \u015feklinde konu\u015ftu.<\/p>\n<p style=\"text-align: justify;\">Boyner, \u201deTR \u00d6d\u00fclleri, T\u00dcS\u0130AD ve TBV olarak, daha m\u00fcreffeh bir T\u00fcrkiye i\u00e7in, kamu yarar\u0131na d\u00fczenledi\u011fimiz bir etkinliktir. eTR \u00d6d\u00fclleri i\u00e7in ald\u0131\u011f\u0131m\u0131z her ba\u015fvurunun, yeni geli\u015ftirilen her projenin bilgi toplumuna d\u00f6n\u00fc\u015f\u00fcm yolunda \u00e7ok \u00f6nemli katk\u0131 sa\u011flad\u0131\u011f\u0131na inan\u0131yoruz&#8221; dedi.<\/p>\n<p style=\"text-align: justify;\">T\u00dcS\u0130AD Y\u00f6netim Kurulu \u00dcyesi ve Teknoloji, \u0130novasyon ve Bilgi Toplumu Komisyonu Ba\u015fkan\u0131 Erman Il\u0131cak, \u201ceTR \u00d6d\u00fclleri\u2019nin artan de\u011ferinin, eD\u00f6n\u00fc\u015f\u00fcme verilen \u00f6nemin bir g\u00f6stergesi oldu\u011funu d\u00fc\u015f\u00fcn\u00fcyoruz. eDevlet uygulamalar\u0131, kamu hizmetlerinde kolayl\u0131k ve h\u0131z sa\u011flarken ayn\u0131 zamanda \u015feffaf ve hesap verebilir bir devlet yap\u0131s\u0131n\u0131n olu\u015fmas\u0131na da katk\u0131 sa\u011flamaktad\u0131r. e-D\u00f6n\u00fc\u015f\u00fcm T\u00fcrkiye Projesinin ba\u015flat\u0131lmas\u0131 ile birlikte kamu hizmetleri sunumunda bilgi ve ileti\u015fim teknolojileri kullan\u0131m\u0131 giderek yayg\u0131nla\u015fm\u0131\u015ft\u0131r. eDevlet uygulamalar\u0131n\u0131n,yap\u0131lan yat\u0131r\u0131mlarla hem yayg\u0131nl\u0131\u011f\u0131n\u0131n hem de kullan\u0131m\u0131n\u0131n art\u0131\u011f\u0131n\u0131 g\u00f6zlemliyoruz.&#8221; diye konu\u015ftu.<\/p>\n<p style=\"text-align: justify;\">Kaynak: <a href=\"http:\/\/t24.com.tr\">http:\/\/t24.com.tr<\/a><\/p>\n","protected":false},"excerpt":{"rendered":"<p>T\u00dcS\u0130AD ve T\u00fcrkiye Bili\u015fim Vakf\u0131 (TBV) taraf\u0131ndan bu y\u0131l 10.&#8217;su d\u00fczenlenen &#8220;eT\u00fcrkiye (eTR) \u00d6d\u00fclleri&#8221;nde kazananlar,\u00a0 t\u00f6renle \u00f6d\u00fcllerini ald\u0131. T\u00fcrkiye B\u00fcy\u00fck Millet Meclisi\u2019nde (TBMM) d\u00fczenlenen t\u00f6rende konu\u015fan T\u00dcS\u0130AD Y\u00f6netim Kurulu Ba\u015fkan\u0131 \u00dcmit Boyner, eTR \u00d6d\u00fclleri ile e-T\u00fcrkiye amac\u0131na y\u00f6nelik \u00e7al\u0131\u015fan kamu kurumlar\u0131 ve yerel y\u00f6netimleri kamuoyunda daha fazla g\u00f6r\u00fcn\u00fcr k\u0131lmay\u0131 hedeflediklerini belirterek &#8220;Vatanda\u015flar\u0131m\u0131z\u0131n, devlet kap\u0131s\u0131nda y\u00fcz [&hellip;]<\/p>\n","protected":false},"author":1,"featured_media":0,"comment_status":"open","ping_status":"open","sticky":false,"template":"","format":"standard","meta":{"footnotes":""},"categories":[1],"tags":[213,212],"class_list":["post-8414","post","type-post","status-publish","format-standard","hentry","category-genel","tag-etr","tag-eturkiye"],"_links":{"self":[{"href":"https:\/\/www.bbyhaber.com\/bby\/wp-json\/wp\/v2\/posts\/8414"}],"collection":[{"href":"https:\/\/www.bbyhaber.com\/bby\/wp-json\/wp\/v2\/posts"}],"about":[{"href":"https:\/\/www.bbyhaber.com\/bby\/wp-json\/wp\/v2\/types\/post"}],"author":[{"embeddable":true,"href":"https:\/\/www.bbyhaber.com\/bby\/wp-json\/wp\/v2\/users\/1"}],"replies":[{"embeddable":true,"href":"https:\/\/www.bbyhaber.com\/bby\/wp-json\/wp\/v2\/comments?post=8414"}],"version-history":[{"count":0,"href":"https:\/\/www.bbyhaber.com\/bby\/wp-json\/wp\/v2\/posts\/8414\/revisions"}],"wp:attachment":[{"href":"https:\/\/www.bbyhaber.com\/bby\/wp-json\/wp\/v2\/media?parent=8414"}],"wp:term":[{"taxonomy":"category","embeddable":true,"href":"https:\/\/www.bbyhaber.com\/bby\/wp-json\/wp\/v2\/categories?post=8414"},{"taxonomy":"post_tag","embeddable":true,"href":"https:\/\/www.bbyhaber.com\/bby\/wp-json\/wp\/v2\/tags?post=8414"}],"curies":[{"name":"wp","href":"https:\/\/api.w.org\/{rel}","templated":true}]}}