{"id":839,"date":"2010-01-15T22:04:09","date_gmt":"2010-01-15T22:04:09","guid":{"rendered":"http:\/\/www.bbyhaber.com\/bby\/?p=839"},"modified":"2012-05-21T19:26:48","modified_gmt":"2012-05-21T19:26:48","slug":"sesli-kutuphane-acildi","status":"publish","type":"post","link":"https:\/\/www.bbyhaber.com\/bby\/2010\/01\/15\/sesli-kutuphane-acildi","title":{"rendered":"Sesli K\u00fct\u00fcphane A\u00e7\u0131ld\u0131"},"content":{"rendered":"<p style=\"text-align: justify;\" align=\"justify\">Akdeniz \u00dcniversitesi K\u00fclt\u00fcr ve Spor Dairesi Ba\u015fkanl\u0131\u011f\u0131 b\u00fcnyesinde Engelli \u00d6\u011frenci Birimi ile K\u00fct\u00fcphane ve Dok\u00fcmantasyon Daire Ba\u015fkanl\u0131\u011f\u0131 i\u015f birli\u011finde olu\u015fturulan &#8220;sesli k\u00fct\u00fcphane&#8221; a\u00e7\u0131ld\u0131. Akdeniz \u00dcniversitesi K\u00fct\u00fcphanesi i\u00e7inde kurulan birimin a\u00e7\u0131l\u0131\u015f\u0131n\u0131 Akdeniz \u00dcniversitesi Rekt\u00f6r\u00fc Prof. Dr. \u0130srafil Kurtcephe ile g\u00f6rme engelli ressam E\u015fref Arma\u011fan birlikte yapt\u0131. A\u00e7\u0131l\u0131\u015fta konu\u015fan Prof. Dr. Kurtcephe, engellilerin engellerini kald\u0131rma konusunda yapt\u0131klar\u0131 \u00e7al\u0131\u015fmalar \u00e7er\u00e7evesinde &#8220;sesli k\u00fct\u00fcphaneyi&#8221; hizmete a\u00e7t\u0131klar\u0131n\u0131 s\u00f6yledi. Ba\u015fka \u00fcniversitelere de \u00f6rnek olmay\u0131 ama\u00e7lad\u0131klar\u0131n\u0131 kaydeden Kurtcephe, engelli \u00f6\u011frencilere y\u00f6nelik de\u011fi\u015fik \u00e7al\u0131\u015fmalar\u0131n s\u00fcrd\u00fc\u011f\u00fcn\u00fc belirtti.<!--more--><\/p>\n<p style=\"text-align: justify;\" align=\"justify\">&#8220;Sesli k\u00fct\u00fcphane&#8221;nin haz\u0131rl\u0131k \u00e7al\u0131\u015fmalar\u0131n\u0131 y\u00fcr\u00fcten \u0130ktisadi ve \u0130dari Bilimler Fak\u00fcltesi Kamu Y\u00f6netimi son s\u0131n\u0131f \u00f6\u011frencisi g\u00f6rme engelli Sarper Ar\u0131kan da gerekli hukuki i\u015flemlerin tamamland\u0131\u011f\u0131n\u0131 belirterek, &#8220;\u00f6\u011frencilerin yan\u0131nda engelli raporunu getiren vatanda\u015flar da k\u00fct\u00fcphaneden yararlanabilir&#8221; dedi. Ar\u0131kan, yaz\u0131y\u0131 sese \u00e7eviren makinelerle k\u00fct\u00fcphanedeki eserleri sesli kitap haline getireceklerini ve ar\u015fivlerden g\u00f6rme engelli \u00f6\u011frencilerin ve vatanda\u015flar\u0131n yararlanabilece\u011fini dile getirdi.\u00a0<strong><\/strong><\/p>\n<p style=\"text-align: justify;\" align=\"justify\">Kaynak: http:\/\/www.egitimgazetesi.com\/<\/p>\n","protected":false},"excerpt":{"rendered":"<p>Akdeniz \u00dcniversitesi K\u00fclt\u00fcr ve Spor Dairesi Ba\u015fkanl\u0131\u011f\u0131 b\u00fcnyesinde Engelli \u00d6\u011frenci Birimi ile K\u00fct\u00fcphane ve Dok\u00fcmantasyon Daire Ba\u015fkanl\u0131\u011f\u0131 i\u015f birli\u011finde olu\u015fturulan &#8220;sesli k\u00fct\u00fcphane&#8221; a\u00e7\u0131ld\u0131. Akdeniz \u00dcniversitesi K\u00fct\u00fcphanesi i\u00e7inde kurulan birimin a\u00e7\u0131l\u0131\u015f\u0131n\u0131 Akdeniz \u00dcniversitesi Rekt\u00f6r\u00fc Prof. Dr. \u0130srafil Kurtcephe ile g\u00f6rme engelli ressam E\u015fref Arma\u011fan birlikte yapt\u0131. A\u00e7\u0131l\u0131\u015fta konu\u015fan Prof. Dr. Kurtcephe, engellilerin engellerini kald\u0131rma konusunda yapt\u0131klar\u0131 [&hellip;]<\/p>\n","protected":false},"author":1,"featured_media":0,"comment_status":"open","ping_status":"open","sticky":false,"template":"","format":"standard","meta":{"footnotes":""},"categories":[1484,1485,1,1487,1503],"tags":[],"class_list":["post-839","post","type-post","status-publish","format-standard","hentry","category-engelliler-icin-bilgi-merkezleri","category-engelliler-icin-kutuphane","category-genel","category-gorme-engelli-kutuphane","category-sesli-kutuphane"],"_links":{"self":[{"href":"https:\/\/www.bbyhaber.com\/bby\/wp-json\/wp\/v2\/posts\/839"}],"collection":[{"href":"https:\/\/www.bbyhaber.com\/bby\/wp-json\/wp\/v2\/posts"}],"about":[{"href":"https:\/\/www.bbyhaber.com\/bby\/wp-json\/wp\/v2\/types\/post"}],"author":[{"embeddable":true,"href":"https:\/\/www.bbyhaber.com\/bby\/wp-json\/wp\/v2\/users\/1"}],"replies":[{"embeddable":true,"href":"https:\/\/www.bbyhaber.com\/bby\/wp-json\/wp\/v2\/comments?post=839"}],"version-history":[{"count":0,"href":"https:\/\/www.bbyhaber.com\/bby\/wp-json\/wp\/v2\/posts\/839\/revisions"}],"wp:attachment":[{"href":"https:\/\/www.bbyhaber.com\/bby\/wp-json\/wp\/v2\/media?parent=839"}],"wp:term":[{"taxonomy":"category","embeddable":true,"href":"https:\/\/www.bbyhaber.com\/bby\/wp-json\/wp\/v2\/categories?post=839"},{"taxonomy":"post_tag","embeddable":true,"href":"https:\/\/www.bbyhaber.com\/bby\/wp-json\/wp\/v2\/tags?post=839"}],"curies":[{"name":"wp","href":"https:\/\/api.w.org\/{rel}","templated":true}]}}