{"id":8369,"date":"2012-12-16T18:06:57","date_gmt":"2012-12-16T16:06:57","guid":{"rendered":"http:\/\/www.bbyhaber.com\/bby\/?p=8369"},"modified":"2013-03-11T09:56:58","modified_gmt":"2013-03-11T07:56:58","slug":"engellilerkitaba-ilgisiz-kaldi","status":"publish","type":"post","link":"https:\/\/www.bbyhaber.com\/bby\/2012\/12\/16\/engellilerkitaba-ilgisiz-kaldi","title":{"rendered":"Engelliler,kitaba ilgisiz kald\u0131"},"content":{"rendered":"<p style=\"text-align: justify;\">K\u00fclt\u00fcr Bakanl\u0131\u011f\u0131\u2019n\u0131n eve ba\u011f\u0131ml\u0131 ya\u015fayan engellilere y\u00f6nelik ba\u015flatt\u0131\u011f\u0131 \u2018Evlere Kitap Kampanyas\u0131\u2019 ilgi g\u00f6rmedi. 20 ilde ba\u015flat\u0131lan proje kapsam\u0131nda 6 y\u0131lda sadece 98 engelli evine kitap istedi. Projeden sa\u011fl\u0131kl\u0131 geri d\u00f6n\u00fc\u015f almamas\u0131na ra\u011fmen K\u00fclt\u00fcr Bakanl\u0131\u011f\u0131, kampanyan\u0131n s\u00fcrd\u00fcr\u00fclmesinde kararl\u0131.<!--more--><\/p>\n<p style=\"text-align: justify;\">\u0130statistiklere g\u00f6re T\u00fcrkiye&#8217;de toplam 9 milyon civar\u0131nda engelli bulunuyor. Bu engellilerden 2 milyonunun eve ba\u011f\u0131ml\u0131 ya\u015fad\u0131\u011f\u0131 tahmin ediliyor. Bakanl\u0131k, eve ba\u011f\u0131ml\u0131 hasta, ya\u015fl\u0131 ve engelli vatanda\u015flar\u0131n kamu hizmetlerinden e\u015fit derecede yararlanmalar\u0131n\u0131 sa\u011flamak, bilgi ve k\u00fclt\u00fcrlerini, yarat\u0131c\u0131 yeteneklerini geli\u015ftirmelerine katk\u0131da bulunmak i\u00e7in 2006 y\u0131l\u0131nda \u2018Eve Teslim Kitap Projesi&#8217; ba\u015flatt\u0131. \u0130llerdeki il halk k\u00fct\u00fcphaneleri y\u00f6neticilerine engelli derneklerini bilgilendirme g\u00f6revi verildi. Haz\u0131rlanan bilgi yaz\u0131lar\u0131 ve bro\u015f\u00fcrler engelli derneklerine ula\u015ft\u0131r\u0131ld\u0131. Zaman zaman da yine bilgilendirme yaz\u0131lar\u0131yla projenin devam etti\u011fi hat\u0131rlat\u0131ld\u0131. Ancak 20 ili kapsayan proje beklenen ilgiyi g\u00f6rmedi. 6 y\u0131lda sadece 98 engelli, eve kitap istedi. Bakanl\u0131k, hayal k\u0131r\u0131kl\u0131\u011f\u0131na u\u011framas\u0131na ra\u011fmen f\u0131rsat e\u015fitli\u011fi sa\u011flamak i\u00e7in projeye devam edecek.<\/p>\n<p style=\"text-align: justify;\">Proje ile eve ba\u011f\u0131ml\u0131 ya\u015fayan ki\u015fi istedi\u011finde, okumak istedi\u011fi kitaba kolayca ve \u00fccretsiz bir \u015fekilde ula\u015fma imk\u00e2n\u0131 buluyor. Bunun i\u00e7in K\u00fct\u00fcphaneler ve Yay\u0131mlar Genel M\u00fcd\u00fcrl\u00fc\u011f\u00fc Ula\u015ft\u0131rma, Denizcilik ve Haberle\u015fme Bakanl\u0131\u011f\u0131 ile protokol imzalad\u0131. Proje kapsam\u0131nda evlere g\u00f6t\u00fcr\u00fclecek kitab\u0131n ula\u015f\u0131m giderlerini K\u00fct\u00fcphaneler ve Yay\u0131mlar Genel M\u00fcd\u00fcrl\u00fc\u011f\u00fc kar\u015f\u0131l\u0131yor. \u0130l halk k\u00fct\u00fcphanelerinden \u00f6d\u00fcn\u00e7 kitap almak isteyen eve ba\u011f\u0131ml\u0131 ki\u015fi, okumak istedi\u011fi kitab\u0131n ad\u0131n\u0131, telefon, elektronik posta ya da bir yak\u0131n\u0131 arac\u0131l\u0131\u011f\u0131yla k\u00fct\u00fcphaneye bildiriyor. \u0130stenen kitap, \u00f6zel bir po\u015fet i\u00e7inde PTT g\u00f6revlisi taraf\u0131ndan eve kadar g\u00f6t\u00fcr\u00fcl\u00fcyor. Okuyucunun iade etmek istedi\u011fi kitap, yine g\u00f6revli postac\u0131 taraf\u0131ndan iade tarihinde evinden al\u0131n\u0131yor ve bu hizmetler kar\u015f\u0131l\u0131\u011f\u0131nda hi\u00e7bir \u00fccret talep edilmiyor. Bu arada eve ba\u011f\u0131ml\u0131 ya\u015fayan ki\u015finin istedi\u011fi kitap, k\u00fct\u00fcphanede bulunmasa bile en k\u0131sa s\u00fcrede d\u0131\u015far\u0131dan temin edilerek ula\u015ft\u0131r\u0131l\u0131yor. \u0130stenilen kitap i\u00e7in de yine \u00fccret talep edilmiyor. Projenin eve ba\u011f\u0131ml\u0131 ya\u015fayan engelliler i\u00e7in \u00e7ok b\u00fcy\u00fck bir f\u0131rsat oldu\u011funu belirten Sakarya \u0130l Halk K\u00fct\u00fcphanesi M\u00fcd\u00fcr\u00fc Re\u015fat \u00d6z\u00e7ay\u0131r, ilgisizlik kar\u015f\u0131s\u0131nda \u015fa\u015f\u0131rd\u0131\u011f\u0131n\u0131 ifade ediyor. 11 ay\u0131 geride b\u0131rakmalar\u0131na ra\u011fmen bu y\u0131l bir ki\u015finin bile eve kitap istemek i\u00e7in m\u00fcracaatta bulunmad\u0131\u011f\u0131n\u0131 vurguluyor. T\u00fcrkiye Sakatlar Derne\u011fi Sakarya \u015eube Ba\u015fkan\u0131 Sadettin Y\u0131lmaz ise duruma \u015fa\u015f\u0131rm\u0131yor. Y\u0131lmaz, \u201cNe yaz\u0131k ki \u00fclkemizde, engellisi de engelsizi de okumuyor. Engellilerin sa\u011fl\u0131kl\u0131 insanlara g\u00f6re hayatlar\u0131 daha \u00e7ok zor oldu\u011fundan okuma oranlar\u0131 da az.\u201d ifadelerini kullan\u0131yor.<\/p>\n<p style=\"text-align: justify;\">Kaynak: http:\/\/www.zaman.com.tr<\/p>\n","protected":false},"excerpt":{"rendered":"<p>K\u00fclt\u00fcr Bakanl\u0131\u011f\u0131\u2019n\u0131n eve ba\u011f\u0131ml\u0131 ya\u015fayan engellilere y\u00f6nelik ba\u015flatt\u0131\u011f\u0131 \u2018Evlere Kitap Kampanyas\u0131\u2019 ilgi g\u00f6rmedi. 20 ilde ba\u015flat\u0131lan proje kapsam\u0131nda 6 y\u0131lda sadece 98 engelli evine kitap istedi. Projeden sa\u011fl\u0131kl\u0131 geri d\u00f6n\u00fc\u015f almamas\u0131na ra\u011fmen K\u00fclt\u00fcr Bakanl\u0131\u011f\u0131, kampanyan\u0131n s\u00fcrd\u00fcr\u00fclmesinde kararl\u0131.<\/p>\n","protected":false},"author":1,"featured_media":0,"comment_status":"open","ping_status":"open","sticky":false,"template":"","format":"standard","meta":{"footnotes":""},"categories":[1],"tags":[341],"class_list":["post-8369","post","type-post","status-publish","format-standard","hentry","category-genel","tag-evlere-kitap-kampanyasi"],"_links":{"self":[{"href":"https:\/\/www.bbyhaber.com\/bby\/wp-json\/wp\/v2\/posts\/8369"}],"collection":[{"href":"https:\/\/www.bbyhaber.com\/bby\/wp-json\/wp\/v2\/posts"}],"about":[{"href":"https:\/\/www.bbyhaber.com\/bby\/wp-json\/wp\/v2\/types\/post"}],"author":[{"embeddable":true,"href":"https:\/\/www.bbyhaber.com\/bby\/wp-json\/wp\/v2\/users\/1"}],"replies":[{"embeddable":true,"href":"https:\/\/www.bbyhaber.com\/bby\/wp-json\/wp\/v2\/comments?post=8369"}],"version-history":[{"count":0,"href":"https:\/\/www.bbyhaber.com\/bby\/wp-json\/wp\/v2\/posts\/8369\/revisions"}],"wp:attachment":[{"href":"https:\/\/www.bbyhaber.com\/bby\/wp-json\/wp\/v2\/media?parent=8369"}],"wp:term":[{"taxonomy":"category","embeddable":true,"href":"https:\/\/www.bbyhaber.com\/bby\/wp-json\/wp\/v2\/categories?post=8369"},{"taxonomy":"post_tag","embeddable":true,"href":"https:\/\/www.bbyhaber.com\/bby\/wp-json\/wp\/v2\/tags?post=8369"}],"curies":[{"name":"wp","href":"https:\/\/api.w.org\/{rel}","templated":true}]}}