{"id":8344,"date":"2012-12-14T17:16:46","date_gmt":"2012-12-14T15:16:46","guid":{"rendered":"http:\/\/www.bbyhaber.com\/bby\/?p=8344"},"modified":"2013-03-14T16:01:56","modified_gmt":"2013-03-14T14:01:56","slug":"ogretim-uyesi-yetistirme-programi-oyp-bby-icin-acilan-kadro-sayisi-aralik-2012","status":"publish","type":"post","link":"https:\/\/www.bbyhaber.com\/bby\/2012\/12\/14\/ogretim-uyesi-yetistirme-programi-oyp-bby-icin-acilan-kadro-sayisi-aralik-2012","title":{"rendered":"\u00d6\u011fretim \u00dcyesi Yeti\u015ftirme Program\u0131 (\u00d6YP) BBY i\u00e7in a\u00e7\u0131lan kadro say\u0131s\u0131-Son Ba\u015fvuru-28 Aral\u0131k 2012"},"content":{"rendered":"<p style=\"text-align: justify;\"><img loading=\"lazy\" decoding=\"async\" class=\"alignleft\" src=\"http:\/\/www.bbyhaber.com\/bby\/wp-content\/uploads\/dosyalar\/oyp\/resimler\/bby-oyp.jpg\" alt=\"\" width=\"70\" height=\"70\" \/>\u201c\u00d6\u011fretim \u00dcyesi Yeti\u015ftirme Program\u0131 (\u00d6YP) \u0130li\u015fkin usul ve Esaslar&#8221; uyar\u0131nca, Y\u00fcksek\u00f6\u011fretim Kurumlar\u0131m\u0131z\u0131n ara\u015ft\u0131rma g\u00f6revlisi kadrolar\u0131na yerle\u015ftirme yap\u0131lacakt\u0131r. \u00d6YP 2012 Aral\u0131k kadrolar\u0131 a\u00e7\u0131kland\u0131; BBY alan\u0131 i\u00e7in ilgili \u00fcniversite kadrolar\u0131 a\u015fa\u011f\u0131da verilmi\u015ftir.<br \/>\n<!--more--><\/p>\n<table style=\"background-color: #e2ebfd;\" width=\"100%\" border=\"0\">\n<tbody>\n<tr>\n<td>\u00dcniversite Ad\u0131<\/td>\n<td>YILDIRIM BEYAZIT \u00dcN\u0130VERS\u0130TES\u0130<\/td>\n<td>Duyuru Ba\u015flama Tarihi<\/td>\n<td>14 Aral\u0131k 2012<\/td>\n<td><\/td>\n<\/tr>\n<tr>\n<td>Fak\u00fclte Ad\u0131<\/td>\n<td>\u0130NSAN VE TOPLUM B\u0130L\u0130MLER\u0130 FAK\u00dcLTES\u0130<\/td>\n<td>Son Ba\u015fvuru Tarihi<\/td>\n<td><span style=\"color: #0000ff;\"><strong>28 Aral\u0131k 2012 <\/strong><\/span><\/td>\n<td><\/td>\n<\/tr>\n<tr>\n<td>B\u00f6l\u00fcm Ad\u0131<\/td>\n<td colspan=\"4\">B\u0130LG\u0130 VE BELGE Y\u00d6NET\u0130M\u0130<\/td>\n<\/tr>\n<tr>\n<td>Anabilim Dal\u0131<\/td>\n<td colspan=\"4\"><\/td>\n<\/tr>\n<tr>\n<td>Kadro Tipi<\/td>\n<td><\/td>\n<td>Sonu\u00e7 A\u00e7\u0131klama Tarihi<\/td>\n<td><strong><span style=\"color: #ff0000;\">03 Ocak 2013<\/span><\/strong><\/td>\n<td><\/td>\n<\/tr>\n<tr>\n<td width=\"16%\">Kadro Say\u0131s\u0131<\/td>\n<td width=\"37%\">1<\/td>\n<td width=\"22%\"><\/td>\n<td width=\"20%\"><\/td>\n<td width=\"5%\"><\/td>\n<\/tr>\n<\/tbody>\n<\/table>\n<table width=\"100%\" border=\"0\">\n<tbody>\n<tr>\n<td style=\"background-color: #e2ebed;\"><strong>Bilgi ve Belge Y\u00f6netimi B\u00f6l\u00fcm\u00fc Lisans Mezunu olmak.<\/strong><\/td>\n<\/tr>\n<tr>\n<td>\n<div id=\"text\">\n<div style=\"text-align: justify;\"><strong>2547 say\u0131l\u0131 Kanun\u2019un 33. maddesi uyar\u0131nca y\u00fcksek\u00f6\u011fretim kurumlar\u0131nda istihdam edilmek \u00fczere, ara\u015ft\u0131rma g\u00f6revlisi al\u0131nacakt\u0131r. <\/strong>\u00d6\u011fretim \u00dcyesi Yeti\u015ftirme Program\u0131 kapsam\u0131nda istihdam edilecek ara\u015ft\u0131rma g\u00f6revlilerinin yerle\u015ftirme i\u015flemleri 2011 Mali Y\u0131l\u0131 Merkezi Y\u00f6netim B\u00fct\u00e7e kanununun 22. Maddesinin 5.f\u0131kras\u0131 ile 31.07.2008 tarih ve 26953 say\u0131l\u0131 <a href=\"http:\/\/oyp2.yok.gov.tr\/OypDuyuru\/?sayfa=yonetmelikogr\" target=\"_blank\">Resmi Gazetede yay\u0131mlanan \u00d6\u011fretim \u00dcyesi D\u0131\u015f\u0131ndaki \u00d6\u011fretim Eleman\u0131 Kadrolar\u0131na Naklen veya A\u00e7\u0131ktan yap\u0131lacak Atamalarda Uygulanacak Merkezi S\u0131nav ile Giri\u015f S\u0131navlar\u0131na \u0130li\u015fkin Usul ve Esaslar Hakk\u0131ndaki Y\u00f6netmelik<\/a> h\u00fck\u00fcmleri uyar\u0131nca Y\u00fcksek\u00f6\u011fretim Kurulu Ba\u015fkanl\u0131\u011f\u0131nca merkezi olarak yap\u0131lacakt\u0131r.<\/div>\n<div style=\"text-align: justify;\"><strong>GENEL \u015eARTLAR<\/strong><\/div>\n<div style=\"text-align: justify;\">a) 657 say\u0131l\u0131 Kanunun 48 inci maddesinde belirtilen \u015fartlar\u0131 ta\u015f\u0131mak. b) 35 ya\u015f\u0131ndan g\u00fcn almam\u0131\u015f olmak. c) Ara\u015ft\u0131rma G\u00f6revlisi olarak \u00e7al\u0131\u015fmas\u0131na engel olacak herhangi bir sa\u011fl\u0131k problemi bulunmamak. d) Atama yap\u0131lacak program\u0131n lisans e\u011fitimine hangi alanda \u00f6\u011frenci al\u0131n\u0131yorsa o alanda ALES (Akademik Personel ve Lisans\u00fcst\u00fc E\u011fitimi Giri\u015f S\u0131nav\u0131)\u2019den en az 70 (yetmi\u015f) puan alm\u0131\u015f olmak. (Bu s\u0131nav\u0131n sonu\u00e7lar\u0131 yap\u0131ld\u0131\u011f\u0131 tarihten itibaren \u00fc\u00e7 y\u0131l s\u00fcreyle ge\u00e7erlidir.) Ancak;<\/div>\n<ul>\n<li>\u00d6zel yetenek s\u0131nav\u0131 ve yabanc\u0131 dil puan\u0131yla \u00f6\u011frenci al\u0131nan alanlara ba\u015fvurularda, herhangi bir puan t\u00fcr\u00fcnden en az 70 (yetmi\u015f) puan alm\u0131\u015f olmalar\u0131,<\/li>\n<li>E\u011fitim Bilimleri B\u00f6l\u00fcm\u00fcne (Rehberlik ve Psikolojik Dan\u0131\u015fmanl\u0131k Anabilim Dal\u0131 hari\u00e7) yap\u0131lan ba\u015fvurularda, adaylar\u0131n lisans \u00f6\u011freniminde mezun olduklar\u0131 alandan en az 70 (yetmi\u015f) puan alm\u0131\u015f olmalar\u0131,<\/li>\n<li>Alan t\u00fcr\u00fc de\u011fi\u015fen programlardan mezun olanlar\u0131n lisans e\u011fitimine ba\u015flad\u0131klar\u0131 puan t\u00fcr\u00fcnden en az 70 (yetmi\u015f) puan alm\u0131\u015f olmalar\u0131 gerekmektedir.<\/li>\n<\/ul>\n<div style=\"text-align: justify;\">\n<p>e) Yabanc\u0131 \u00fclkelerden al\u0131nan diplomalar\u0131n denkli\u011finin Y\u00fcksek\u00f6\u011fretim Kurulunca onaylanm\u0131\u015f olmas\u0131 gerekir. f) Lisans mezuniyeti notunun hesaplanmas\u0131nda Y\u00fcksek\u00f6\u011fretim Kurulunca belirlenen e\u015fde\u011ferlilik tablolar\u0131 kullan\u0131lacakt\u0131r.<\/p>\n<ul>\n<li><a href=\"http:\/\/www.yok.gov.tr\/index.php?option=com_docman&amp;task=doc_download&amp;gid=573\">4 l\u00fck Sistemin 100 l\u00fck Sistemde E\u015fde\u011ferlili\u011fi<\/a><\/li>\n<li><a href=\"http:\/\/www.yok.gov.tr\/index.php?option=com_docman&amp;task=doc_download&amp;gid=572\">5 lik Sistemin 100 l\u00fck Sistemde E\u015fde\u011ferlili\u011fi <\/a><\/li>\n<\/ul>\n<p>g) Yabanc\u0131 dil puan\u0131n\u0131n hesaplanmas\u0131nda ise \u00d6l\u00e7me, Se\u00e7me ve Yerle\u015ftirme Merkezi Ba\u015fkanl\u0131\u011f\u0131nca belirlenen <a href=\"http:\/\/osym.gov.tr\/dosya\/1-61182\/h\/yabanci-dil-sinavlari-esdegerlikleri-10aralik2012.pdf\" target=\"_blank\"><strong>Yabanc\u0131 Dil E\u015fde\u011ferlilikleri<\/strong><\/a> kullan\u0131lacakt\u0131r.<\/p>\n<p><strong>Ba\u015fvurular<\/strong><\/p>\n<p>\u00d6YP ba\u015fvurular\u0131 <strong><span style=\"color: #0000ff;\">21.12.2012-28.12.2012<\/span><\/strong> tarihleri aras\u0131nda, Y\u00fcksek\u00f6\u011fretim Kurulu resmi internet sitesinde a\u00e7\u0131klanacak <a href=\"http:\/\/oyp2.yok.gov.tr\/OypDuyuru\" target=\"_blank\"><strong>\u00d6YP yerle\u015ftirme program\u0131 \u00fczerinden yap\u0131lacakt\u0131r.<\/strong><\/a> <em>Adaylar ba\u015fvurular\u0131n\u0131 10 tercihi ge\u00e7meyecek \u015fekilde beyana dayal\u0131 olarak yapacakt\u0131r. Yanl\u0131\u015f beyanda bulunarak atanmaya hak kazanan adaylar\u0131n atamalar\u0131 yap\u0131lmayacakt\u0131r.<\/em><\/p>\n<\/div>\n<p>Yerle\u015ftirmeler Genel not ortalamas\u0131n\u0131n % 25&#8217;i, ALES puan\u0131n\u0131n %60&#8217;\u0131, varsa yabanc\u0131 dil puan\u0131n\u0131n %15&#8217;i esas al\u0131narak yap\u0131lacakt\u0131r.<\/p>\n<p><strong>Sonu\u00e7lar <span style=\"color: #0000ff;\">03.01.2013<\/span> tarihinde \u00d6YP yerle\u015ftirme program\u0131 \u00fczerinden a\u00e7\u0131klanacakt\u0131r.<\/strong><\/p>\n<\/div>\n<\/td>\n<\/tr>\n<\/tbody>\n<\/table>\n<p>Kaynak: Y\u00d6K<\/p>\n","protected":false},"excerpt":{"rendered":"<p>\u201c\u00d6\u011fretim \u00dcyesi Yeti\u015ftirme Program\u0131 (\u00d6YP) \u0130li\u015fkin usul ve Esaslar&#8221; uyar\u0131nca, Y\u00fcksek\u00f6\u011fretim Kurumlar\u0131m\u0131z\u0131n ara\u015ft\u0131rma g\u00f6revlisi kadrolar\u0131na yerle\u015ftirme yap\u0131lacakt\u0131r. \u00d6YP 2012 Aral\u0131k kadrolar\u0131 a\u00e7\u0131kland\u0131; BBY alan\u0131 i\u00e7in ilgili \u00fcniversite kadrolar\u0131 a\u015fa\u011f\u0131da verilmi\u015ftir.<\/p>\n","protected":false},"author":1,"featured_media":0,"comment_status":"open","ping_status":"open","sticky":false,"template":"","format":"standard","meta":{"footnotes":""},"categories":[1547],"tags":[1397],"class_list":["post-8344","post","type-post","status-publish","format-standard","hentry","category-bby-oyp","tag-bby-oyp-3"],"_links":{"self":[{"href":"https:\/\/www.bbyhaber.com\/bby\/wp-json\/wp\/v2\/posts\/8344"}],"collection":[{"href":"https:\/\/www.bbyhaber.com\/bby\/wp-json\/wp\/v2\/posts"}],"about":[{"href":"https:\/\/www.bbyhaber.com\/bby\/wp-json\/wp\/v2\/types\/post"}],"author":[{"embeddable":true,"href":"https:\/\/www.bbyhaber.com\/bby\/wp-json\/wp\/v2\/users\/1"}],"replies":[{"embeddable":true,"href":"https:\/\/www.bbyhaber.com\/bby\/wp-json\/wp\/v2\/comments?post=8344"}],"version-history":[{"count":0,"href":"https:\/\/www.bbyhaber.com\/bby\/wp-json\/wp\/v2\/posts\/8344\/revisions"}],"wp:attachment":[{"href":"https:\/\/www.bbyhaber.com\/bby\/wp-json\/wp\/v2\/media?parent=8344"}],"wp:term":[{"taxonomy":"category","embeddable":true,"href":"https:\/\/www.bbyhaber.com\/bby\/wp-json\/wp\/v2\/categories?post=8344"},{"taxonomy":"post_tag","embeddable":true,"href":"https:\/\/www.bbyhaber.com\/bby\/wp-json\/wp\/v2\/tags?post=8344"}],"curies":[{"name":"wp","href":"https:\/\/api.w.org\/{rel}","templated":true}]}}