{"id":834,"date":"2010-05-11T21:44:17","date_gmt":"2010-05-11T21:44:17","guid":{"rendered":"http:\/\/www.bbyhaber.com\/bby\/?p=834"},"modified":"2011-11-15T21:46:37","modified_gmt":"2011-11-15T21:46:37","slug":"gorme-engelliler-icin-sesli-kutuphane-projesi-sakarya","status":"publish","type":"post","link":"https:\/\/www.bbyhaber.com\/bby\/2010\/05\/11\/gorme-engelliler-icin-sesli-kutuphane-projesi-sakarya","title":{"rendered":"G\u00f6rme Engelliler \u0130\u00e7in Sesli K\u00fct\u00fcphane Projesi &#8211; Sakarya"},"content":{"rendered":"<p style=\"text-align: justify;\">akarya \u0130l Milli E\u011fitim M\u00fcd\u00fcrl\u00fc\u011f\u00fc taraf\u0131ndan geli\u015ftirilen G\u00f6rme Engelliler i\u00e7in Sesli K\u00fct\u00fcphane Projesi \u00e7al\u0131\u015fmalar\u0131 t\u00fcm h\u0131z\u0131yla devam ediyor. Proje kapsam\u0131nda d\u00fczenlenen &#8220;G\u00f6rme Engelliler \u0130\u00e7in Sesli K\u00fct\u00fcphane Olu\u015ftural\u0131m Yar\u0131\u015fmas\u0131&#8221;na okullar b\u00fcy\u00fck ilgi g\u00f6sterdi. Yar\u0131\u015fmaya kat\u0131lan okullardan Adapazar\u0131 Mehmet Akif Ersoy \u0130MKB End\u00fcstri Meslek Lisesi \u00f6\u011frencileri st\u00fcdyoda g\u00fcnlerce \u00e7al\u0131\u015farak g\u00f6rme engelliler i\u00e7in kitap seslendirmesi yapt\u0131lar. Okulun projelerden sorumlu m\u00fcd\u00fcr yard\u0131mc\u0131s\u0131 Selim Akg\u00fcnler Sosyal Sorumluluk projesinde g\u00f6rev almaktan b\u00fcy\u00fck mutluluk duyduklar\u0131n\u0131 belirtti.<\/p>\n<p style=\"text-align: justify;\" align=\"justify\">\u0130l Milli E\u011fitim M\u00fcd\u00fcrl\u00fc\u011f\u00fc ile Arifiye Belediyesi i\u015fbirli\u011finde d\u00fczenlenen yar\u0131\u015fmada dereceye giren \u00f6\u011frencilere \u00f6d\u00fclleri 14 May\u0131s Cuma g\u00fcn\u00fc saat 14.00&#8217;de AKM&#8217;de yap\u0131lacak programla verilecek. \u0130l Milli E\u011fitim \u015eube M\u00fcd\u00fcr\u00fc Mustafa Akg\u00fcn ba\u015fkanl\u0131\u011f\u0131nda toplanan G\u00f6rme Engelliler Sesli K\u00fct\u00fcphane Projesi komisyon \u00fcyeleri AKM&#8217;de d\u00fczenlenecek \u00f6d\u00fcl t\u00f6reni i\u00e7in son haz\u0131rl\u0131klar\u0131n yap\u0131ld\u0131\u011f\u0131n\u0131 belirterek, programda g\u00f6rme engelliler i\u00e7in sesli kitap da\u011f\u0131t\u0131m\u0131n\u0131n da yap\u0131laca\u011f\u0131n\u0131 ifade ettiler.\u00a0<strong><\/strong><\/p>\n<p style=\"text-align: justify;\" align=\"justify\">Kaynak: <a href=\"http:\/\/www.haberciniz.biz\/\" target=\"_blank\">http:\/\/www.haberciniz.biz<\/a><\/p>\n","protected":false},"excerpt":{"rendered":"<p>akarya \u0130l Milli E\u011fitim M\u00fcd\u00fcrl\u00fc\u011f\u00fc taraf\u0131ndan geli\u015ftirilen G\u00f6rme Engelliler i\u00e7in Sesli K\u00fct\u00fcphane Projesi \u00e7al\u0131\u015fmalar\u0131 t\u00fcm h\u0131z\u0131yla devam ediyor. Proje kapsam\u0131nda d\u00fczenlenen &#8220;G\u00f6rme Engelliler \u0130\u00e7in Sesli K\u00fct\u00fcphane Olu\u015ftural\u0131m Yar\u0131\u015fmas\u0131&#8221;na okullar b\u00fcy\u00fck ilgi g\u00f6sterdi. Yar\u0131\u015fmaya kat\u0131lan okullardan Adapazar\u0131 Mehmet Akif Ersoy \u0130MKB End\u00fcstri Meslek Lisesi \u00f6\u011frencileri st\u00fcdyoda g\u00fcnlerce \u00e7al\u0131\u015farak g\u00f6rme engelliler i\u00e7in kitap seslendirmesi yapt\u0131lar. Okulun projelerden [&hellip;]<\/p>\n","protected":false},"author":1,"featured_media":0,"comment_status":"open","ping_status":"open","sticky":false,"template":"","format":"standard","meta":{"footnotes":""},"categories":[1484,1485,1,1487,1503],"tags":[],"class_list":["post-834","post","type-post","status-publish","format-standard","hentry","category-engelliler-icin-bilgi-merkezleri","category-engelliler-icin-kutuphane","category-genel","category-gorme-engelli-kutuphane","category-sesli-kutuphane"],"_links":{"self":[{"href":"https:\/\/www.bbyhaber.com\/bby\/wp-json\/wp\/v2\/posts\/834"}],"collection":[{"href":"https:\/\/www.bbyhaber.com\/bby\/wp-json\/wp\/v2\/posts"}],"about":[{"href":"https:\/\/www.bbyhaber.com\/bby\/wp-json\/wp\/v2\/types\/post"}],"author":[{"embeddable":true,"href":"https:\/\/www.bbyhaber.com\/bby\/wp-json\/wp\/v2\/users\/1"}],"replies":[{"embeddable":true,"href":"https:\/\/www.bbyhaber.com\/bby\/wp-json\/wp\/v2\/comments?post=834"}],"version-history":[{"count":0,"href":"https:\/\/www.bbyhaber.com\/bby\/wp-json\/wp\/v2\/posts\/834\/revisions"}],"wp:attachment":[{"href":"https:\/\/www.bbyhaber.com\/bby\/wp-json\/wp\/v2\/media?parent=834"}],"wp:term":[{"taxonomy":"category","embeddable":true,"href":"https:\/\/www.bbyhaber.com\/bby\/wp-json\/wp\/v2\/categories?post=834"},{"taxonomy":"post_tag","embeddable":true,"href":"https:\/\/www.bbyhaber.com\/bby\/wp-json\/wp\/v2\/tags?post=834"}],"curies":[{"name":"wp","href":"https:\/\/api.w.org\/{rel}","templated":true}]}}