{"id":8339,"date":"2012-12-14T12:37:05","date_gmt":"2012-12-14T10:37:05","guid":{"rendered":"http:\/\/www.bbyhaber.com\/bby\/?p=8339"},"modified":"2012-12-14T12:37:25","modified_gmt":"2012-12-14T10:37:25","slug":"koylere-hem-sinemayi-hem-kutuphaneyi-goturuyorlar-agri","status":"publish","type":"post","link":"https:\/\/www.bbyhaber.com\/bby\/2012\/12\/14\/koylere-hem-sinemayi-hem-kutuphaneyi-goturuyorlar-agri","title":{"rendered":"K\u00f6ylere Hem Sinemay\u0131 Hem K\u00fct\u00fcphaneyi G\u00f6t\u00fcr\u00fcyorlar-A\u011fr\u0131"},"content":{"rendered":"<p style=\"text-align: justify;\">K\u00fclt\u00fcr ve Turizm M\u00fcd\u00fcrl\u00fc\u011f\u00fc, Sosyal Destek Program\u0131 (SODES) kapsam\u0131nda hizmete sundu\u011fu gezici k\u00fct\u00fcphane ve sinemayla A\u011fr\u0131l\u0131lar\u0131n hayat\u0131n\u0131 renklendiriyor. A\u011fr\u0131 K\u00fclt\u00fcr ve Turizm M\u00fcd\u00fcr\u00fc Muhsin Bulut, AA muhabirine yapt\u0131\u011f\u0131 a\u00e7\u0131klamada, gezici sinema ve k\u00fct\u00fcphane arac\u0131yla kentin en \u00fccra k\u00f6\u015fesinde bulunan vatanda\u015flar\u0131 sinema ve gezici k\u00fct\u00fcphaneyle bulu\u015fturduklar\u0131n\u0131 s\u00f6yledi.<!--more--><\/p>\n<p style=\"text-align: justify;\">Bulut, yakla\u015f\u0131k 15 ay \u00f6nce hayata ge\u00e7irilen projenin Kalk\u0131nma Bakanl\u0131\u011f\u0131&#8217;nca finanse edildi\u011fini belirterek, &#8220;A\u011fr\u0131 ve il\u00e7elerinde toplam 400&#8217;\u00fc okul olmak \u00fczere kenar mahalleler ve k\u00f6ylerde 525 sinema g\u00f6sterimi yap\u0131lm\u0131\u015ft\u0131r. \u00c7ocuklar\u0131m\u0131z\u0131 sinemayla bulu\u015fturmak bizim i\u00e7in bir keyifti&#8221; dedi.<\/p>\n<p style=\"text-align: justify;\">Gezici k\u00fct\u00fcphane ve sinema arac\u0131nda \u00f6zel tasar\u0131m yap\u0131ld\u0131\u011f\u0131n\u0131 anlatan Bulut, \u015funlar\u0131 kaydetti:<\/p>\n<p style=\"text-align: justify;\">&#8220;Yaz aylar\u0131nda daha \u00e7ok yazl\u0131k sinema niteli\u011finde olan bu faaliyetimiz mevsimsel \u015fartlar\u0131n zor oldu\u011fu g\u00fcnlerde ise ara\u00e7 i\u00e7inde g\u00f6sterim yap\u0131l\u0131yor. \u00d6zellikle \u015fehir d\u0131\u015f\u0131nda kalan k\u00f6y okullar\u0131nda okuyan \u00e7ocuklar\u0131m\u0131z sinema ve k\u00fct\u00fcphaneye gelemiyordu. K\u00fct\u00fcphaneye ula\u015fmalar\u0131nda ciddi bir s\u0131k\u0131nt\u0131 vard\u0131. G\u00f6sterimlerde K\u00fclt\u00fcr ve Turizm Bakanl\u0131\u011f\u0131m\u0131zca g\u00f6nderilen ve telif hakk\u0131 bakanl\u0131\u011f\u0131m\u0131za ait olan filmler g\u00f6sterime sunuluyor. Ayr\u0131ca proje kapsam\u0131nda 1 adet ara\u00e7 sat\u0131n al\u0131nd\u0131. Projede 2011 y\u0131l\u0131nda 2 ki\u015fi, 2012 y\u0131l\u0131nda ise 2 ki\u015finin istihdam\u0131 sa\u011flanm\u0131\u015ft\u0131r. Proje sayesinde \u015fimdiye kadar yakla\u015f\u0131k olarak 5 bin ki\u015fi sinemayla bulu\u015ftu.&#8221;<\/p>\n<p style=\"text-align: justify;\">-&#8220;Kitaplar \u00f6\u011frencilerin aya\u011f\u0131na g\u00f6t\u00fcr\u00fcl\u00fcyor&#8221;-<\/p>\n<p style=\"text-align: justify;\">Bulut, m\u00fcd\u00fcrl\u00fcklerine ait gezici k\u00fct\u00fcphane arac\u0131n\u0131n da proje kapsam\u0131nda d\u00fczenlendi\u011fini belirterek, faaliyetlerinin aral\u0131ks\u0131z devam etti\u011fine dikkati \u00e7ekti. Bulut, \u015f\u00f6yle devam etti:<\/p>\n<p style=\"text-align: justify;\">&#8220;M\u00fcd\u00fcrl\u00fc\u011f\u00fcm\u00fcz, Toplum Yarar\u0131na \u00c7al\u0131\u015fma Program\u0131 kapsam\u0131nda bu projeyi yeniden hayata ge\u00e7irmi\u015ftir. 15 ayl\u0131k s\u00fcrede baz\u0131 k\u00f6ylere birka\u00e7 kez gidilmek suretiyle toplam 450 k\u00f6ye gidilmi\u015f, 7 bin okuyucuya ula\u015f\u0131lm\u0131\u015ft\u0131r. Bu ciddi bir rakamd\u0131r. Yakla\u015f\u0131k olarak k\u00f6ylerde okuyan 3 bin \u00f6\u011frencimiz k\u00fct\u00fcphaneye \u00fcye olmu\u015ftur. Gezici k\u00fct\u00fcphane arac\u0131 sayesinde k\u00fct\u00fcphaneyi okuyucunun kap\u0131s\u0131na kadar g\u00f6t\u00fcr\u00fcyoruz. Proje kapsam\u0131nda ald\u0131\u011f\u0131m\u0131z bu kitaplar\u0131 okuyucuyla bulu\u015fturuyoruz. \u00d6\u011frencilerimizin \u00fcretkenli\u011fine katk\u0131da bulunmak elbette bizim i\u00e7in keyif verici.&#8221;<\/p>\n<p style=\"text-align: justify;\">Gezici k\u00fct\u00fcphane i\u00e7erisinde 5 bin 422 kitap bulundu\u011funu, proje sayesinde okuyan A\u011fr\u0131 profilini olu\u015fturmak istediklerini anlatan Bulut, konu\u015fmas\u0131n\u0131 \u015f\u00f6yle tamamlad\u0131:<\/p>\n<p style=\"text-align: justify;\">&#8220;\u00d6zellikle k\u00fct\u00fcphane ve sinema etkinli\u011finde, uzakta olan k\u00f6y okullar\u0131 ve kentin d\u0131\u015f\u0131nda ya\u015fayan halk\u0131m\u0131z\u0131n aya\u011f\u0131na hizmeti g\u00f6t\u00fcrd\u00fck. Projelerimiz her g\u00fcn alanda olma zorunlulu\u011fuyla uyguland\u0131. Yani haftan\u0131n 5 g\u00fcn\u00fc okuyucuyla bulu\u015ftuk, sinemaseverle bir araya geldik. 2013 y\u0131l\u0131 i\u00e7erisinde ise daha \u00e7ok yat\u0131l\u0131 okul \u00f6\u011frencilerine ak\u015famlar\u0131 okullar\u0131n kapal\u0131 mekanlar\u0131nda sinema makinesiyle g\u00f6sterimlerin yap\u0131lmas\u0131yla yine bu okullara gezici k\u00fct\u00fcphane hizmetine dair \u00e7al\u0131\u015fmalar\u0131m\u0131z devam ediyor. Okuyan, \u00fcreten, analiz eden bireylerin geli\u015fimine katk\u0131da bulunmak i\u00e7in devam eden projelerimiz Bakanl\u0131\u011f\u0131m\u0131z, Valili\u011fimiz deste\u011fiyle 2013 y\u0131l\u0131nda da s\u00fcrecek.&#8221;<\/p>\n<p style=\"text-align: justify;\">A\u011fr\u0131 merkeze ba\u011fl\u0131 Yaz\u0131c\u0131 k\u00f6y\u00fcndeki film g\u00f6sterimi ve kitap okuma etkinli\u011fine kat\u0131lan Bulut, \u00f6\u011frencilere \u00e7ikolata, kuru pasta, meyve suyu ve kitap verdi. Bulut daha sonra \u00f6\u011frencilerle film izledi.<\/p>\n<p>Kaynak: http:\/\/www.haberler.com<\/p>\n","protected":false},"excerpt":{"rendered":"<p>K\u00fclt\u00fcr ve Turizm M\u00fcd\u00fcrl\u00fc\u011f\u00fc, Sosyal Destek Program\u0131 (SODES) kapsam\u0131nda hizmete sundu\u011fu gezici k\u00fct\u00fcphane ve sinemayla A\u011fr\u0131l\u0131lar\u0131n hayat\u0131n\u0131 renklendiriyor. A\u011fr\u0131 K\u00fclt\u00fcr ve Turizm M\u00fcd\u00fcr\u00fc Muhsin Bulut, AA muhabirine yapt\u0131\u011f\u0131 a\u00e7\u0131klamada, gezici sinema ve k\u00fct\u00fcphane arac\u0131yla kentin en \u00fccra k\u00f6\u015fesinde bulunan vatanda\u015flar\u0131 sinema ve gezici k\u00fct\u00fcphaneyle bulu\u015fturduklar\u0131n\u0131 s\u00f6yledi.<\/p>\n","protected":false},"author":1,"featured_media":0,"comment_status":"open","ping_status":"open","sticky":false,"template":"","format":"standard","meta":{"footnotes":""},"categories":[1,1486],"tags":[1440],"class_list":["post-8339","post","type-post","status-publish","format-standard","hentry","category-genel","category-gezici-kutuphane","tag-gezici-kutuphaneler"],"_links":{"self":[{"href":"https:\/\/www.bbyhaber.com\/bby\/wp-json\/wp\/v2\/posts\/8339"}],"collection":[{"href":"https:\/\/www.bbyhaber.com\/bby\/wp-json\/wp\/v2\/posts"}],"about":[{"href":"https:\/\/www.bbyhaber.com\/bby\/wp-json\/wp\/v2\/types\/post"}],"author":[{"embeddable":true,"href":"https:\/\/www.bbyhaber.com\/bby\/wp-json\/wp\/v2\/users\/1"}],"replies":[{"embeddable":true,"href":"https:\/\/www.bbyhaber.com\/bby\/wp-json\/wp\/v2\/comments?post=8339"}],"version-history":[{"count":0,"href":"https:\/\/www.bbyhaber.com\/bby\/wp-json\/wp\/v2\/posts\/8339\/revisions"}],"wp:attachment":[{"href":"https:\/\/www.bbyhaber.com\/bby\/wp-json\/wp\/v2\/media?parent=8339"}],"wp:term":[{"taxonomy":"category","embeddable":true,"href":"https:\/\/www.bbyhaber.com\/bby\/wp-json\/wp\/v2\/categories?post=8339"},{"taxonomy":"post_tag","embeddable":true,"href":"https:\/\/www.bbyhaber.com\/bby\/wp-json\/wp\/v2\/tags?post=8339"}],"curies":[{"name":"wp","href":"https:\/\/api.w.org\/{rel}","templated":true}]}}