{"id":8319,"date":"2012-12-13T14:33:18","date_gmt":"2012-12-13T11:33:18","guid":{"rendered":"http:\/\/www.bbyhaber.com\/bby\/?p=8319"},"modified":"2019-10-15T13:26:10","modified_gmt":"2019-10-15T10:26:10","slug":"abant-izzet-baysal-universitesi-kutuphaneci-alimi","status":"publish","type":"post","link":"https:\/\/www.bbyhaber.com\/bby\/2012\/12\/13\/abant-izzet-baysal-universitesi-kutuphaneci-alimi","title":{"rendered":"Abant \u0130zzet Baysal \u00dcniversitesi K\u00fct\u00fcphaneci Al\u0131m\u0131"},"content":{"rendered":"<p style=\"text-align: justify;\"><a href=\"http:\/\/www.bbyhaber.com\/bby\/category\/bby-is-ilanlari\/\"><img loading=\"lazy\" decoding=\"async\" class=\"alignleft\" src=\"http:\/\/www.bbyhaber.com\/bby\/wp-content\/uploads\/is-ilanlari-arsivi.jpg\" alt=\"\" width=\"250\" height=\"150\" \/><\/a><a href=\"http:\/\/kddb.ibu.edu.tr\/\" target=\"_blank\" rel=\"noopener\">Abant \u0130zzet Baysal \u00dcniversitesi K\u00fct\u00fcphane ve Dok\u00fcmantasyon Daire Ba\u015fkanl\u0131\u011f<\/a>\u0131na a\u015fa\u011f\u0131da belirtilen ko\u015fullarda k\u00fct\u00fcphaneci istihdam edilecektir.<!--more--><\/p>\n<p style=\"text-align: justify;\">Kadro: K\u00fct\u00fcphaneci kadrosu veya akademik uzman kadrosu (Aday\u0131n kriterleri uygun ise)<br \/>\nAtanacak adaylarda aran\u0131lan nitelikler:<\/p>\n<p>1. Bilgi ve Belge Y\u00f6netimi B\u00f6l\u00fcm\u00fc mezunu olmak,<\/p>\n<p>2. Naklen atanacak adaylarda bulundu\u011fu kurumun muvaffakat\u0131n\u0131 alabilmek,<\/p>\n<p style=\"text-align: justify;\">3. Akademik uzman kadrosuna atanacak ki\u015filer i\u00e7in daha \u00f6nceden ba\u015fka bir kurumda akademik \u00fcnvanla \u00e7al\u0131\u015fm\u0131\u015f olanlar ALES&#8217;ten muaft\u0131r, dil \u015fart\u0131 ise \u00dcDS\/KPDS 50 olma zorunlulu\u011fu bulunmaktad\u0131r.<\/p>\n<p style=\"text-align: justify;\"><span style=\"color: #0000ff;\"><strong>Ba\u015fvuru ve ileti\u015fim adresi:<\/strong><\/span><br \/>\nAbant \u0130zzet Baysal \u00dcniversitesi K\u00fct\u00fcphane ve Dok\u00fcmantasyon Daire Ba\u015fkanl\u0131\u011f\u0131, BOLU<br \/>\nDr. Leyla KANIK ,<br \/>\nTel. 90 374 253 4655,<br \/>\nleylakanik1986@gmail.com,<br \/>\nkanik_l@ibu.edu.tr<\/p>\n","protected":false},"excerpt":{"rendered":"<p>Abant \u0130zzet Baysal \u00dcniversitesi K\u00fct\u00fcphane ve Dok\u00fcmantasyon Daire Ba\u015fkanl\u0131\u011f\u0131na a\u015fa\u011f\u0131da belirtilen ko\u015fullarda k\u00fct\u00fcphaneci istihdam edilecektir.<\/p>\n","protected":false},"author":1,"featured_media":0,"comment_status":"open","ping_status":"open","sticky":false,"template":"","format":"standard","meta":{"footnotes":""},"categories":[1508],"tags":[1393,1464,1211],"class_list":["post-8319","post","type-post","status-publish","format-standard","hentry","category-universite-kutuphaneleri-is-ilanlari","tag-bby-is-ilanlari-arsivi","tag-naklen-atamalar","tag-naklen-kutuphaneci-ilanlari"],"_links":{"self":[{"href":"https:\/\/www.bbyhaber.com\/bby\/wp-json\/wp\/v2\/posts\/8319"}],"collection":[{"href":"https:\/\/www.bbyhaber.com\/bby\/wp-json\/wp\/v2\/posts"}],"about":[{"href":"https:\/\/www.bbyhaber.com\/bby\/wp-json\/wp\/v2\/types\/post"}],"author":[{"embeddable":true,"href":"https:\/\/www.bbyhaber.com\/bby\/wp-json\/wp\/v2\/users\/1"}],"replies":[{"embeddable":true,"href":"https:\/\/www.bbyhaber.com\/bby\/wp-json\/wp\/v2\/comments?post=8319"}],"version-history":[{"count":1,"href":"https:\/\/www.bbyhaber.com\/bby\/wp-json\/wp\/v2\/posts\/8319\/revisions"}],"predecessor-version":[{"id":27228,"href":"https:\/\/www.bbyhaber.com\/bby\/wp-json\/wp\/v2\/posts\/8319\/revisions\/27228"}],"wp:attachment":[{"href":"https:\/\/www.bbyhaber.com\/bby\/wp-json\/wp\/v2\/media?parent=8319"}],"wp:term":[{"taxonomy":"category","embeddable":true,"href":"https:\/\/www.bbyhaber.com\/bby\/wp-json\/wp\/v2\/categories?post=8319"},{"taxonomy":"post_tag","embeddable":true,"href":"https:\/\/www.bbyhaber.com\/bby\/wp-json\/wp\/v2\/tags?post=8319"}],"curies":[{"name":"wp","href":"https:\/\/api.w.org\/{rel}","templated":true}]}}