{"id":8316,"date":"2012-12-13T09:26:56","date_gmt":"2012-12-13T07:26:56","guid":{"rendered":"http:\/\/www.bbyhaber.com\/bby\/?p=8316"},"modified":"2012-12-13T09:27:08","modified_gmt":"2012-12-13T07:27:08","slug":"patnosta-sodes-kapsaminda-kutuphane-acildi-agri","status":"publish","type":"post","link":"https:\/\/www.bbyhaber.com\/bby\/2012\/12\/13\/patnosta-sodes-kapsaminda-kutuphane-acildi-agri","title":{"rendered":"Patnos&#8217;ta SODES Kapsam\u0131nda K\u00fct\u00fcphane A\u00e7\u0131ld\u0131-A\u011fr\u0131"},"content":{"rendered":"<p style=\"text-align: justify;\">K\u00fct\u00fcphane a\u00e7\u0131l\u0131\u015f\u0131na Patnos Kaymakam\u0131 \u00dczeyir Y\u0131lmaz, Jandarma Alay Komutan\u0131 Vekili Binba\u015f\u0131 Erol Sat\u0131lm\u0131\u015f, AKP \u0130l\u00e7e Ba\u015fkan\u0131 Fatih I\u015f\u0131k,Emniyet M\u00fcd\u00fcr\u00fc C\u00fcneyt Yaman, Milli E\u011fitim M\u00fcd\u00fcr\u00fc Salih Eskin, Sivil Toplum Kurulu\u015fu temsilcileri ve okul idarecileri kat\u0131ld\u0131. SODES taraf\u0131ndan yapt\u0131r\u0131lan k\u00fct\u00fcphaneni a\u00e7\u0131l\u0131\u015f kurdelas\u0131n\u0131 kesen Kaymakam Y\u0131lmaz ve Alay Komutan\u0131 Erol Sat\u0131lm\u0131\u015f Patnos&#8217;a ve \u00e7ocuklar\u0131m\u0131za hay\u0131rl\u0131 u\u011furlu olsun dediler. Kaymakam Y\u0131lmaz,K\u00fct\u00fcphanemizde \u015fuan 8 bin kitap var.Her ge\u00e7en g\u00fcn bu say\u0131 y\u00fckselecektir. Bu kadar kitaplarda se\u00e7me \u00f6zg\u00fcrl\u00fc\u011f\u00fc var. <!--more--><\/p>\n<p style=\"text-align: justify;\">&#8220;Bizler dilimizi d\u00fc\u015f\u00fcncemizi geli\u015ftirebilmemiz i\u00e7in kitapl\u0131klar\u0131m\u0131z\u0131, kitaplar\u0131m\u0131z\u0131 \u00e7o\u011faltmal\u0131y\u0131z diye d\u00fc\u015f\u00fcn\u00fcyorum. G\u00fcn\u00fcm\u00fcz \u00e7ocu\u011fu bamba\u015fka bir ortama d\u00f6nd\u00fc. \u00c7ocuklar\u0131m\u0131z teknoloji \u00e7a\u011f\u0131nda do\u011fdu ve biz onu anlayabildi\u011fimiz oranlarda masallar\u0131m\u0131za hikayelerimize yans\u0131tarak \u00e7ok zor olan bir \u015feyi ba\u015farmaya \u00e7al\u0131yoruz. \u00c7ocuklara okuma sevgisi vermeye \u00e7al\u0131\u015f\u0131yoruz&#8221; dedi. Kaymakam Y\u0131lmaz ayr\u0131ca, bu projenin il\u00e7emize kazand\u0131r\u0131lmas\u0131nda b\u00fcy\u00fck eme\u011fi olan say\u0131n Valimize ve SODES ofisinde \u00e7al\u0131\u015fan, \u00dcmit bey, Tufan bey ve ayr\u0131ca Adem beye te\u015fekk\u00fcrlerimizi sunuyoruz dedi.Daha sonra konu\u015fan Milli E\u011fitim M\u00fcd\u00fcr\u00fc Salih Eskin, &#8220;SODES kapsam\u0131nda kurdu\u011fumuz k\u00fct\u00fcphanenin a\u00e7\u0131l\u0131\u015f\u0131n\u0131 yapt\u0131k. \u00d6\u011frencilerimize kitap okuma al\u0131\u015fkanl\u0131\u011f\u0131n\u0131 kazand\u0131raca\u011f\u0131z ve sevdirece\u011fiz. K\u00fct\u00fcphanemizin hay\u0131rl\u0131 olmas\u0131n\u0131 diliyorum&#8221; diye konu\u015ftu.<\/p>\n<p>Kaynak: http:\/\/www.agrihurses.net<\/p>\n","protected":false},"excerpt":{"rendered":"<p>K\u00fct\u00fcphane a\u00e7\u0131l\u0131\u015f\u0131na Patnos Kaymakam\u0131 \u00dczeyir Y\u0131lmaz, Jandarma Alay Komutan\u0131 Vekili Binba\u015f\u0131 Erol Sat\u0131lm\u0131\u015f, AKP \u0130l\u00e7e Ba\u015fkan\u0131 Fatih I\u015f\u0131k,Emniyet M\u00fcd\u00fcr\u00fc C\u00fcneyt Yaman, Milli E\u011fitim M\u00fcd\u00fcr\u00fc Salih Eskin, Sivil Toplum Kurulu\u015fu temsilcileri ve okul idarecileri kat\u0131ld\u0131. SODES taraf\u0131ndan yapt\u0131r\u0131lan k\u00fct\u00fcphaneni a\u00e7\u0131l\u0131\u015f kurdelas\u0131n\u0131 kesen Kaymakam Y\u0131lmaz ve Alay Komutan\u0131 Erol Sat\u0131lm\u0131\u015f Patnos&#8217;a ve \u00e7ocuklar\u0131m\u0131za hay\u0131rl\u0131 u\u011furlu olsun dediler. [&hellip;]<\/p>\n","protected":false},"author":1,"featured_media":0,"comment_status":"open","ping_status":"open","sticky":false,"template":"","format":"standard","meta":{"footnotes":""},"categories":[1],"tags":[],"class_list":["post-8316","post","type-post","status-publish","format-standard","hentry","category-genel"],"_links":{"self":[{"href":"https:\/\/www.bbyhaber.com\/bby\/wp-json\/wp\/v2\/posts\/8316"}],"collection":[{"href":"https:\/\/www.bbyhaber.com\/bby\/wp-json\/wp\/v2\/posts"}],"about":[{"href":"https:\/\/www.bbyhaber.com\/bby\/wp-json\/wp\/v2\/types\/post"}],"author":[{"embeddable":true,"href":"https:\/\/www.bbyhaber.com\/bby\/wp-json\/wp\/v2\/users\/1"}],"replies":[{"embeddable":true,"href":"https:\/\/www.bbyhaber.com\/bby\/wp-json\/wp\/v2\/comments?post=8316"}],"version-history":[{"count":0,"href":"https:\/\/www.bbyhaber.com\/bby\/wp-json\/wp\/v2\/posts\/8316\/revisions"}],"wp:attachment":[{"href":"https:\/\/www.bbyhaber.com\/bby\/wp-json\/wp\/v2\/media?parent=8316"}],"wp:term":[{"taxonomy":"category","embeddable":true,"href":"https:\/\/www.bbyhaber.com\/bby\/wp-json\/wp\/v2\/categories?post=8316"},{"taxonomy":"post_tag","embeddable":true,"href":"https:\/\/www.bbyhaber.com\/bby\/wp-json\/wp\/v2\/tags?post=8316"}],"curies":[{"name":"wp","href":"https:\/\/api.w.org\/{rel}","templated":true}]}}