{"id":831,"date":"2010-10-04T21:42:50","date_gmt":"2010-10-04T21:42:50","guid":{"rendered":"http:\/\/www.bbyhaber.com\/bby\/?p=831"},"modified":"2011-11-15T21:43:42","modified_gmt":"2011-11-15T21:43:42","slug":"gorme-engelliler-icin-hazirlanan-sesli-kutuphaneye-ilgi-artiyor","status":"publish","type":"post","link":"https:\/\/www.bbyhaber.com\/bby\/2010\/10\/04\/gorme-engelliler-icin-hazirlanan-sesli-kutuphaneye-ilgi-artiyor","title":{"rendered":"G\u00f6rme engelliler i\u00e7in haz\u0131rlanan sesli k\u00fct\u00fcphaneye ilgi art\u0131yor"},"content":{"rendered":"<p style=\"text-align: justify;\">Gaziantep Gen\u00e7 \u0130\u015fadamlar\u0131 Derne\u011fi&#8217;nin (GAG\u0130AD) sesli k\u00fct\u00fcphanesi b\u00fcy\u00fck ilgi g\u00f6r\u00fcyor.Sosyal Sorumluluk Projeleri (SODES) kapsam\u0131nda haz\u0131rlanan &#8216;G\u00f6rebilirim G\u00f6rme Engellilere Y\u00f6nelik Sesli K\u00fct\u00fcphane Projesi&#8217; i\u00e7in g\u00f6rme engelli derneklerin \u00fcyelerinin kat\u0131l\u0131mlar\u0131 ile sesli k\u00fct\u00fcphaneye yap\u0131lan geziler devam ediyor. G\u00f6rmeyenler K\u00fclt\u00fcr ve Birle\u015fme Derne\u011fi (G\u00d6RB\u0130R) ve Beyaz Baston K\u00f6rler Derne\u011fi \u00fcyeleri k\u00fct\u00fcphaneden faydaland\u0131. \u015eehitk\u00e2mil Belediyesi Han\u0131mlar Lokali i\u00e7erisinde bulunan k\u00fct\u00fcphaneden g\u00f6rme engelli vatanda\u015flar \u00fccretsiz olarak yararlanabiliyor.<\/p>\n<p style=\"text-align: justify;\" align=\"justify\">GAG\u0130AD&#8217;dan yap\u0131lan a\u00e7\u0131klamada, &#8220;Devlet Planlama Te\u015fkilat\u0131&#8217;n\u0131n, sosyal destek projeleri kapsam\u0131nda y\u00fcr\u00fctt\u00fc\u011f\u00fc proje kapsam\u0131nda bilgisayarlar, CD \u00e7alarlar, bilgisayar masalar\u0131, koltuk ve sandalyeler al\u0131nd\u0131. Her bilgisayarda g\u00f6rme engelliler i\u00e7in ekran okuma programlar\u0131 kuruldu. Bilgisayarlarda CD&#8217;ye okunmu\u015f toplam 200 eser bulunuyor. G\u00f6rme engelli vatanda\u015flar\u0131m\u0131z\u0131n daha etkin bir \u015fekilde bu eserlerden ve internet ortam\u0131ndan faydalanabilmesi i\u00e7in sesli k\u00fct\u00fcphaneye gezilerimiz devam edecek.&#8221; denildi.<strong><\/strong><\/p>\n<p style=\"text-align: justify;\" align=\"justify\">Kaynak: <a href=\"http:\/\/www.samanyoluhaber.com\/\" target=\"_blank\">http:\/\/www.samanyoluhaber.com<\/a><\/p>\n","protected":false},"excerpt":{"rendered":"<p>Gaziantep Gen\u00e7 \u0130\u015fadamlar\u0131 Derne\u011fi&#8217;nin (GAG\u0130AD) sesli k\u00fct\u00fcphanesi b\u00fcy\u00fck ilgi g\u00f6r\u00fcyor.Sosyal Sorumluluk Projeleri (SODES) kapsam\u0131nda haz\u0131rlanan &#8216;G\u00f6rebilirim G\u00f6rme Engellilere Y\u00f6nelik Sesli K\u00fct\u00fcphane Projesi&#8217; i\u00e7in g\u00f6rme engelli derneklerin \u00fcyelerinin kat\u0131l\u0131mlar\u0131 ile sesli k\u00fct\u00fcphaneye yap\u0131lan geziler devam ediyor. G\u00f6rmeyenler K\u00fclt\u00fcr ve Birle\u015fme Derne\u011fi (G\u00d6RB\u0130R) ve Beyaz Baston K\u00f6rler Derne\u011fi \u00fcyeleri k\u00fct\u00fcphaneden faydaland\u0131. \u015eehitk\u00e2mil Belediyesi Han\u0131mlar Lokali i\u00e7erisinde bulunan [&hellip;]<\/p>\n","protected":false},"author":1,"featured_media":0,"comment_status":"open","ping_status":"open","sticky":false,"template":"","format":"standard","meta":{"footnotes":""},"categories":[1484,1485,1,1487,1503],"tags":[],"class_list":["post-831","post","type-post","status-publish","format-standard","hentry","category-engelliler-icin-bilgi-merkezleri","category-engelliler-icin-kutuphane","category-genel","category-gorme-engelli-kutuphane","category-sesli-kutuphane"],"_links":{"self":[{"href":"https:\/\/www.bbyhaber.com\/bby\/wp-json\/wp\/v2\/posts\/831"}],"collection":[{"href":"https:\/\/www.bbyhaber.com\/bby\/wp-json\/wp\/v2\/posts"}],"about":[{"href":"https:\/\/www.bbyhaber.com\/bby\/wp-json\/wp\/v2\/types\/post"}],"author":[{"embeddable":true,"href":"https:\/\/www.bbyhaber.com\/bby\/wp-json\/wp\/v2\/users\/1"}],"replies":[{"embeddable":true,"href":"https:\/\/www.bbyhaber.com\/bby\/wp-json\/wp\/v2\/comments?post=831"}],"version-history":[{"count":0,"href":"https:\/\/www.bbyhaber.com\/bby\/wp-json\/wp\/v2\/posts\/831\/revisions"}],"wp:attachment":[{"href":"https:\/\/www.bbyhaber.com\/bby\/wp-json\/wp\/v2\/media?parent=831"}],"wp:term":[{"taxonomy":"category","embeddable":true,"href":"https:\/\/www.bbyhaber.com\/bby\/wp-json\/wp\/v2\/categories?post=831"},{"taxonomy":"post_tag","embeddable":true,"href":"https:\/\/www.bbyhaber.com\/bby\/wp-json\/wp\/v2\/tags?post=831"}],"curies":[{"name":"wp","href":"https:\/\/api.w.org\/{rel}","templated":true}]}}