{"id":8299,"date":"2012-12-12T16:49:21","date_gmt":"2012-12-12T14:49:21","guid":{"rendered":"http:\/\/www.bbyhaber.com\/bby\/?p=8299"},"modified":"2012-12-12T16:51:23","modified_gmt":"2012-12-12T14:51:23","slug":"kibris-turk-kutuphaneciler-dernegi-30-yil-kutlamasi","status":"publish","type":"post","link":"https:\/\/www.bbyhaber.com\/bby\/2012\/12\/12\/kibris-turk-kutuphaneciler-dernegi-30-yil-kutlamasi","title":{"rendered":"K\u0131br\u0131s T\u00fcrk K\u00fct\u00fcphaneciler Derne\u011fi 30.Y\u0131l Kutlamas\u0131"},"content":{"rendered":"<p style=\"text-align: justify;\"><img loading=\"lazy\" decoding=\"async\" class=\"alignleft\" src=\"http:\/\/duyuru.neu.edu.tr\/img\/yemekweb.jpg\" alt=\"\" width=\"240\" height=\"180\" \/>1982 y\u0131l\u0131nda kurulan <a href=\"http:\/\/www.ktkdernegi.org\/\" target=\"_blank\">K\u0131br\u0131s T\u00fcrk K\u00fct\u00fcphaneciler Derne\u011fi<\/a>\u2019nin 30. y\u0131l\u0131, <a href=\"http:\/\/www.ydu.edu.tr\/tr\/node\/538\" target=\"_blank\">Yak\u0131n Do\u011fu \u00dcniversitesi \u0130ktisadi ve \u0130dari Bilimler Fak\u00fcltesi Bilgi ve Belge Y\u00f6netimi B\u00f6l\u00fcm\u00fc<\/a>\u2019n\u00fcn de kat\u0131l\u0131m\u0131yla kutland\u0131. Dernek ba\u015fkan\u0131 Rukiye Kaymak, 30. y\u0131lda giderek artan \u00fcye say\u0131s\u0131yla \u00fclkemizde bilgi sekt\u00f6r\u00fcndeki canlanman\u0131n akademik bir b\u00f6l\u00fcmle de \u015fekillenmesinin mutluluk verici oldu\u011funa dikkat \u00e7ekti.<!--more--><\/p>\n<p style=\"text-align: justify;\">B\u00f6l\u00fcm Ba\u015fkan\u0131 Do\u00e7. Dr. Mustafa SA\u011eSAN ise, sivil toplum kurulu\u015flar\u0131yla B\u00f6l\u00fcm\u2019\u00fcn i\u015fbirli\u011fi i\u00e7erisinde olunmas\u0131n\u0131n 21. y\u00fczy\u0131l i\u015fletmelerinde art\u0131k bir zorunluluk haline geldi\u011finin alt\u0131n\u0131 \u00e7izdi. Yemek, adadaki hem bilgi y\u00f6neticilerini ve k\u00fct\u00fcphanecileri hem de bilgi y\u00f6neticisi adaylar\u0131n\u0131 bir araya getirmesi ve bilgi hizmetleri alan\u0131ndaki ilgili partnerlerin i\u015fbirli\u011fini harekete ge\u00e7irmesi a\u00e7\u0131s\u0131ndan bir ara\u00e7 olarak nitelendirilebilir.<\/p>\n<p style=\"text-align: justify;\">Kaynak:\u00a0http:\/\/duyuru.neu.edu.tr<\/p>\n","protected":false},"excerpt":{"rendered":"<p>1982 y\u0131l\u0131nda kurulan K\u0131br\u0131s T\u00fcrk K\u00fct\u00fcphaneciler Derne\u011fi\u2019nin 30. y\u0131l\u0131, Yak\u0131n Do\u011fu \u00dcniversitesi \u0130ktisadi ve \u0130dari Bilimler Fak\u00fcltesi Bilgi ve Belge Y\u00f6netimi B\u00f6l\u00fcm\u00fc\u2019n\u00fcn de kat\u0131l\u0131m\u0131yla kutland\u0131. Dernek ba\u015fkan\u0131 Rukiye Kaymak, 30. y\u0131lda giderek artan \u00fcye say\u0131s\u0131yla \u00fclkemizde bilgi sekt\u00f6r\u00fcndeki canlanman\u0131n akademik bir b\u00f6l\u00fcmle de \u015fekillenmesinin mutluluk verici oldu\u011funa dikkat \u00e7ekti.<\/p>\n","protected":false},"author":1,"featured_media":0,"comment_status":"open","ping_status":"open","sticky":false,"template":"","format":"standard","meta":{"footnotes":""},"categories":[1],"tags":[1432],"class_list":["post-8299","post","type-post","status-publish","format-standard","hentry","category-genel","tag-kibris-turk-kutuphaneciler-dernegi"],"_links":{"self":[{"href":"https:\/\/www.bbyhaber.com\/bby\/wp-json\/wp\/v2\/posts\/8299"}],"collection":[{"href":"https:\/\/www.bbyhaber.com\/bby\/wp-json\/wp\/v2\/posts"}],"about":[{"href":"https:\/\/www.bbyhaber.com\/bby\/wp-json\/wp\/v2\/types\/post"}],"author":[{"embeddable":true,"href":"https:\/\/www.bbyhaber.com\/bby\/wp-json\/wp\/v2\/users\/1"}],"replies":[{"embeddable":true,"href":"https:\/\/www.bbyhaber.com\/bby\/wp-json\/wp\/v2\/comments?post=8299"}],"version-history":[{"count":0,"href":"https:\/\/www.bbyhaber.com\/bby\/wp-json\/wp\/v2\/posts\/8299\/revisions"}],"wp:attachment":[{"href":"https:\/\/www.bbyhaber.com\/bby\/wp-json\/wp\/v2\/media?parent=8299"}],"wp:term":[{"taxonomy":"category","embeddable":true,"href":"https:\/\/www.bbyhaber.com\/bby\/wp-json\/wp\/v2\/categories?post=8299"},{"taxonomy":"post_tag","embeddable":true,"href":"https:\/\/www.bbyhaber.com\/bby\/wp-json\/wp\/v2\/tags?post=8299"}],"curies":[{"name":"wp","href":"https:\/\/api.w.org\/{rel}","templated":true}]}}