{"id":8296,"date":"2012-12-12T13:28:05","date_gmt":"2012-12-12T11:28:05","guid":{"rendered":"http:\/\/www.bbyhaber.com\/bby\/?p=8296"},"modified":"2014-02-19T13:33:22","modified_gmt":"2014-02-19T11:33:22","slug":"ilk-dijital-ozgurluk-stratejisi-kabul-edildi","status":"publish","type":"post","link":"https:\/\/www.bbyhaber.com\/bby\/2012\/12\/12\/ilk-dijital-ozgurluk-stratejisi-kabul-edildi","title":{"rendered":"\u0130lk Dijital \u00d6zg\u00fcrl\u00fck Stratejisi Kabul Edildi"},"content":{"rendered":"<p style=\"text-align: justify;\"><a href=\"http:\/\/www.europarl.europa.eu\/portal\/en\" target=\"_blank\"><img loading=\"lazy\" decoding=\"async\" class=\"alignleft\" src=\"http:\/\/infojustice.org\/wp-content\/uploads\/2012\/05\/EU-Parliament-300x200.jpg\" alt=\"\" width=\"150\" height=\"150\" \/>Avrupa Parlamentosu<\/a> oy \u00e7o\u011funlu\u011fuyla ilk Dijital \u00d6zg\u00fcrl\u00fck Stratejisi\u2019ni kabul etti. Oylama sonucunda AP dijital \u00f6zg\u00fcrl\u00fc\u011f\u00fc temel hak olarak kabul etti.\u00a0Avrupa Parlamentosu\u2019nda (AP) Dijital \u00d6zg\u00fcrl\u00fckler Stratejisi oyland\u0131. Parlamento&#8217;da ilk kez g\u00fcndeme gelen dijital \u00f6zg\u00fcrl\u00fckler konusunu ele alan strateji oy \u00e7o\u011funluyla kabul edildi. \u0130nsan haklar\u0131 m\u00fccadelesinin art\u0131k teknoloji alan\u0131nda da s\u00fcrd\u00fc\u011f\u00fcn\u00fc ifade eden AP \u00fcyesi Raport\u00f6r Marietje Schaakeb ki\u015fisel web sitesinde yapt\u0131\u011f\u0131 a\u00e7\u0131klamada \u015funlar\u0131 s\u00f6yledi:<!--more--><\/p>\n<p style=\"text-align: justify;\">\u201cParlamento kesin olarak sans\u00fcrs\u00fcz internet gibi dijital \u00f6zg\u00fcrl\u00fcklerin de temel hak oldu\u011funu ve ayn\u0131 insan haklar\u0131 gibi korunmas\u0131 gerekti\u011fini kabul etti. \u201cCezaevleri, internet ve cep telefonu aktiviteleri sebebiyle susturulmu\u015f muhaliflerle dolu. \u0130ran H\u00fckumeti sanal yeralt\u0131 s\u0131\u011f\u0131na\u011f\u0131 yaratmaya devam ediyor. \u0130ranl\u0131lar\u0131n world wide web\u2019e eri\u015fimleri kesilmi\u015f durumda ve do\u011frudan \u201cHelal \u0130nternet\u201de y\u00f6nlendiriliyorlar.\u201d Dijital \u00d6zg\u00fcrl\u00fck Strateji raporunda \u00f6ne \u00e7\u0131kan noktalar \u00f6zetle \u015f\u00f6yle:<\/p>\n<p style=\"text-align: justify;\">* Temel bir hak olarak internete sans\u00fcrs\u00fcz eri\u015fim, \u015fefaffl\u0131k, ifade ve \u00f6rg\u00fctlenme \u00f6zg\u00fcrl\u00fc\u011f\u00fc gibi evrensel insan haklar\u0131n\u0131n vazge\u00e7ilmez bir ko\u015fuludur. *Avrupa Birli\u011fi ticaret ve ortakl\u0131k anla\u015fmalar\u0131, kalk\u0131nma programlar\u0131, m\u00fczakere kat\u0131l\u0131mlar\u0131 dijital \u00f6zg\u00fcrl\u00fcklere uygun \u00e7er\u00e7evede ger\u00e7ekle\u015ftirilmelidir. AB dijital silah ithalat\u0131n\u0131 durdurmal\u0131.<\/p>\n<p style=\"text-align: justify;\">*Ak\u0131ll\u0131 telefonlardan foto\u011fraf ve video gibi deliller toplan\u0131rken, insan haklar\u0131 ihlali ya\u015fanmamas\u0131 i\u00e7in usule uygun davran\u0131lmal\u0131d\u0131r.<\/p>\n<p style=\"text-align: justify;\">*Avrupa Birli\u011fi, otoriter rejimlerin insan haklar\u0131 aktivistlerini, gazetecileri ve muhalifleri izlemede ve denetlemede kulland\u0131\u011f\u0131 dijital silahlar\u0131n ithalat\u0131n\u0131 sona erdirmelidir.<\/p>\n<p style=\"text-align: justify;\">*Avrupa Birli\u011fi geli\u015fmekte olan \u00fclkelere bilgi ve ileti\u015fim altyap\u0131s\u0131 kurmada yard\u0131mc\u0131 olmal\u0131, okullara online e\u011fitim ama\u00e7l\u0131 kablosuz tablet bilgisayarlar sa\u011flamal\u0131.<\/p>\n<p style=\"text-align: justify;\"><strong><span style=\"color: #0000ff;\"><a href=\"http:\/\/www.europarl.europa.eu\/sides\/getDoc.do?pubRef=-\/\/EP\/\/NONSGML+REPORT+A7-2012-0374+0+DOC+PDF+V0\/\/EN&amp;language=EN\" target=\"_blank\"><span style=\"color: #0000ff;\">Raporun tam metnine ula\u015fmak i\u00e7in t\u0131klay\u0131n\u0131z.<\/span><\/a><\/span><\/strong><\/p>\n<p style=\"text-align: justify;\">Kaynak: http:\/\/www.bianet.org<\/p>\n","protected":false},"excerpt":{"rendered":"<p>Avrupa Parlamentosu oy \u00e7o\u011funlu\u011fuyla ilk Dijital \u00d6zg\u00fcrl\u00fck Stratejisi\u2019ni kabul etti. Oylama sonucunda AP dijital \u00f6zg\u00fcrl\u00fc\u011f\u00fc temel hak olarak kabul etti.\u00a0Avrupa Parlamentosu\u2019nda (AP) Dijital \u00d6zg\u00fcrl\u00fckler Stratejisi oyland\u0131. Parlamento&#8217;da ilk kez g\u00fcndeme gelen dijital \u00f6zg\u00fcrl\u00fckler konusunu ele alan strateji oy \u00e7o\u011funluyla kabul edildi. \u0130nsan haklar\u0131 m\u00fccadelesinin art\u0131k teknoloji alan\u0131nda da s\u00fcrd\u00fc\u011f\u00fcn\u00fc ifade eden AP \u00fcyesi Raport\u00f6r Marietje [&hellip;]<\/p>\n","protected":false},"author":1,"featured_media":0,"comment_status":"open","ping_status":"open","sticky":false,"template":"","format":"standard","meta":{"footnotes":""},"categories":[519],"tags":[],"class_list":["post-8296","post","type-post","status-publish","format-standard","hentry","category-sansur-2"],"_links":{"self":[{"href":"https:\/\/www.bbyhaber.com\/bby\/wp-json\/wp\/v2\/posts\/8296"}],"collection":[{"href":"https:\/\/www.bbyhaber.com\/bby\/wp-json\/wp\/v2\/posts"}],"about":[{"href":"https:\/\/www.bbyhaber.com\/bby\/wp-json\/wp\/v2\/types\/post"}],"author":[{"embeddable":true,"href":"https:\/\/www.bbyhaber.com\/bby\/wp-json\/wp\/v2\/users\/1"}],"replies":[{"embeddable":true,"href":"https:\/\/www.bbyhaber.com\/bby\/wp-json\/wp\/v2\/comments?post=8296"}],"version-history":[{"count":0,"href":"https:\/\/www.bbyhaber.com\/bby\/wp-json\/wp\/v2\/posts\/8296\/revisions"}],"wp:attachment":[{"href":"https:\/\/www.bbyhaber.com\/bby\/wp-json\/wp\/v2\/media?parent=8296"}],"wp:term":[{"taxonomy":"category","embeddable":true,"href":"https:\/\/www.bbyhaber.com\/bby\/wp-json\/wp\/v2\/categories?post=8296"},{"taxonomy":"post_tag","embeddable":true,"href":"https:\/\/www.bbyhaber.com\/bby\/wp-json\/wp\/v2\/tags?post=8296"}],"curies":[{"name":"wp","href":"https:\/\/api.w.org\/{rel}","templated":true}]}}