{"id":8291,"date":"2012-12-11T21:17:41","date_gmt":"2012-12-11T19:17:41","guid":{"rendered":"http:\/\/www.bbyhaber.com\/bby\/?p=8291"},"modified":"2012-12-11T21:18:02","modified_gmt":"2012-12-11T19:18:02","slug":"engelliler-sesli-kutuphanede-bulustu","status":"publish","type":"post","link":"https:\/\/www.bbyhaber.com\/bby\/2012\/12\/11\/engelliler-sesli-kutuphanede-bulustu","title":{"rendered":"Engelliler &#8216;Sesli K\u00fct\u00fcphane&#8217;de Bulu\u015ftu"},"content":{"rendered":"<p style=\"text-align: justify;\">Malatya\u2019da g\u00f6rme engelliler, &#8216;Sesli K\u00fct\u00fcphane&#8217;de bulu\u015ftu. G\u00f6rmeyenler K\u00fclt\u00fcr ve Dayan\u0131\u015fma Derne\u011fi&#8217;nin, Sosyal Destek Projesi (SODES) kapsam\u0131nda a\u00e7t\u0131\u011f\u0131 Sesli K\u00fct\u00fcphane\u2019de, 3 Aral\u0131k D\u00fcnya Engelliler G\u00fcn\u00fc nedeniyle \u00e7i\u011f k\u00f6fte ikram\u0131 program\u0131 d\u00fczenlendi. G\u00f6rmeyenler K\u00fclt\u00fcr ve Dayan\u0131\u015fma Derne\u011fi Ba\u015fkan\u0131 Dr. Aylin Aslan yapt\u0131\u011f\u0131 a\u00e7\u0131klamada, &#8220;G\u00f6rmeyenleri Duyma Zaman\u0131 Projesi, Sesli K\u00fct\u00fcphane Projesi ile birlikte, g\u00f6rmeyenlerin ya\u015fad\u0131\u011f\u0131 problemleri giderebildi\u011fimiz \u00f6l\u00e7\u00fcde gidermek istiyoruz&#8221; ifadelerini kulland\u0131.<!--more--><\/p>\n<p style=\"text-align: justify;\">G\u00f6rme engellilerin bilgi kaynaklar\u0131na ula\u015fmada s\u0131k\u0131nt\u0131 \u00e7ektiklerini s\u00f6yleyen Aslan, dernek olarak k\u00f6pr\u00fc olu\u015fturmak istediklerini vurgulayarak, &#8220;Bu projeye \u0130n\u00f6n\u00fc \u00dcniversitesi&#8217;nden Nurettin Kaplan&#8217;\u0131 dahil ederek, Nurettin Kaplan arac\u0131l\u0131\u011f\u0131yla g\u00f6n\u00fcll\u00fc okuyuculara ula\u015ft\u0131k&#8221; dedi.<\/p>\n<p>Kaynak: http:\/\/www.medya73.com\/<\/p>\n","protected":false},"excerpt":{"rendered":"<p>Malatya\u2019da g\u00f6rme engelliler, &#8216;Sesli K\u00fct\u00fcphane&#8217;de bulu\u015ftu. G\u00f6rmeyenler K\u00fclt\u00fcr ve Dayan\u0131\u015fma Derne\u011fi&#8217;nin, Sosyal Destek Projesi (SODES) kapsam\u0131nda a\u00e7t\u0131\u011f\u0131 Sesli K\u00fct\u00fcphane\u2019de, 3 Aral\u0131k D\u00fcnya Engelliler G\u00fcn\u00fc nedeniyle \u00e7i\u011f k\u00f6fte ikram\u0131 program\u0131 d\u00fczenlendi. G\u00f6rmeyenler K\u00fclt\u00fcr ve Dayan\u0131\u015fma Derne\u011fi Ba\u015fkan\u0131 Dr. Aylin Aslan yapt\u0131\u011f\u0131 a\u00e7\u0131klamada, &#8220;G\u00f6rmeyenleri Duyma Zaman\u0131 Projesi, Sesli K\u00fct\u00fcphane Projesi ile birlikte, g\u00f6rmeyenlerin ya\u015fad\u0131\u011f\u0131 problemleri giderebildi\u011fimiz \u00f6l\u00e7\u00fcde [&hellip;]<\/p>\n","protected":false},"author":1,"featured_media":0,"comment_status":"open","ping_status":"open","sticky":false,"template":"","format":"standard","meta":{"footnotes":""},"categories":[1,1503],"tags":[],"class_list":["post-8291","post","type-post","status-publish","format-standard","hentry","category-genel","category-sesli-kutuphane"],"_links":{"self":[{"href":"https:\/\/www.bbyhaber.com\/bby\/wp-json\/wp\/v2\/posts\/8291"}],"collection":[{"href":"https:\/\/www.bbyhaber.com\/bby\/wp-json\/wp\/v2\/posts"}],"about":[{"href":"https:\/\/www.bbyhaber.com\/bby\/wp-json\/wp\/v2\/types\/post"}],"author":[{"embeddable":true,"href":"https:\/\/www.bbyhaber.com\/bby\/wp-json\/wp\/v2\/users\/1"}],"replies":[{"embeddable":true,"href":"https:\/\/www.bbyhaber.com\/bby\/wp-json\/wp\/v2\/comments?post=8291"}],"version-history":[{"count":0,"href":"https:\/\/www.bbyhaber.com\/bby\/wp-json\/wp\/v2\/posts\/8291\/revisions"}],"wp:attachment":[{"href":"https:\/\/www.bbyhaber.com\/bby\/wp-json\/wp\/v2\/media?parent=8291"}],"wp:term":[{"taxonomy":"category","embeddable":true,"href":"https:\/\/www.bbyhaber.com\/bby\/wp-json\/wp\/v2\/categories?post=8291"},{"taxonomy":"post_tag","embeddable":true,"href":"https:\/\/www.bbyhaber.com\/bby\/wp-json\/wp\/v2\/tags?post=8291"}],"curies":[{"name":"wp","href":"https:\/\/api.w.org\/{rel}","templated":true}]}}