{"id":829,"date":"2010-12-10T21:40:38","date_gmt":"2010-12-10T21:40:38","guid":{"rendered":"http:\/\/www.bbyhaber.com\/bby\/?p=829"},"modified":"2011-11-15T21:41:57","modified_gmt":"2011-11-15T21:41:57","slug":"sesli-kutuphaneye-beylikduzu-belediyesinden-erisim-destegi","status":"publish","type":"post","link":"https:\/\/www.bbyhaber.com\/bby\/2010\/12\/10\/sesli-kutuphaneye-beylikduzu-belediyesinden-erisim-destegi","title":{"rendered":"Sesli K\u00fct\u00fcphane&#8217;ye Beylikd\u00fcz\u00fc Belediyesi&#8217;nden Eri\u015fim Deste\u011fi"},"content":{"rendered":"<p style=\"text-align: justify;\" align=\"justify\">Bo\u011fazi\u00e7i \u00dcniversitesi, haz\u0131rlad\u0131klar\u0131 Sesli K\u00fct\u00fcphane \u00e7al\u0131\u015fmas\u0131 i\u00e7in Beylikd\u00fcz\u00fc Belediyesi&#8217;ne kurumsal \u00fcyelik a\u00e7t\u0131. Bu sayede Bo\u011fazi\u00e7i \u00dcniversitesi G\u00f6rme Engelliler Teknoloji Laboratuvar\u0131 (GETEM) taraf\u0131ndan tasarlanan internet k\u00fct\u00fcphanesi projesinden Beylikd\u00fcz\u00fc&#8217;ndeki engelliler kolayl\u0131kla faydalanabilecek.<\/p>\n<p style=\"text-align: justify;\" align=\"justify\">GETEM taraf\u0131ndan tasarlanan internet k\u00fct\u00fcphanesi projesinin \u00e7ok faydal\u0131 ve anlaml\u0131 bir proje oldu\u011funu belirten Beylikd\u00fcz\u00fc Belediye Ba\u015fkan\u0131 Yusuf Uzun; &#8220;Bu projede eme\u011fi ge\u00e7en herkese te\u015fekk\u00fcr ederim. \u00dclkemizdeki t\u00fcm g\u00f6rme engellilerin bilgi kaynaklar\u0131na eri\u015fiminin sa\u011flanmas\u0131n\u0131 ama\u00e7layan \u00e7al\u0131\u015fmaya katk\u0131 sa\u011flamak ve il\u00e7emizdeki engellilerimizin \u00f6n\u00fcndeki engelleri kald\u0131rarak onlar\u0131n hayata ba\u011flanmas\u0131na katk\u0131 sunmak bize b\u00fcy\u00fck mutluluk verir&#8221; dedi.<\/p>\n<p style=\"text-align: justify;\" align=\"justify\">Beylikd\u00fcz\u00fc Belediyesi K\u00fclt\u00fcr ve Sosyal \u0130\u015fler M\u00fcd\u00fcrl\u00fc\u011f\u00fc&#8217;ne m\u00fcracaat ederek, bireysel aboneliklerini tamamlayan engelliler, kullan\u0131c\u0131 ad\u0131 ve \u015fifreleriyle http:\/\/www.getem.boun.edu.tr\/ adresinden sesli k\u00fct\u00fcphaneye giri\u015f yaparak, katalog tarama linkinden yazar ad\u0131, kitap ad\u0131 veya anahtar kelime vererek, istedi\u011fi kitab\u0131 indirip, kolayl\u0131kla buradan a\u00e7\u0131p, kulakl\u0131kla dinleyebilecekleri bir uygulama olacak. Bu \u00e7al\u0131\u015fmadan yaln\u0131zca g\u00f6rme engelliler de\u011fil, k\u00fct\u00fcphaneye gelemeyen fel\u00e7li, Dyslexia gibi rahats\u0131zl\u0131klar\u0131 olan bireyler de yararlanabilir.<\/p>\n<p style=\"text-align: justify;\" align=\"justify\">Sesli K\u00fct\u00fcphane&#8217;de 2 binin \u00fczerinde hik\u00e2ye-roman-\u015fiir t\u00fcr\u00fc kitap bulunup, bu say\u0131 makale ve dergilerle birlikte 4 bin bas\u0131l\u0131 esere ula\u015fmaktad\u0131r. G\u00fcnden g\u00fcne yeni eserler eklenen k\u00fct\u00fcphaneden ayr\u0131ca, online olarak g\u00f6rme engellilere hizmet veren yurti\u00e7i ve yurtd\u0131\u015f\u0131ndaki k\u00fct\u00fcphanelerin ar\u015fivlerine de ula\u015f\u0131labilecek. K\u00fct\u00fcphanede bulunan eserlerin dili a\u011f\u0131rl\u0131kl\u0131 bir \u015fekilde T\u00fcrk\u00e7e ve \u0130ngilizce&#8217;dir.<\/p>\n<p style=\"text-align: justify;\" align=\"justify\">Ayr\u0131ca T\u00fcrkiye \u00fcniversitelerinde okutulmakta olan ders malzemesi (kitap-makale-ders notu-konferans) kay\u0131tlar\u0131 da katalogda yer almaktad\u0131r. K\u00fct\u00fcphanede, g\u00fcnl\u00fck gazete ve haftal\u0131k\/ayl\u0131k dergi yaz\u0131lar\u0131na linkleme yap\u0131lmaktad\u0131r. K\u00fct\u00fcphaneden on-line olarak g\u00f6rme engellilere hizmet veren yurtd\u0131\u015f\u0131ndaki k\u00fct\u00fcphanelerle de ba\u011flant\u0131 kurulabiliyor. GETEM taraf\u0131ndan tasarlanan internet k\u00fct\u00fcphanesi projesi, g\u00f6rme engellilerin bilgi kaynaklar\u0131na eri\u015fimini sa\u011flamay\u0131 ama\u00e7layan bir projedir.\u00a0<strong><\/strong><\/p>\n<p style=\"text-align: justify;\">Kaynak: <a href=\"http:\/\/www.haberfx.net\/\" target=\"_blank\">http:\/\/www.haberfx.net\/<\/a><\/p>\n","protected":false},"excerpt":{"rendered":"<p>Bo\u011fazi\u00e7i \u00dcniversitesi, haz\u0131rlad\u0131klar\u0131 Sesli K\u00fct\u00fcphane \u00e7al\u0131\u015fmas\u0131 i\u00e7in Beylikd\u00fcz\u00fc Belediyesi&#8217;ne kurumsal \u00fcyelik a\u00e7t\u0131. Bu sayede Bo\u011fazi\u00e7i \u00dcniversitesi G\u00f6rme Engelliler Teknoloji Laboratuvar\u0131 (GETEM) taraf\u0131ndan tasarlanan internet k\u00fct\u00fcphanesi projesinden Beylikd\u00fcz\u00fc&#8217;ndeki engelliler kolayl\u0131kla faydalanabilecek. GETEM taraf\u0131ndan tasarlanan internet k\u00fct\u00fcphanesi projesinin \u00e7ok faydal\u0131 ve anlaml\u0131 bir proje oldu\u011funu belirten Beylikd\u00fcz\u00fc Belediye Ba\u015fkan\u0131 Yusuf Uzun; &#8220;Bu projede eme\u011fi ge\u00e7en herkese te\u015fekk\u00fcr [&hellip;]<\/p>\n","protected":false},"author":1,"featured_media":0,"comment_status":"open","ping_status":"open","sticky":false,"template":"","format":"standard","meta":{"footnotes":""},"categories":[1484,1485,1,1487,1503],"tags":[],"class_list":["post-829","post","type-post","status-publish","format-standard","hentry","category-engelliler-icin-bilgi-merkezleri","category-engelliler-icin-kutuphane","category-genel","category-gorme-engelli-kutuphane","category-sesli-kutuphane"],"_links":{"self":[{"href":"https:\/\/www.bbyhaber.com\/bby\/wp-json\/wp\/v2\/posts\/829"}],"collection":[{"href":"https:\/\/www.bbyhaber.com\/bby\/wp-json\/wp\/v2\/posts"}],"about":[{"href":"https:\/\/www.bbyhaber.com\/bby\/wp-json\/wp\/v2\/types\/post"}],"author":[{"embeddable":true,"href":"https:\/\/www.bbyhaber.com\/bby\/wp-json\/wp\/v2\/users\/1"}],"replies":[{"embeddable":true,"href":"https:\/\/www.bbyhaber.com\/bby\/wp-json\/wp\/v2\/comments?post=829"}],"version-history":[{"count":0,"href":"https:\/\/www.bbyhaber.com\/bby\/wp-json\/wp\/v2\/posts\/829\/revisions"}],"wp:attachment":[{"href":"https:\/\/www.bbyhaber.com\/bby\/wp-json\/wp\/v2\/media?parent=829"}],"wp:term":[{"taxonomy":"category","embeddable":true,"href":"https:\/\/www.bbyhaber.com\/bby\/wp-json\/wp\/v2\/categories?post=829"},{"taxonomy":"post_tag","embeddable":true,"href":"https:\/\/www.bbyhaber.com\/bby\/wp-json\/wp\/v2\/tags?post=829"}],"curies":[{"name":"wp","href":"https:\/\/api.w.org\/{rel}","templated":true}]}}