{"id":8284,"date":"2012-12-11T16:42:25","date_gmt":"2012-12-11T14:42:25","guid":{"rendered":"http:\/\/www.bbyhaber.com\/bby\/?p=8284"},"modified":"2013-06-11T23:47:05","modified_gmt":"2013-06-11T20:47:05","slug":"egitimciler-15-aralikta-edebiyatin-renkli-isimleriyle-bulusuyor","status":"publish","type":"post","link":"https:\/\/www.bbyhaber.com\/bby\/2012\/12\/11\/egitimciler-15-aralikta-edebiyatin-renkli-isimleriyle-bulusuyor","title":{"rendered":"E\u011fitimciler 15 Aral\u0131k\u2019ta edebiyat\u0131n renkli isimleriyle bulu\u015fuyor"},"content":{"rendered":"<p style=\"text-align: justify;\">G\u00fcn\u0131\u015f\u0131\u011f\u0131 Kitapl\u0131\u011f\u0131 taraf\u0131ndan sosyal sorumluluk bilinciyle d\u00fczenlenen E\u011fitimde Edebiyat Seminerleri\u2019nin be\u015fincisi, 15 Aral\u0131k\u2019ta Irmak Okullar\u0131\u2019nda ger\u00e7ekle\u015fecek. M\u00fcge \u0130plik\u00e7i, Behi\u00e7 Ak, G\u00f6rkem Yeltan ve Prof. Dr. Selahattin Dilid\u00fczg\u00fcn\u2019\u00fcn konu\u015fmalar\u0131yla zenginle\u015fecek \u00fccretsiz seminer, yaln\u0131zca \u00f6\u011fretmenlere, k\u00fct\u00fcphanecilere ve e\u011fitim y\u00f6neticilerine a\u00e7\u0131k olacak.<!--more--><\/p>\n<p style=\"text-align: justify;\">\u00c7a\u011fda\u015f \u00e7ocuk ve gen\u00e7lik edebiyat\u0131n\u0131n \u00f6nc\u00fc yay\u0131nevi G\u00fcn\u0131\u015f\u0131\u011f\u0131 Kitapl\u0131\u011f\u0131\u2019n\u0131n, e\u011fitimciler i\u00e7in her \u00f6\u011frenim y\u0131l\u0131nda iki kez d\u00fczenledi\u011fi E\u011fitimde Edebiyat Seminerleri\u2019nin be\u015fincisi 15 Aral\u0131k Cumartesi g\u00fcn\u00fc Irmak Okullar\u0131\u2019n\u0131n katk\u0131lar\u0131yla ger\u00e7ekle\u015fecek. \u00c7ocuk ve gen\u00e7lik edebiyat\u0131, kitap se\u00e7imi, yarat\u0131c\u0131 okuma uygulamalar\u0131nda \u00e7a\u011fda\u015f yakla\u015f\u0131mlar ve edebiyat\u0131n ya\u015fama yans\u0131yan etkilerinin payla\u015f\u0131laca\u011f\u0131 seminere, edebiyat\u0131n ve akademinin \u00f6nemli isimleri konu\u015fmac\u0131 olarak kat\u0131lacak.<\/p>\n<p style=\"text-align: justify;\">Mizah ustas\u0131 yazar Behi\u00e7 Ak, gazeteci, yazar M\u00fcge \u0130plik\u00e7i, akademisyen, \u00e7evirmen Prof. Dr. Selahattin Dilid\u00fczg\u00fcn, yazar, ele\u015ftirmen ve sinema oyuncusu G\u00f6rkem Yeltan, seminerde yapacaklar\u0131 konu\u015fmalarda sanat\u00e7\u0131 g\u00f6z\u00fcyle edebiyat\u0131 ke\u015ffetmekten edebiyat okurlu\u011funa, yaz\u0131nsal ve g\u00f6rsel okumalardan zor konular\u0131 edebiyatla payla\u015fmaya kadar bir\u00e7ok ba\u015fl\u0131\u011fa de\u011finerek kat\u0131l\u0131mc\u0131lara farkl\u0131 bak\u0131\u015f a\u00e7\u0131lar\u0131 sunacaklar. Seminerde, \u00f6\u011frencileriyle yarat\u0131c\u0131 okuma uygulamalar\u0131 ger\u00e7ekle\u015ftiren, \u0130stanbul ve Mersin\u2019den \u00f6\u011fretmen ve k\u00fct\u00fcphaneciler de \u00f6zel sunumlar yaparak deneyimlerini ve edindikleri sonu\u00e7lar\u0131 meslekta\u015flar\u0131yla payla\u015facaklar.<\/p>\n<p style=\"text-align: justify;\">De\u011fi\u015fik illerden gelen \u00e7ok say\u0131da e\u011fitimcinin \u00fccretsiz yararlanaca\u011f\u0131 seminerin a\u00e7\u0131l\u0131\u015f\u0131nda \u0130stanbul \u0130l Milli E\u011fitim M\u00fcd\u00fcr\u00fc Muammer Y\u0131ld\u0131z bir konu\u015fma yapacak. Kat\u0131l\u0131mc\u0131lar\u0131n Kad\u0131k\u00f6y Caddebostan\u2019daki Irmak Okullar\u0131\u2019na kolay ula\u015f\u0131m\u0131 i\u00e7in Kad\u0131k\u00f6y, \u00dcsk\u00fcdar, S\u00f6\u011f\u00fctl\u00fc\u00e7e\u015fme ve Kozyata\u011f\u0131\u2019ndan servisler kald\u0131r\u0131lacak.<\/p>\n<p>Kat\u0131l\u0131m ve ayr\u0131nt\u0131l\u0131 bilgi i\u00e7in: seminer@gunisigikitapligi.com<\/p>\n<p style=\"text-align: justify;\"><strong><span style=\"color: #0000ff;\"><a href=\"http:\/\/www.gunisigikitapligi.com\/Scripts\/EgitimdeEdebiyatSeminerleri.htm\" target=\"_blank\"><span style=\"color: #0000ff;\">Kay\u0131t i\u00e7in t\u0131klay\u0131n\u0131z<\/span><\/a><\/span><\/strong><\/p>\n<p style=\"text-align: justify;\">G\u00fcn\u0131\u015f\u0131\u011f\u0131 Kitapl\u0131\u011f\u0131 E\u011fitimde Edebiyat Seminerleri<br \/>\n15 Aral\u0131k Cumartesi, Irmak Okullar\u0131 Konferans Salonu<\/p>\n<p>PROGRAM<\/p>\n<p>08:30 Kay\u0131t ve ikram<\/p>\n<p>09:30 A\u00e7\u0131l\u0131\u015f<\/p>\n<p>09:45 Prof. Dr. Selahattin Dilid\u00fczg\u00fcn Edebiyat Okurlu\u011fu: Farkl\u0131 T\u00fcrler, Farkl\u0131 Okumalar<\/p>\n<p>10:30 Uygulama sunumu: Serap \u00d6zyurt, FMV I\u015f\u0131k Okullar\u0131, Ni\u015fanta\u015f\u0131 Vapurlar\u0131 Seven \u00c7ocuk &#8211; F\u0131rat Ad\u0131nda Bir \u00c7ocuk!<\/p>\n<p>11:00 Kahve molas\u0131<\/p>\n<p>11:20 Uygulama sunumu: Ece Uysal Ataer, Arel E\u011fitim Kurumlar\u0131 Delidolu Arkada\u015f\u0131m ve Tematik Yakla\u015f\u0131mla Bir Metin \u0130nceleme \u00c7al\u0131\u015fmas\u0131<\/p>\n<p>11:50 Behi\u00e7 Ak Yaz\u0131nsal ve G\u00f6rsel Okuma<\/p>\n<p>12:25 \u00d6\u011fle yeme\u011fi<\/p>\n<p>13:30 G\u00f6rkem Yeltan Sanat\u00e7\u0131 G\u00f6z\u00fcyle Okul Y\u0131llar\u0131nda Edebiyat\u0131 Ke\u015ffetmek<\/p>\n<p>14:00 Uygulama sunumu: Saadet Tabak\u00e7\u0131, Mimar Sinan Ortaokulu, Mersin Rol Modellerimiz ve \u201c\u00c7\u0131t\u0131r \u00c7\u0131t\u0131r Felsefe\u201d<\/p>\n<p>14:30 \u00a0Kahve molas\u0131<\/p>\n<p>14:50 Uygulama sunumu: Zeynep Uymur, Irmak Okullar\u0131 Ya\u015fad\u0131\u011f\u0131m \u015eehir ve \u00c7ocuklu\u011fum: \u0130zmir&#8217;de \u00dc\u00e7 \u00c7ocuktuk<\/p>\n<p>15:20 M\u00fcge \u0130plik\u00e7i Zor Konular\u0131 Edebiyatla Payla\u015fmak<\/p>\n<p>&nbsp;<\/p>\n","protected":false},"excerpt":{"rendered":"<p>G\u00fcn\u0131\u015f\u0131\u011f\u0131 Kitapl\u0131\u011f\u0131 taraf\u0131ndan sosyal sorumluluk bilinciyle d\u00fczenlenen E\u011fitimde Edebiyat Seminerleri\u2019nin be\u015fincisi, 15 Aral\u0131k\u2019ta Irmak Okullar\u0131\u2019nda ger\u00e7ekle\u015fecek. M\u00fcge \u0130plik\u00e7i, Behi\u00e7 Ak, G\u00f6rkem Yeltan ve Prof. Dr. Selahattin Dilid\u00fczg\u00fcn\u2019\u00fcn konu\u015fmalar\u0131yla zenginle\u015fecek \u00fccretsiz seminer, yaln\u0131zca \u00f6\u011fretmenlere, k\u00fct\u00fcphanecilere ve e\u011fitim y\u00f6neticilerine a\u00e7\u0131k olacak.<\/p>\n","protected":false},"author":1,"featured_media":0,"comment_status":"open","ping_status":"open","sticky":false,"template":"","format":"standard","meta":{"footnotes":""},"categories":[1],"tags":[],"class_list":["post-8284","post","type-post","status-publish","format-standard","hentry","category-genel"],"_links":{"self":[{"href":"https:\/\/www.bbyhaber.com\/bby\/wp-json\/wp\/v2\/posts\/8284"}],"collection":[{"href":"https:\/\/www.bbyhaber.com\/bby\/wp-json\/wp\/v2\/posts"}],"about":[{"href":"https:\/\/www.bbyhaber.com\/bby\/wp-json\/wp\/v2\/types\/post"}],"author":[{"embeddable":true,"href":"https:\/\/www.bbyhaber.com\/bby\/wp-json\/wp\/v2\/users\/1"}],"replies":[{"embeddable":true,"href":"https:\/\/www.bbyhaber.com\/bby\/wp-json\/wp\/v2\/comments?post=8284"}],"version-history":[{"count":0,"href":"https:\/\/www.bbyhaber.com\/bby\/wp-json\/wp\/v2\/posts\/8284\/revisions"}],"wp:attachment":[{"href":"https:\/\/www.bbyhaber.com\/bby\/wp-json\/wp\/v2\/media?parent=8284"}],"wp:term":[{"taxonomy":"category","embeddable":true,"href":"https:\/\/www.bbyhaber.com\/bby\/wp-json\/wp\/v2\/categories?post=8284"},{"taxonomy":"post_tag","embeddable":true,"href":"https:\/\/www.bbyhaber.com\/bby\/wp-json\/wp\/v2\/tags?post=8284"}],"curies":[{"name":"wp","href":"https:\/\/api.w.org\/{rel}","templated":true}]}}