{"id":8256,"date":"2012-12-10T17:39:39","date_gmt":"2012-12-10T15:39:39","guid":{"rendered":"http:\/\/www.bbyhaber.com\/bby\/?p=8256"},"modified":"2014-01-23T09:33:09","modified_gmt":"2014-01-23T07:33:09","slug":"cankiri-karatekin-universitesi-ogretim-uyesi-alim-ilani-son-basvuru-tarihi-24-12-2012","status":"publish","type":"post","link":"https:\/\/www.bbyhaber.com\/bby\/2012\/12\/10\/cankiri-karatekin-universitesi-ogretim-uyesi-alim-ilani-son-basvuru-tarihi-24-12-2012","title":{"rendered":"\u00c7ank\u0131r\u0131 Karatekin \u00dcniversitesi \u00d6\u011fretim \u00dcyesi Al\u0131m \u0130lan\u0131-Son Ba\u015fvuru Tarihi- 24.12.2012"},"content":{"rendered":"<p style=\"text-align: justify;\"><a href=\"http:\/\/www.bbyhaber.com\/bby\/category\/bby-is-ilanlari\/\"><img loading=\"lazy\" decoding=\"async\" class=\"alignleft\" src=\"http:\/\/www.bbyhaber.com\/bby\/wp-content\/uploads\/is-ilanlari-arsivi.jpg\" alt=\"\" width=\"250\" height=\"150\" \/><\/a>\u00dcniversitemize 2547 say\u0131l\u0131 Y\u00fcksek\u00f6\u011fretim Kanunu\u2019nun ve \u00d6\u011fretim \u00dcyeli\u011fine Y\u00fckseltilme ve Atanma Y\u00f6netmeli\u011fi\u2019nin ilgili maddeleri uyar\u0131nca a\u015fa\u011f\u0131da unvan\u0131, nitelikleri ve say\u0131lar\u0131 belirtilen kadrolara \u00f6\u011fretim \u00fcyeleri al\u0131nacakt\u0131r. \u00d6\u011fretim \u00dcyesi kadrosuna ba\u015fvuracak adaylar\u0131n \u201c\u00c7ank\u0131r\u0131 Karatekin \u00dcniversitesi \u00d6\u011fretim \u00dcyeli\u011fi Kadrolar\u0131na Ba\u015fvurma, Y\u00fckseltilme ve Atanmayla \u0130lgili De\u011ferlendirme Y\u00f6nergesi\u201dnde \u00f6ng\u00f6r\u00fclen \u015fartlar\u0131 sa\u011flam\u0131\u015f olmalar\u0131 gerekir.<!--more--><\/p>\n<p style=\"text-align: justify;\"><span style=\"color: #ff0000;\"><strong>Ba\u015fvuru s\u00fcresi:<\/strong><\/span><br \/>\n\u0130lan Yay\u0131m Tarihi: <span style=\"color: #0000ff;\"><strong>10\/12\/2012<\/strong><\/span><br \/>\nSon M\u00fcracaat Tarihi ve Saati: <strong><span style=\"color: #0000ff;\">24\/12\/2012\u00a0 Saat : 17:00<\/span><\/strong><\/p>\n<p style=\"text-align: justify;\">M\u00fcracaatlar \u015fahsen yap\u0131lacakt\u0131r, ancak aday\u0131n noter arac\u0131l\u0131\u011f\u0131yla vekalet verdi\u011fi \u015fah\u0131s taraf\u0131ndan yap\u0131lan m\u00fcracaatlar kabul edilir. Posta ile yap\u0131lan, eksik ve onays\u0131z belgelerle yap\u0131lacak m\u00fcracaatlar ile s\u00fcresi i\u00e7inde yap\u0131lmayan m\u00fcracaatlar kabul edilmeyecektir<\/p>\n<table width=\"527\" border=\"1\">\n<tbody>\n<tr>\n<td width=\"124\"><strong>Birimi-&gt;B\u00f6l\u00fcm\u00fc-&gt;<span style=\"font-size: 13px;\">Anabilim Dal\u0131<\/span><\/strong><\/td>\n<td width=\"83\"><strong>Unvan\u0131-Adedi<\/strong><\/td>\n<td width=\"173\"><strong>A\u00e7\u0131klama<\/strong><\/td>\n<\/tr>\n<tr>\n<td width=\"124\"><span style=\"font-size: 13px;\">EDEB\u0130YAT FAK\u00dcLTES\u0130-&gt;<\/span>B\u0130LG\u0130 VE BELGE Y\u00d6NET\u0130M\u0130-&gt;\u200b<span style=\"font-size: 13px;\">AR\u015e\u0130VC\u0130L\u0130K<\/span><\/td>\n<td width=\"83\"><strong><span style=\"color: #0000ff;\">YARDIMCI DO\u00c7ENT<\/span><span style=\"color: #ff0000;\">-1<\/span><\/strong><\/td>\n<td width=\"173\"><\/td>\n<\/tr>\n<tr>\n<td width=\"124\"><span style=\"font-size: 13px;\"><span style=\"font-size: 13px;\">EDEB\u0130YAT FAK\u00dcLTES\u0130-&gt;<\/span><\/span>B\u0130LG\u0130 VE BELGE Y\u00d6NET\u0130M\u0130-&gt;<span style=\"font-size: 13px;\">K\u00dcT\u00dcPHANEC\u0130L\u0130K<\/span><\/td>\n<td width=\"83\"><strong><span style=\"color: #0000ff;\">YARDIMCI DO\u00c7ENT<\/span><span style=\"color: #ff0000;\">-1<\/span><\/strong><\/td>\n<td width=\"173\">K\u00dcT\u00dcPHANEC\u0130L\u0130K ALANINDA\u00c7ALI\u015eIYOR OLMAK<\/td>\n<\/tr>\n<tr>\n<td width=\"124\"><span style=\"font-size: 13px;\">EDEB\u0130YAT FAK\u00dcLTES\u0130-&gt;<\/span>B\u0130LG\u0130 VE BELGE Y\u00d6NET\u0130M\u0130-&gt;<span style=\"font-size: 13px;\">B\u0130LG\u0130 Y\u00d6NET\u0130M\u0130 VE TEKNOLOJ\u0130S\u0130<\/span><\/td>\n<td width=\"83\"><span style=\"color: #0000ff;\"><strong>YARDIMCI DO\u00c7ENT<\/strong><\/span><span style=\"color: #ff0000;\"><strong>-1<\/strong><\/span><\/td>\n<td width=\"173\">B\u0130LG\u0130 Y\u00d6NET\u0130M\u0130 VE\u200bTEKNOLOJ\u0130S\u0130 ALANINDA \u00c7ALI\u015eIYOR OLMAK<\/td>\n<\/tr>\n<\/tbody>\n<\/table>\n<p><span style=\"color: #0000ff;\"><strong><a href=\"http:\/\/www.karatekin.edu.tr\/DuyuruDetay.aspx?ID=836\" target=\"_blank\"><span style=\"color: #0000ff;\">Detayl\u0131 bilgi ve belge i\u00e7in t\u0131klay\u0131n\u0131z<\/span><\/a><\/strong><\/span><\/p>\n","protected":false},"excerpt":{"rendered":"<p>\u00dcniversitemize 2547 say\u0131l\u0131 Y\u00fcksek\u00f6\u011fretim Kanunu\u2019nun ve \u00d6\u011fretim \u00dcyeli\u011fine Y\u00fckseltilme ve Atanma Y\u00f6netmeli\u011fi\u2019nin ilgili maddeleri uyar\u0131nca a\u015fa\u011f\u0131da unvan\u0131, nitelikleri ve say\u0131lar\u0131 belirtilen kadrolara \u00f6\u011fretim \u00fcyeleri al\u0131nacakt\u0131r. \u00d6\u011fretim \u00dcyesi kadrosuna ba\u015fvuracak adaylar\u0131n \u201c\u00c7ank\u0131r\u0131 Karatekin \u00dcniversitesi \u00d6\u011fretim \u00dcyeli\u011fi Kadrolar\u0131na Ba\u015fvurma, Y\u00fckseltilme ve Atanmayla \u0130lgili De\u011ferlendirme Y\u00f6nergesi\u201dnde \u00f6ng\u00f6r\u00fclen \u015fartlar\u0131 sa\u011flam\u0131\u015f olmalar\u0131 gerekir.<\/p>\n","protected":false},"author":1,"featured_media":0,"comment_status":"open","ping_status":"open","sticky":false,"template":"","format":"standard","meta":{"footnotes":""},"categories":[1508],"tags":[1393],"class_list":["post-8256","post","type-post","status-publish","format-standard","hentry","category-universite-kutuphaneleri-is-ilanlari","tag-bby-is-ilanlari-arsivi"],"_links":{"self":[{"href":"https:\/\/www.bbyhaber.com\/bby\/wp-json\/wp\/v2\/posts\/8256"}],"collection":[{"href":"https:\/\/www.bbyhaber.com\/bby\/wp-json\/wp\/v2\/posts"}],"about":[{"href":"https:\/\/www.bbyhaber.com\/bby\/wp-json\/wp\/v2\/types\/post"}],"author":[{"embeddable":true,"href":"https:\/\/www.bbyhaber.com\/bby\/wp-json\/wp\/v2\/users\/1"}],"replies":[{"embeddable":true,"href":"https:\/\/www.bbyhaber.com\/bby\/wp-json\/wp\/v2\/comments?post=8256"}],"version-history":[{"count":0,"href":"https:\/\/www.bbyhaber.com\/bby\/wp-json\/wp\/v2\/posts\/8256\/revisions"}],"wp:attachment":[{"href":"https:\/\/www.bbyhaber.com\/bby\/wp-json\/wp\/v2\/media?parent=8256"}],"wp:term":[{"taxonomy":"category","embeddable":true,"href":"https:\/\/www.bbyhaber.com\/bby\/wp-json\/wp\/v2\/categories?post=8256"},{"taxonomy":"post_tag","embeddable":true,"href":"https:\/\/www.bbyhaber.com\/bby\/wp-json\/wp\/v2\/tags?post=8256"}],"curies":[{"name":"wp","href":"https:\/\/api.w.org\/{rel}","templated":true}]}}