{"id":8227,"date":"2012-12-08T15:05:54","date_gmt":"2012-12-08T13:05:54","guid":{"rendered":"http:\/\/www.bbyhaber.com\/bby\/?p=8227"},"modified":"2014-02-19T13:33:15","modified_gmt":"2014-02-19T11:33:15","slug":"kitaplar-uzerindeki-sansur-kaldirildi","status":"publish","type":"post","link":"https:\/\/www.bbyhaber.com\/bby\/2012\/12\/08\/kitaplar-uzerindeki-sansur-kaldirildi","title":{"rendered":"Kitaplar \u00fczerindeki sans\u00fcr kald\u0131r\u0131ld\u0131"},"content":{"rendered":"<p style=\"text-align: justify;\">\u00dc\u00e7\u00fcnc\u00fc yarg\u0131 paketinden sonra Ankara Emniyet M\u00fcd\u00fcrl\u00fc\u011f\u00fc\u2019n\u00fcn talebiyle yay\u0131n yasa\u011f\u0131 bulunan eserler \u00fczerinde kapsaml\u0131 bir inceleme yap\u0131ld\u0131. Ankara Cumhuriyet Savc\u0131s\u0131 K\u00fcr\u015fat Kayral, 31 Aral\u0131k 2011&#8217;den \u00f6nce Ankara Mahkemeleri ve di\u011fer mahkemelerce verilen yay\u0131n yasaklar\u0131n\u0131 tek tek inceledi. Kayral, yakla\u015f\u0131k 2 bin eser \u00fczerindeki yay\u0131n yasa\u011f\u0131n\u0131n kald\u0131r\u0131lmas\u0131na karar verdi.<!--more--><\/p>\n<p>HANG\u0130 KARARLAR \u0130NCELEND\u0130<\/p>\n<p style=\"text-align: justify;\">Kayral, \u201cKovu\u015fturmaya yer olmad\u0131\u011f\u0131na ili\u015fkin\u201d 23 Kas\u0131m tarihli karar\u0131nda hangi listeleri inceledi\u011fine de ayr\u0131nt\u0131l\u0131 olarak yer verdi. Kayral, Ankara Devlet G\u00fcvenlik Mahkemeleri, yedek \u00fcyelikler ile CMK 250&#8217;nci madde ile yetkili Ankara 11&#8217;inci ve 12 A\u011f\u0131r Ceza Mahkemeleri\u2019nce verilen yasak kararlar\u0131n\u0131 inceleme d\u0131\u015f\u0131nda b\u0131rakt\u0131. Bunlar\u0131n ald\u0131\u011f\u0131 kararlar\u0131n incelenerek gere\u011finin yap\u0131lmas\u0131 i\u00e7in liste kay\u0131tlar\u0131, Ankara Cumhuriyet Ba\u015fsavc\u0131l\u0131\u011f\u0131 Ter\u00f6rle M\u00fccadele Kanunu 10&#8217;uncu madde ile yetkili Cumhuriyet Ba\u015fsavc\u0131vekilli\u011fi\u2019ne g\u00f6nderildi.<\/p>\n<p style=\"text-align: justify;\">D\u0130\u011eERLER\u0130NE \u00d6ZG\u00dcRL\u00dcK<\/p>\n<p style=\"text-align: justify;\">Kayral, kendi inceleme listesindeki t\u00fcm eserler hakk\u0131nda, yasaklama ve toplatma kararlar\u0131n\u0131n devam etmesi talep edilenler de dahil olmak \u00fczere, yetkili ve g\u00f6revli mahkemelerden \u201cYasakl\u0131l\u0131\u011f\u0131n devam\u0131\u201d do\u011frultusunda karar isteminde bulunulmas\u0131na gerek olmad\u0131\u011f\u0131na karar verdi. Bu kapsamda olan yakla\u015f\u0131k 2 bin eser \u00fczerindeki yasak karar\u0131, 5 Ocak 2013\u2019ten itibaren kalkacak. Karar\u0131n bir kopyas\u0131 da \u0130\u00e7i\u015fleri Bakanl\u0131\u011f\u0131\u2019na g\u00f6nderildi.<\/p>\n<p style=\"text-align: justify;\">63 YIL \u00d6NCES\u0130NE DAYANAN KARARLAR VAR<\/p>\n<p style=\"text-align: justify;\">Bu durumda, Kom\u00fcnist Manifesto\u2019dan Mahir \u00c7ayan\u2019\u0131n kitaplar\u0131na Naz\u0131m Hikmet\u2019in Kurtulu\u015f Sava\u015f\u0131 Destan\u0131\u2019ndan Saidi Nursi\u2019nin, Abd\u00fcrrahim Karako\u00e7, Aziz Nesin, Karl Marx ve Engels\u2019in baz\u0131 eserlerine kadar pek \u00e7ok yay\u0131n hakk\u0131ndaki yasak karar\u0131, 5 Ocak 2013\u2019ten itibaren h\u00fck\u00fcms\u00fcz kalacak. Bu eserlerden baz\u0131lar\u0131 hakk\u0131ndaki yasak karar\u0131, 63 y\u0131l \u00f6ncesine dayan\u0131yor.<\/p>\n<p style=\"text-align: justify;\">KARARIN GEREK\u00c7ES\u0130<\/p>\n<p style=\"text-align: justify;\">Kayral, karar\u0131n\u0131n gerek\u00e7esinde, yasaklama ve toplatma kararlar\u0131n\u0131n, karar tarihlerine dayal\u0131 yay\u0131mlanan bas\u0131mlar\u0131na ve n\u00fcshalar\u0131na ait oldu\u011funu; daha sonraki bas\u0131mlarda bir de\u011fi\u015fiklik olup olmad\u0131\u011f\u0131 hususunda yap\u0131lm\u0131\u015f bir ara\u015ft\u0131rma veya yeniden yasaklama ve toplatma karar\u0131 elde edilemedi\u011fini; yasaklama kararlar\u0131n\u0131n -\u00f6zellikle mahkemelerce verilen- tarihleri itibariyle ula\u015f\u0131lamaz seviyede bulundu\u011funu; b\u00fcy\u00fck k\u0131sm\u0131n\u0131n i\u00e7eriklerine ula\u015f\u0131lamasa da yay\u0131n isimlerinden yola \u00e7\u0131k\u0131lmas\u0131nda halen y\u00fcr\u00fcrl\u00fckte olmayan ve yeni TCK ile \u00f6zel ceza yasalar\u0131m\u0131zda yapt\u0131r\u0131m alt\u0131na al\u0131nmayan su\u00e7 t\u00fcrlerine ait oldu\u011funu vurgulad\u0131.<\/p>\n<p style=\"text-align: justify;\">Kaynak:http:\/\/www.hurriyet.com.tr\/<\/p>\n","protected":false},"excerpt":{"rendered":"<p>\u00dc\u00e7\u00fcnc\u00fc yarg\u0131 paketinden sonra Ankara Emniyet M\u00fcd\u00fcrl\u00fc\u011f\u00fc\u2019n\u00fcn talebiyle yay\u0131n yasa\u011f\u0131 bulunan eserler \u00fczerinde kapsaml\u0131 bir inceleme yap\u0131ld\u0131. Ankara Cumhuriyet Savc\u0131s\u0131 K\u00fcr\u015fat Kayral, 31 Aral\u0131k 2011&#8217;den \u00f6nce Ankara Mahkemeleri ve di\u011fer mahkemelerce verilen yay\u0131n yasaklar\u0131n\u0131 tek tek inceledi. Kayral, yakla\u015f\u0131k 2 bin eser \u00fczerindeki yay\u0131n yasa\u011f\u0131n\u0131n kald\u0131r\u0131lmas\u0131na karar verdi.<\/p>\n","protected":false},"author":1,"featured_media":0,"comment_status":"open","ping_status":"open","sticky":false,"template":"","format":"standard","meta":{"footnotes":""},"categories":[519],"tags":[],"class_list":["post-8227","post","type-post","status-publish","format-standard","hentry","category-sansur-2"],"_links":{"self":[{"href":"https:\/\/www.bbyhaber.com\/bby\/wp-json\/wp\/v2\/posts\/8227"}],"collection":[{"href":"https:\/\/www.bbyhaber.com\/bby\/wp-json\/wp\/v2\/posts"}],"about":[{"href":"https:\/\/www.bbyhaber.com\/bby\/wp-json\/wp\/v2\/types\/post"}],"author":[{"embeddable":true,"href":"https:\/\/www.bbyhaber.com\/bby\/wp-json\/wp\/v2\/users\/1"}],"replies":[{"embeddable":true,"href":"https:\/\/www.bbyhaber.com\/bby\/wp-json\/wp\/v2\/comments?post=8227"}],"version-history":[{"count":0,"href":"https:\/\/www.bbyhaber.com\/bby\/wp-json\/wp\/v2\/posts\/8227\/revisions"}],"wp:attachment":[{"href":"https:\/\/www.bbyhaber.com\/bby\/wp-json\/wp\/v2\/media?parent=8227"}],"wp:term":[{"taxonomy":"category","embeddable":true,"href":"https:\/\/www.bbyhaber.com\/bby\/wp-json\/wp\/v2\/categories?post=8227"},{"taxonomy":"post_tag","embeddable":true,"href":"https:\/\/www.bbyhaber.com\/bby\/wp-json\/wp\/v2\/tags?post=8227"}],"curies":[{"name":"wp","href":"https:\/\/api.w.org\/{rel}","templated":true}]}}