{"id":8208,"date":"2012-12-06T19:06:05","date_gmt":"2012-12-06T17:06:05","guid":{"rendered":"http:\/\/www.bbyhaber.com\/bby\/?p=8208"},"modified":"2012-12-06T19:06:32","modified_gmt":"2012-12-06T17:06:32","slug":"metin-kurt-kutuphanesi-icin-konser","status":"publish","type":"post","link":"https:\/\/www.bbyhaber.com\/bby\/2012\/12\/06\/metin-kurt-kutuphanesi-icin-konser","title":{"rendered":"Metin Kurt K\u00fct\u00fcphanesi i\u00e7in konser"},"content":{"rendered":"<p style=\"text-align: justify;\">Tekyumruk taraftar grubu, Artvin\u2019in Bor\u00e7ka il\u00e7esinde Mehmet Akif Ersoy \u0130lk\u00f6\u011fretim Okulu\u2019nda kurulacak Metin Kurt K\u00fct\u00fcphanesine destek amac\u0131yla 7 Aral\u0131k&#8217;ta Eski A\u00e7\u0131k\u2019ta Kesme\u015feker konseri d\u00fczenliyor. 2011 y\u0131l\u0131n\u0131n Ocak ay\u0131nda ba\u015fta Metin Kurt olmak \u00fczere bir\u00e7ok ki\u015finin deste\u011fi ile Hakkari&#8217;nin \u00c7imenli K\u00f6y\u00fc&#8217;nde Metin Oktay K\u00fct\u00fcphanesi kuran grup, \u015fimdi de A\u011fustos 2012\u2019de hayat\u0131n\u0131 kaybeden Metin Kurt\u2019un an\u0131s\u0131n\u0131 ya\u015fatmak i\u00e7in kollar\u0131 s\u0131vad\u0131.<!--more--><\/p>\n<p style=\"text-align: justify;\">Grup, pek \u00e7ok yay\u0131nevinden k\u00fct\u00fcphaneye destek s\u00f6z\u00fc ald\u0131klar\u0131n\u0131 belirtse de halen kitap toplama s\u00fcrecinin devam etti\u011finin de alt\u0131n\u0131 \u00e7iziyor. Bu y\u00fczden de ihtiya\u00e7 ve kitap listesinin tamamlanabilmesi i\u00e7in konsere destek bekliyor.<\/p>\n<p style=\"text-align: justify;\"><strong>Eski A\u00e7\u0131k\u2019ta 7 Aral\u0131k&#8217;ta saat 21:00\u2019de d\u00fczenlenecek konserin bilet fiyat\u0131 20TL. Eski A\u00e7\u0131k \u0130stiklal Caddesi\u2019nde Mis Sokak giri\u015finde bulunan Vak\u0131f G\u00f6k\u00e7ek Han\u2019\u0131n 3. kat\u0131nda.<\/strong><\/p>\n<p style=\"text-align: justify;\">Kaynak: http:\/\/www.ntvmsnbc.com<\/p>\n","protected":false},"excerpt":{"rendered":"<p>Tekyumruk taraftar grubu, Artvin\u2019in Bor\u00e7ka il\u00e7esinde Mehmet Akif Ersoy \u0130lk\u00f6\u011fretim Okulu\u2019nda kurulacak Metin Kurt K\u00fct\u00fcphanesine destek amac\u0131yla 7 Aral\u0131k&#8217;ta Eski A\u00e7\u0131k\u2019ta Kesme\u015feker konseri d\u00fczenliyor. 2011 y\u0131l\u0131n\u0131n Ocak ay\u0131nda ba\u015fta Metin Kurt olmak \u00fczere bir\u00e7ok ki\u015finin deste\u011fi ile Hakkari&#8217;nin \u00c7imenli K\u00f6y\u00fc&#8217;nde Metin Oktay K\u00fct\u00fcphanesi kuran grup, \u015fimdi de A\u011fustos 2012\u2019de hayat\u0131n\u0131 kaybeden Metin Kurt\u2019un an\u0131s\u0131n\u0131 ya\u015fatmak [&hellip;]<\/p>\n","protected":false},"author":1,"featured_media":0,"comment_status":"open","ping_status":"open","sticky":false,"template":"","format":"standard","meta":{"footnotes":""},"categories":[1],"tags":[396],"class_list":["post-8208","post","type-post","status-publish","format-standard","hentry","category-genel","tag-tekyumruk"],"_links":{"self":[{"href":"https:\/\/www.bbyhaber.com\/bby\/wp-json\/wp\/v2\/posts\/8208"}],"collection":[{"href":"https:\/\/www.bbyhaber.com\/bby\/wp-json\/wp\/v2\/posts"}],"about":[{"href":"https:\/\/www.bbyhaber.com\/bby\/wp-json\/wp\/v2\/types\/post"}],"author":[{"embeddable":true,"href":"https:\/\/www.bbyhaber.com\/bby\/wp-json\/wp\/v2\/users\/1"}],"replies":[{"embeddable":true,"href":"https:\/\/www.bbyhaber.com\/bby\/wp-json\/wp\/v2\/comments?post=8208"}],"version-history":[{"count":0,"href":"https:\/\/www.bbyhaber.com\/bby\/wp-json\/wp\/v2\/posts\/8208\/revisions"}],"wp:attachment":[{"href":"https:\/\/www.bbyhaber.com\/bby\/wp-json\/wp\/v2\/media?parent=8208"}],"wp:term":[{"taxonomy":"category","embeddable":true,"href":"https:\/\/www.bbyhaber.com\/bby\/wp-json\/wp\/v2\/categories?post=8208"},{"taxonomy":"post_tag","embeddable":true,"href":"https:\/\/www.bbyhaber.com\/bby\/wp-json\/wp\/v2\/tags?post=8208"}],"curies":[{"name":"wp","href":"https:\/\/api.w.org\/{rel}","templated":true}]}}